{"id":2010,"date":"2021-02-22T22:38:00","date_gmt":"2021-02-22T22:38:00","guid":{"rendered":"http:\/\/cordobadirecto.com\/index.php\/2021\/02\/22\/google-autorizo-anuncios-politicos-que-habia-bloqueado-tras-el-asalto-al-capitolio\/"},"modified":"2021-02-22T22:38:00","modified_gmt":"2021-02-22T22:38:00","slug":"google-autorizo-anuncios-politicos-que-habia-bloqueado-tras-el-asalto-al-capitolio","status":"publish","type":"post","link":"http:\/\/cordobadirecto.com\/index.php\/2021\/02\/22\/google-autorizo-anuncios-politicos-que-habia-bloqueado-tras-el-asalto-al-capitolio\/","title":{"rendered":"Google autoriz\u00f3 anuncios pol\u00edticos que hab\u00eda bloqueado tras el asalto al Capitolio"},"content":{"rendered":"<div class=\"image\" id=\"image\" readability=\"7\"> <img src=\"http:\/\/cordobadirecto.com\/wp-content\/uploads\/2021\/02\/google-autorizo-anuncios-politicos-que-habia-bloqueado-tras-el-asalto-al-capitolio.jpg\" alt=\"Vuelve la publicidad pol\u00edtica a Google\" title=\"Vuelve la publicidad pol\u00edtica a Google\"><\/p>\n<p>Vuelve la publicidad pol\u00edtica a Google<\/p>\n<\/div>\n<p>Google inform\u00f3 que permitir\u00e1 que se publiquen anuncios pol\u00edticos en su plataforma luego de una pausa que comenz\u00f3 tras el violento asalto al Capitolio de Estados Unidos por parte de seguidores del entonces presidente Donald Trump, ocurrido el 6 de enero.<\/p>\n<p>El gigante de internet dijo en un comunicado que eliminar\u00e1 la prohibici\u00f3n desde el mi\u00e9rcoles, una medida que intent\u00f3 cumplir con su pol\u00edtica relativa a &#8220;eventos sensibles&#8221;.<\/p>\n<p>&#8220;Continuaremos asegurando el cumplimiento de nuestra pol\u00edtica sobre la publicidad de forma rigurosa, la cual proh\u00edbe estrictamente informaci\u00f3n que se puede demostrar como falsa y que podr\u00eda minar las elecciones o el proceso democr\u00e1tico&#8221;, expres\u00f3 el texto citado por la agencia AFP.<\/p>\n<p><strong>A partir del mi\u00e9rcoles, los anunciantes en Google podr\u00e1n volver a ejecutar ubicaciones que est\u00e1n dentro del alcance de su pol\u00edtica de anuncios electorales, que incluyen aquellas que mencionan a un funcionario o candidato estatal o federal actual, partido pol\u00edtico o medida electoral.<\/strong><\/p>\n<p><strong>La prohibici\u00f3n fue ordenada el 13 de enero, una semana antes de la investidura de Joe Biden, y bloque\u00f3 avisos publicitarios que buscaban afectar la credibilidad de las elecciones estadounidenses del 3 de noviembre<\/strong>.<\/p>\n<p>Google dijo en su momento que tomaba esa medida contra todos los avisos pol\u00edticos que se refer\u00edan al segundo juicio pol\u00edtico a Trump porque &#8220;podr\u00edan aprovecharse del evento o amplificar informaci\u00f3n enga\u00f1osa&#8221;. <\/p>\n","protected":false},"excerpt":{"rendered":"<p>Vuelve la publicidad pol\u00edtica a Google Google inform\u00f3 que permitir\u00e1 que se publiquen anuncios pol\u00edticos en su plataforma luego de una pausa que comenz\u00f3 tras el violento asalto al Capitolio de Estados Unidos por parte de seguidores del entonces presidente Donald Trump, ocurrido el 6 de enero. El gigante de internet dijo en un comunicado [&hellip;]<\/p>\n","protected":false},"author":1,"featured_media":2011,"comment_status":"closed","ping_status":"closed","sticky":false,"template":"","format":"standard","meta":[],"categories":[24],"tags":[],"_links":{"self":[{"href":"http:\/\/cordobadirecto.com\/index.php\/wp-json\/wp\/v2\/posts\/2010"}],"collection":[{"href":"http:\/\/cordobadirecto.com\/index.php\/wp-json\/wp\/v2\/posts"}],"about":[{"href":"http:\/\/cordobadirecto.com\/index.php\/wp-json\/wp\/v2\/types\/post"}],"author":[{"embeddable":true,"href":"http:\/\/cordobadirecto.com\/index.php\/wp-json\/wp\/v2\/users\/1"}],"replies":[{"embeddable":true,"href":"http:\/\/cordobadirecto.com\/index.php\/wp-json\/wp\/v2\/comments?post=2010"}],"version-history":[{"count":0,"href":"http:\/\/cordobadirecto.com\/index.php\/wp-json\/wp\/v2\/posts\/2010\/revisions"}],"wp:featuredmedia":[{"embeddable":true,"href":"http:\/\/cordobadirecto.com\/index.php\/wp-json\/wp\/v2\/media\/2011"}],"wp:attachment":[{"href":"http:\/\/cordobadirecto.com\/index.php\/wp-json\/wp\/v2\/media?parent=2010"}],"wp:term":[{"taxonomy":"category","embeddable":true,"href":"http:\/\/cordobadirecto.com\/index.php\/wp-json\/wp\/v2\/categories?post=2010"},{"taxonomy":"post_tag","embeddable":true,"href":"http:\/\/cordobadirecto.com\/index.php\/wp-json\/wp\/v2\/tags?post=2010"}],"curies":[{"name":"wp","href":"https:\/\/api.w.org\/{rel}","templated":true}]}}