{"id":20139,"date":"2021-09-24T21:29:18","date_gmt":"2021-09-24T21:29:18","guid":{"rendered":"https:\/\/cordoba.gob.ar\/?p=13728"},"modified":"2021-09-24T21:29:18","modified_gmt":"2021-09-24T21:29:18","slug":"el-palacio-6-de-julio-volvera-a-lucir-su-aspecto-original-y-la-planta-baja-sera-exclusiva-para-la-atencion-al-vecino","status":"publish","type":"post","link":"http:\/\/cordobadirecto.com\/index.php\/2021\/09\/24\/el-palacio-6-de-julio-volvera-a-lucir-su-aspecto-original-y-la-planta-baja-sera-exclusiva-para-la-atencion-al-vecino\/","title":{"rendered":"El Palacio 6 de Julio volver\u00e1 a lucir su aspecto original y la planta baja ser\u00e1 exclusiva para la atenci\u00f3n al vecino"},"content":{"rendered":"<ul>\n<li><strong>Se limpiar\u00e1 los hormigones del interior y exterior de la sede Municipal restableciendo su atractivo caracter\u00edstico de estilo brutalista original.<\/strong><\/li>\n<li><strong>Adem\u00e1s, se liberar\u00e1 la planta baja de todos los locales retirando los cub\u00edculos y oficinas, y se realizar\u00e1n reformas para que dicho espacio sea exclusivo para la atenci\u00f3n al vecino.<\/strong><\/li>\n<li><strong>Frente al Palacio, se sumar\u00e1n luminarias desde el calicanto interno de La Ca\u00f1ada, resaltando la visual de las hist\u00f3ricas tipas.<\/strong><\/li>\n<\/ul>\n<hr>\n<p>La Municipalidad de C\u00f3rdoba remodelar\u00e1 la planta baja del Palacio 6 de Julio, restituyendo su est\u00e9tica original dise\u00f1ada en 1953 y dot\u00e1ndolo de nuevo equipamiento y distribuci\u00f3n de espacios para optimizar la atenci\u00f3n a los vecinos de la ciudad.<\/p>\n<p>En una primera etapa, la intervenci\u00f3n se llevar\u00e1 a cabo en la planta baja y el entrepiso del ala administrativa, donde se alojar\u00e1n y reorganizar\u00e1n las ventanillas de atenci\u00f3n al vecino que anteriormente estaban distribuidas por las distintas \u00e1reas municipales.<\/p>\n<p>Adem\u00e1s, se revalorizar\u00e1 la impronta brutalista del edificio, destacando su estructura de hormig\u00f3n armado. El Palacio 6 de Julio es \u00edcono de dicho estilo arquitect\u00f3nico en el pa\u00eds y desde hace dos a\u00f1os es reconocido como Monumento Hist\u00f3rico Nacional.<\/p>\n<p>A su vez, las obras ser\u00e1n acompa\u00f1adas con la iluminaci\u00f3n de la fachada y el sector de La Ca\u00f1ada comprendido entre Duarte Quir\u00f3s y 27 de Abril, formando un amplio sector iluminado para el esparcimiento junto a la Gran Manzana, la calle Caseros, la plaza de la Intendencia y el Paseo Sobremonte. La inversi\u00f3n alcanza los $172.373.476.<\/p>\n<p><strong>RESTITUCI\u00d3N DE LA OBRA A SU IMPRONTA ORIGINAL<\/strong><\/p>\n<p>Se prev\u00e9 la eliminaci\u00f3n de las capas de pinturas que afectan columnas, vigas, p\u00f3rticos y losas, la remoci\u00f3n de elementos adheridos como tabiques, carteler\u00eda y equipamientos, devolvi\u00e9ndole su est\u00e9tica original de hormig\u00f3n visto.<\/p>\n<p>Se reemplazar\u00e1 el solado existente que se encuentra en mal estado por piezas del mismo color y formato, y restaurar\u00e1n pisos y revestimientos de m\u00e1rmol blanco, madera y cielorrasos.<\/p>\n<p>Al mismo tiempo, se colocar\u00e1n pel\u00edculas que reforzar\u00e1n los vidrios que excedan los dos metros de altura, para mayor seguridad.<\/p>\n<p>En su exterior se incorporar\u00e1n luminarias de RGB tipo ba\u00f1adores y proyectores que resaltar\u00e1n la estructura brutalista de hormig\u00f3n armado de la sede municipal, sus p\u00f3rticos y parasoles.<\/p>\n<p>Sobre el calicanto interno de la Ca\u00f1ada, y frente al Palacio, tambi\u00e9n se sumar\u00e1n nuevas luminarias entre Duarte Quir\u00f3s y 27 de Abril, iluminando desde abajo las caracter\u00edsticas Tipas.<\/p>\n<p><strong>EL INTERIOR<\/strong><\/p>\n<p>En la planta baja se dispondr\u00e1n los espacios como lo pensaron los proyectistas de la obra originalmente: Se establecer\u00e1 la atenci\u00f3n al vecino sobre el sector sur, donde se encuentra el mostrador de m\u00e1rmol hist\u00f3rico del edificio, liberando de oficinas la fachada norte y permitiendo la conexi\u00f3n visual entre el exterior y el interior del edificio a trav\u00e9s de un ventanal de doble altura.<\/p>\n<p>En el ala este, ya se encuentran disponibles terminales de autogesti\u00f3n para que los vecinos puedan imprimir cedulones, pagar impuestos, sacar turnos o realizar tr\u00e1mites menores en la sede municipal.<\/p>\n<p>Tambi\u00e9n habr\u00e1 oficinas en el primer piso del ala administrativa, donde se despejar\u00e1n los cub\u00edculos para brindar un mayor horizonte visual, y se instalar\u00e1 una terraza verde con acceso para los vecinos que est\u00e9n realizando tr\u00e1mites.<\/p>\n<p>Las obras mejorar\u00e1n la atenci\u00f3n con un proceso ordenado y personalizado que representa la continuaci\u00f3n del proceso que lleva adelante el Municipio para modernizar la gesti\u00f3n y la utilizaci\u00f3n de la tecnolog\u00eda para agilizar tr\u00e1mites y ahorrar tiempo a los vecinos.<\/p>\n<p>A su vez, le devolver\u00e1 el valor est\u00e9tico a la planta baja del edificio, la cual se fue dividiendo improvisadamente con el tiempo, deteriorando el valor de sus espacios.<\/p>\n<p>Por otra parte, la planta baja del sector ejecutivo tambi\u00e9n ser\u00e1 liberada de oficinas y se transformar\u00e1 en un espacio de exposiciones.<\/p>\n<p>En una segunda etapa se crear\u00e1 un nuevo ingreso sobre el subsuelo para el personal municipal y funcionarios, dejando el ingreso y egreso existente exclusivo para los vecinos.<\/p>\n<p><strong>SOBRE EL PALACIO<\/strong><\/p>\n<p>Su construcci\u00f3n comenz\u00f3 en el a\u00f1o 1953 por medio de la empresa SEPRA, durante la intendencia de Manuel Mart\u00edn Federico. En aquel entonces comenzaba la tendencia de edificaciones brutalistas, rompiendo con el esquema tradicionalista de la ciudad de C\u00f3rdoba. Fue inaugurado el 6 de julio de 1961.<\/p>\n<p>A fines de 2019 fue declarado Monumento Hist\u00f3rico Nacional por su valor patrimonial.<\/p>\n<p>Todas las obras y reformas fueron avaladas por la Comisi\u00f3n Nacional de Monumentos, de Lugares y de Bienes Hist\u00f3ricos de la Naci\u00f3n.<\/p>\n<p class=\"wpex-roembed wpex-clr\"><a data-flickr-embed=\"true\" href=\"https:\/\/www.flickr.com\/photos\/158498840@N03\/albums\/72157719899444284\" title=\"El Palacio 6 de Julio volver\u00e1 a lucir su aspecto original by Municipalidad de C\u00f3rdoba, on Flickr\"><img loading=\"lazy\" src=\"http:\/\/cordobadirecto.com\/wp-content\/uploads\/2021\/09\/el-palacio-6-de-julio-volvera-a-lucir-su-aspecto-original-y-la-planta-baja-sera-exclusiva-para-la-atencion-al-vecino.jpg\" width=\"800\" height=\"600\" alt=\"El Palacio 6 de Julio volver\u00e1 a lucir su aspecto original y la planta baja ser\u00e1 exclusiva para la atenci\u00f3n al vecino\"><\/a><\/p>\n<hr>\n","protected":false},"excerpt":{"rendered":"<p>Se limpiar\u00e1 los hormigones del interior y exterior de la sede Municipal restableciendo su atractivo caracter\u00edstico de estilo brutalista original. Adem\u00e1s, se liberar\u00e1 la planta baja de todos los locales retirando los cub\u00edculos y oficinas, y se realizar\u00e1n reformas para que dicho espacio sea exclusivo para la atenci\u00f3n al vecino. Frente al Palacio, se sumar\u00e1n [&hellip;]<\/p>\n","protected":false},"author":1,"featured_media":20140,"comment_status":"closed","ping_status":"closed","sticky":false,"template":"","format":"standard","meta":[],"categories":[44],"tags":[],"_links":{"self":[{"href":"http:\/\/cordobadirecto.com\/index.php\/wp-json\/wp\/v2\/posts\/20139"}],"collection":[{"href":"http:\/\/cordobadirecto.com\/index.php\/wp-json\/wp\/v2\/posts"}],"about":[{"href":"http:\/\/cordobadirecto.com\/index.php\/wp-json\/wp\/v2\/types\/post"}],"author":[{"embeddable":true,"href":"http:\/\/cordobadirecto.com\/index.php\/wp-json\/wp\/v2\/users\/1"}],"replies":[{"embeddable":true,"href":"http:\/\/cordobadirecto.com\/index.php\/wp-json\/wp\/v2\/comments?post=20139"}],"version-history":[{"count":0,"href":"http:\/\/cordobadirecto.com\/index.php\/wp-json\/wp\/v2\/posts\/20139\/revisions"}],"wp:featuredmedia":[{"embeddable":true,"href":"http:\/\/cordobadirecto.com\/index.php\/wp-json\/wp\/v2\/media\/20140"}],"wp:attachment":[{"href":"http:\/\/cordobadirecto.com\/index.php\/wp-json\/wp\/v2\/media?parent=20139"}],"wp:term":[{"taxonomy":"category","embeddable":true,"href":"http:\/\/cordobadirecto.com\/index.php\/wp-json\/wp\/v2\/categories?post=20139"},{"taxonomy":"post_tag","embeddable":true,"href":"http:\/\/cordobadirecto.com\/index.php\/wp-json\/wp\/v2\/tags?post=20139"}],"curies":[{"name":"wp","href":"https:\/\/api.w.org\/{rel}","templated":true}]}}