{"id":20141,"date":"2021-09-25T03:00:00","date_gmt":"2021-09-25T03:00:00","guid":{"rendered":"http:\/\/cordobadirecto.com\/index.php\/2021\/09\/25\/avanza-la-creacion-del-ente-municipal-cordoba-aceleradora-corace-la-voz-del-interior\/"},"modified":"2021-09-25T03:00:00","modified_gmt":"2021-09-25T03:00:00","slug":"avanza-la-creacion-del-ente-municipal-cordoba-aceleradora-corace-la-voz-del-interior","status":"publish","type":"post","link":"http:\/\/cordobadirecto.com\/index.php\/2021\/09\/25\/avanza-la-creacion-del-ente-municipal-cordoba-aceleradora-corace-la-voz-del-interior\/","title":{"rendered":"Avanza la creaci\u00f3n del Ente Municipal <b>C\u00f3rdoba<\/b> Aceleradora \u201cCORACE\u201d | La Voz del Interior"},"content":{"rendered":"<p>\u201cCORACE\u201d tendr\u00e1 por objetivo el desarrollo productivo de la ciudad de <b>C\u00f3rdoba<\/b>, a trav\u00e9s de la innovaci\u00f3n, la <b>econom\u00eda<\/b> del conocimiento, <b>econom\u00eda<\/b> creativa y&nbsp;&#8230; <\/p>\n","protected":false},"excerpt":{"rendered":"<p>\u201cCORACE\u201d tendr\u00e1 por objetivo el desarrollo productivo de la ciudad de C\u00f3rdoba, a trav\u00e9s de la innovaci\u00f3n, la econom\u00eda del conocimiento, econom\u00eda creativa y&nbsp;&#8230;<\/p>\n","protected":false},"author":1,"featured_media":0,"comment_status":"closed","ping_status":"closed","sticky":false,"template":"","format":"standard","meta":[],"categories":[40],"tags":[],"_links":{"self":[{"href":"http:\/\/cordobadirecto.com\/index.php\/wp-json\/wp\/v2\/posts\/20141"}],"collection":[{"href":"http:\/\/cordobadirecto.com\/index.php\/wp-json\/wp\/v2\/posts"}],"about":[{"href":"http:\/\/cordobadirecto.com\/index.php\/wp-json\/wp\/v2\/types\/post"}],"author":[{"embeddable":true,"href":"http:\/\/cordobadirecto.com\/index.php\/wp-json\/wp\/v2\/users\/1"}],"replies":[{"embeddable":true,"href":"http:\/\/cordobadirecto.com\/index.php\/wp-json\/wp\/v2\/comments?post=20141"}],"version-history":[{"count":0,"href":"http:\/\/cordobadirecto.com\/index.php\/wp-json\/wp\/v2\/posts\/20141\/revisions"}],"wp:attachment":[{"href":"http:\/\/cordobadirecto.com\/index.php\/wp-json\/wp\/v2\/media?parent=20141"}],"wp:term":[{"taxonomy":"category","embeddable":true,"href":"http:\/\/cordobadirecto.com\/index.php\/wp-json\/wp\/v2\/categories?post=20141"},{"taxonomy":"post_tag","embeddable":true,"href":"http:\/\/cordobadirecto.com\/index.php\/wp-json\/wp\/v2\/tags?post=20141"}],"curies":[{"name":"wp","href":"https:\/\/api.w.org\/{rel}","templated":true}]}}