{"id":20146,"date":"2021-09-24T20:18:00","date_gmt":"2021-09-24T20:18:00","guid":{"rendered":"http:\/\/cordobadirecto.com\/index.php\/2021\/09\/24\/puigdemont-en-libertad-podra-salir-de-italia-pero-tendra-que-volver-dentro-de-10-dias\/"},"modified":"2021-09-24T20:18:00","modified_gmt":"2021-09-24T20:18:00","slug":"puigdemont-en-libertad-podra-salir-de-italia-pero-tendra-que-volver-dentro-de-10-dias","status":"publish","type":"post","link":"http:\/\/cordobadirecto.com\/index.php\/2021\/09\/24\/puigdemont-en-libertad-podra-salir-de-italia-pero-tendra-que-volver-dentro-de-10-dias\/","title":{"rendered":"Puigdemont en libertad: podr\u00e1 salir de Italia, pero tendr\u00e1 que volver dentro de 10 d\u00edas"},"content":{"rendered":"<p> <iframe width=\"560\" height=\"315\" src=\"https:\/\/www.youtube.com\/embed\/Xd9KK3axyiU?wmode=transparent&amp;showinfo=0&amp;autohide=1&amp;rel=0\" frameborder=\"0\" allowfullscreen>[embedded content]<\/iframe> <\/p>\n<p>Pedro S\u00e1nchez promete respetar las decisiones de la justicia de Italia sobre Puigdemont<\/p>\n<p>El l\u00edder independentista catal\u00e1n Carles Puigdemont, arrestado este jueves en Cerde\u00f1a, fue dejado en libertad esta tarde por la justicia local y podr\u00e1 abandonar suelo italiano de inmediato, con la obligaci\u00f3n de retornar el 4 de octubre, fecha de la primera audiencia prevista para decidir sobre su eventual extradici\u00f3n, anunci\u00f3 este viernes su abogado.<\/p>\n<p>As\u00ed lo asegur\u00f3 el abogado Agostinangelo Marras frente al penal de Bancali (Sassari), explicando que no se han aplicado medidas cautelares de ning\u00fan tipo al eurodiputado y por tanto puede circular sin limitaciones, rese\u00f1\u00f3 la agencia de noticias italiana ANSA.<\/p>\n<p>Puigdemont fue detenido este jueves a su llegada a la isla de Cerde\u00f1a en virtud de una orden europea del Tribunal Supremo espa\u00f1ol por un delito de sedici\u00f3n.<\/p>\n<p>La jueza del Tribunal de Apelaci\u00f3n de Sassari, Plinia Azzena, consider\u00f3 que, si bien la detenci\u00f3n de Puigdemont no es &#8220;ilegal&#8221; como planteaba la defensa del independentista, no hay motivos para que quede en prisi\u00f3n, inform\u00f3 la cadena televisiva RaiNEWS24.<\/p>\n<p><strong>Este viernes, la defensa de Puigdemont hab\u00eda considerado &#8220;ilegal&#8221; la detenci\u00f3n del l\u00edder independetista la noche del jueves,<\/strong> cuando las autoridades policiales italianas reaccionaron a una orden de arresto europeo que, seg\u00fan los letrados, ya no era v\u00e1lida.<\/p>\n<p>&#8220;Puigdemont fue v\u00edctima de una detenci\u00f3n policial por una orden fraudulenta en el \u00e1mbito del Derecho comunitario. Es ilegal&#8221;, plante\u00f3 el abogado del independentista, Gonzalo Boye, seg\u00fan reprodujo este viernes el diario italiano Repubblica en su edici\u00f3n online.<\/p>\n<blockquote readability=\"6\">\n<p>&#8220;Puigdemont fue v\u00edctima de una detenci\u00f3n policial por una orden fraudulenta en el \u00e1mbito del Derecho comunitario&#8221;<span class=\"comilla\">\u201d<\/span><\/p>\n<p><span>Gonzalo Boye<\/span><\/p>\n<\/blockquote>\n<p>En tanto, el subsecretario de Asuntos Europeos del Gobierno italiano, Vincenzo Amendola, respondi\u00f3 que el arresto del l\u00edder independentista es una cuesti\u00f3n jur\u00eddica y no pol\u00edtica<\/p>\n<p><strong>&#8220;No es un tema pol\u00edtico bilateral con Espa\u00f1a, es un tema cuya evaluaci\u00f3n corresponde a los jueces&#8221;,<\/strong> dijo Amendola en un programa del canal televisivo SkyTG24.<\/p>\n<p>Agreg\u00f3 que &#8220;se trata de un asunto que se est\u00e1 desarrollando desde hace tiempo, con la suspensi\u00f3n de la inmunidad (de Puigdemont) del Parlamento Europeo, con la sentencia del Tribunal de Luxemburgo de 30 de julio, que cancel\u00f3 la suspensi\u00f3n y otros actos consecuentes&#8221;.<\/p>\n<p><strong>Apenas detenido, Puigdemont fue derivado a la c\u00e1rcel italiana de Bancali, en la ciudad de Sassari.<\/strong><\/p>\n<p>Puigdemont, actualmente eurodiputado, est\u00e1 establecido en Bruselas, B\u00e9lgica, desde 2017 y viaj\u00f3 a Alguer, Cerde\u00f1a, para un festival cultural catal\u00e1n y entrevistarse con las autoridades de la isla, expres\u00f3 el responsable de su oficina, Josep Lluis Alay.<\/p>\n<p>&#8220;Cuando ha llegado al aeropuerto de Alguer, fue retenido por la polic\u00eda fronteriza italiana&#8221;, especific\u00f3 Alay en las redes sociales.<\/p>\n<p>D\u00edas atr\u00e1s, sin embargo, el pol\u00edtico espa\u00f1ol estuvo en Par\u00eds, donde no se activ\u00f3 la orden de detenci\u00f3n que su defensa busc\u00f3 ahora desestimar.<\/p>\n<p>Antes de conocerse la noticia de la liberaci\u00f3n, el presidente espa\u00f1ol, <strong>Pedro S\u00e1nchez, hab\u00eda asegurado que acatar\u00e1 las decisiones que los tribunales italianos<\/strong> adopten <strong>sobre la situaci\u00f3n del expresidente del Gobierno de Catalu\u00f1a y actual eurodiputado, Carles Puigdemont<\/strong>, quien fue detenido el jueves en la isla de Cerde\u00f1a.<\/p>\n<p>&#8220;En primer lugar respeto a los procedimientos judiciales que se abran en Espa\u00f1a o en Europa, (&#8230;) y tambi\u00e9n respeto y acatamiento a las decisiones judiciales que se puedan tomar en Italia&#8221;, dijo S\u00e1nchez en La Palma, donde se encuentra para atender la emergencia por la erupci\u00f3n volc\u00e1nica que afecta a la isla desde el pasado domingo.<\/p>\n<p>Despu\u00e9s de esa aclaraci\u00f3n, defendi\u00f3 que &#8220;<strong>Carles Puigdemont tiene que comparecer y someterse ante la justicia tras una huida que dura ya cuatro a\u00f1os<\/strong>, desde que abandonara Espa\u00f1a en 2017&#8243; tras el referendo de autodeterminaci\u00f3n unilateral convocado por su Gobierno, inform\u00f3 el portal ruso Sputnik.<\/p>\n<blockquote readability=\"6\">\n<p>&#8220;Respeto los procedimientos judiciales que se abran en Espa\u00f1a y tambi\u00e9n las decisiones judiciales que se puedan tomar en Italia&#8221;<span class=\"comilla\">\u201d<\/span><\/p>\n<p><span>Pedro S\u00e1nchez<\/span><\/p>\n<\/blockquote>\n<p><strong>S\u00e1nchez record\u00f3 que entonces hab\u00eda otro Gobierno al frente de Espa\u00f1a<\/strong>, pero destac\u00f3 que desde su llegada a La Moncloa en 2018 <strong>siempre defendi\u00f3 la independencia de los jueces a la hora de afrontar las causas abiertas contra los l\u00edderes independentistas<\/strong>.<\/p>\n<p>No obstante, en el plano pol\u00edtico, <strong>S\u00e1nchez volvi\u00f3 a defender la necesidad de mantener abiertas las v\u00edas de di\u00e1logo con el Gobierno de Catalu\u00f1a<\/strong> para buscar salidas al conflicto.<\/p>\n<p>El mandatario subray\u00f3 asimismo la necesidad de &#8220;reivindicar el di\u00e1logo, porque es la \u00fanica v\u00eda para reencontrarse entre los catalanes que piensan de distinta manera, pero tambi\u00e9n entre los catalanes y el resto de compatriotas que vivimos en otras partes de Espa\u00f1a&#8221;.<\/p>\n<div class=\"image\" id=\"image\" readability=\"9\"> <img src=\"http:\/\/cordobadirecto.com\/wp-content\/uploads\/2021\/09\/puigdemont-en-libertad-podra-salir-de-italia-pero-tendra-que-volver-dentro-de-10-dias.jpg\" alt=\"&quot;Respeto los procedimientos judiciales que se abran en Espa\u00f1a o en Europa&quot;, dijo le presidente Pedro S\u00e1nchez.\" title=\"&quot;Respeto los procedimientos judiciales que se abran en Espa\u00f1a o en Europa&quot;, dijo le presidente Pedro S\u00e1nchez.\"><\/p>\n<p>&#8220;Respeto los procedimientos judiciales que se abran en Espa\u00f1a o en Europa&#8221;, dijo le presidente Pedro S\u00e1nchez.<\/p>\n<\/div>\n<p>S\u00e1nchez dijo que busca trasladar un mensaje &#8220;de compromiso y de reivindicaci\u00f3n, hoy si cabe m\u00e1s a\u00fan, del di\u00e1logo entre las distintas administraciones para que los catalanes puedan superar el trauma que represent\u00f3 el a\u00f1o 2017&#8221;.<\/p>\n<p><strong>El arresto en Cerde\u00f1a de Puigdemont se produjo en virtud de una euroorden dictada por el Tribunal Supremo en 2019<\/strong>, tras la condena por delitos de sedici\u00f3n, malversaci\u00f3n y desobediencia a los responsables del referendo de 2017 que no huyeron de Espa\u00f1a.<\/p>\n<p><strong>&#8220;Siempre hemos pensado que (la detenci\u00f3n) pod\u00eda pasar, pero sab\u00edamos tambi\u00e9n como puede acabar, porque la decisi\u00f3n del Tribunal General de la Uni\u00f3n Europea (TGUE) es clar\u00edsima, y hoy se ha visto. Espa\u00f1a nunca pierde la oportunidad de hacer el rid\u00edculo&#8221;,<\/strong> sostuvo Puigdemont poco despu\u00e9s de salir de la c\u00e1rcel, rodeado de una multitud que coreaba &#8220;independencia&#8221;.<\/p>\n<p>La detenci\u00f3n y posterior liberaci\u00f3n en Italia, llega despu\u00e9s de que el TGUE retirara la inmunidad de Puigdemont como eurodiputado en un fallo emitido el pasado 30 de julio, una decisi\u00f3n tomada sobre la base de que el l\u00edder independentista no puede ser arrestado en estos momentos por su situaci\u00f3n procesal.<\/p>\n<blockquote readability=\"6\">\n<p>&#8220;El di\u00e1logo es la \u00fanica v\u00eda para reencontrarse entre los catalanes que piensan de distinta manera y entre los catalanes y el resto de compatriotas que vivimos en otras partes de Espa\u00f1a&#8221;<span class=\"comilla\">\u201d<\/span><\/p>\n<p><span>Pedro S\u00e1nchez<\/span><\/p>\n<\/blockquote>\n<p>Seg\u00fan esa decisi\u00f3n, la euroorden en su contra no se puede ejecutar hasta que la justicia europea resuelva la cuesti\u00f3n prejudicial que el Tribunal Supremo plante\u00f3 sobre los procedimientos de extradici\u00f3n de los l\u00edderes independentistas despu\u00e9s de que B\u00e9lgica rechazara la entrega a Espa\u00f1a de un antiguo integrante del Gobierno de Puigdemont.<\/p>\n<p>En base a la decisi\u00f3n del TGUE, la defensa de Puigdemont afirm\u00f3 que su detenci\u00f3n es ilegal porque la euroorden se encuentra paralizada por &#8220;imperativo legal&#8221;, mientras que el Gobierno de Espa\u00f1a enmarc\u00f3 su arresto como una parte m\u00e1s de &#8220;un procedimiento judicial en curso&#8221;.<\/p>\n<p>Fuentes del Alto Tribunal espa\u00f1ol se\u00f1alaron al diario P\u00fablico que la Justicia espa\u00f1ola reclamar\u00e1 la entrega de Puigdemont y que su detenci\u00f3n por las autoridades italianas se ha efectuado &#8220;correctamente&#8221;.<\/p>\n<p><strong>&#8220;Ha sido un acto pol\u00edtico&#8221;, lament\u00f3, por su parte, el alcalde de Alguer,<\/strong> Mario Conici, quien invit\u00f3 a Puigdemont a participar en un festival cultural en esta ciudad con una fuerte impronta catalana por haber pertenecido a la Corona de Arag\u00f3n.<\/p>\n<div class=\"js-code\" readability=\"5.9633027522936\">\n<blockquote class=\"twitter-tweet\" readability=\"5.5045871559633\">\n<p lang=\"es\" dir=\"ltr\">La detenci\u00f3n de Carles Puigdemont es incomprensible. Se basa en una orden de detenci\u00f3n judicial suspendida por el TJUE. A mi me parece que eso es una detenci\u00f3n ilegal.<\/p>\n<p>\u2014 Jaume Asens (@Jaumeasens) <a href=\"https:\/\/twitter.com\/Jaumeasens\/status\/1441152041758314505?ref_src=twsrc%5Etfw\">September 23, 2021<\/a><\/p><\/blockquote><\/div>\n<p>Una opini\u00f3n rechazada por el subsecretario de Asuntos Europeos del Gobierno italiano, Vincenzo Amendola, quien consider\u00f3 que el arresto del l\u00edder independentista es una cuesti\u00f3n jur\u00eddica.<\/p>\n<p>No obstante, el presidente del gobierno independentista catal\u00e1n, Pere Aragon\u00e8s, conden\u00f3 el arresto de su predecesor y critic\u00f3 al Gobierno: &#8220;La detenci\u00f3n de Puigdemont visualiza que el Estado espa\u00f1ol no ha actuado de buena fe ante la Justicia europea y es evidente que no ayuda a una resoluci\u00f3n del conflicto&#8221;, dijo en una conferencia de prensa en Barcelona.<\/p>\n<p><strong>Es la tercera vez que Puigdemont es detenido desde que huy\u00f3 de Espa\u00f1a<\/strong>, la primera en Bruselas, a su llegada, y la segunda en Alemania, en marzo de 2018, donde los tribunales tardaron casi cuatro meses en devolverle la libertad.<\/p>\n<p>&#8220;Creo que en el caso italiano va a ser bastante m\u00e1s r\u00e1pido que en el alem\u00e1n, nosotros tenemos tres a\u00f1os de recorrido&#8221;, pronostic\u00f3 su abogado Gonzalo Boye, que anunci\u00f3 que solicitar\u00e1n medidas cautelares a la justicia europea.<\/p>\n","protected":false},"excerpt":{"rendered":"<p>[embedded content] Pedro S\u00e1nchez promete respetar las decisiones de la justicia de Italia sobre Puigdemont El l\u00edder independentista catal\u00e1n Carles Puigdemont, arrestado este jueves en Cerde\u00f1a, fue dejado en libertad esta tarde por la justicia local y podr\u00e1 abandonar suelo italiano de inmediato, con la obligaci\u00f3n de retornar el 4 de octubre, fecha de la [&hellip;]<\/p>\n","protected":false},"author":1,"featured_media":20147,"comment_status":"closed","ping_status":"closed","sticky":false,"template":"","format":"standard","meta":[],"categories":[24],"tags":[],"_links":{"self":[{"href":"http:\/\/cordobadirecto.com\/index.php\/wp-json\/wp\/v2\/posts\/20146"}],"collection":[{"href":"http:\/\/cordobadirecto.com\/index.php\/wp-json\/wp\/v2\/posts"}],"about":[{"href":"http:\/\/cordobadirecto.com\/index.php\/wp-json\/wp\/v2\/types\/post"}],"author":[{"embeddable":true,"href":"http:\/\/cordobadirecto.com\/index.php\/wp-json\/wp\/v2\/users\/1"}],"replies":[{"embeddable":true,"href":"http:\/\/cordobadirecto.com\/index.php\/wp-json\/wp\/v2\/comments?post=20146"}],"version-history":[{"count":0,"href":"http:\/\/cordobadirecto.com\/index.php\/wp-json\/wp\/v2\/posts\/20146\/revisions"}],"wp:featuredmedia":[{"embeddable":true,"href":"http:\/\/cordobadirecto.com\/index.php\/wp-json\/wp\/v2\/media\/20147"}],"wp:attachment":[{"href":"http:\/\/cordobadirecto.com\/index.php\/wp-json\/wp\/v2\/media?parent=20146"}],"wp:term":[{"taxonomy":"category","embeddable":true,"href":"http:\/\/cordobadirecto.com\/index.php\/wp-json\/wp\/v2\/categories?post=20146"},{"taxonomy":"post_tag","embeddable":true,"href":"http:\/\/cordobadirecto.com\/index.php\/wp-json\/wp\/v2\/tags?post=20146"}],"curies":[{"name":"wp","href":"https:\/\/api.w.org\/{rel}","templated":true}]}}