{"id":20155,"date":"2021-09-24T21:04:23","date_gmt":"2021-09-24T21:04:23","guid":{"rendered":"https:\/\/www.cordoba.gob.ar\/?p=13722"},"modified":"2021-09-24T21:04:23","modified_gmt":"2021-09-24T21:04:23","slug":"funcionarias-municipales-se-capacitan-en-politicas-publicas-con-perspectiva-de-genero","status":"publish","type":"post","link":"http:\/\/cordobadirecto.com\/index.php\/2021\/09\/24\/funcionarias-municipales-se-capacitan-en-politicas-publicas-con-perspectiva-de-genero\/","title":{"rendered":"Funcionarias Municipales se capacitan en pol\u00edticas p\u00fablicas con Perspectiva de G\u00e9nero"},"content":{"rendered":"<div><img src=\"http:\/\/cordobadirecto.com\/wp-content\/uploads\/2021\/09\/funcionarias-municipales-se-capacitan-en-politicas-publicas-con-perspectiva-de-genero.jpg\" class=\"ff-og-image-inserted\"><\/div>\n<ul>\n<li><strong>El intendente Mart\u00edn Llaryora cerr\u00f3 la jornada \u201cG\u00e9nero y Pol\u00edticas P\u00fablicas Municipales \u2013 Presupuesto con Perspectiva de G\u00e9nero\u201d.<\/strong><\/li>\n<\/ul>\n<hr>\n<p>M\u00e1s de 130 funcionarias participaron de una nueva jornada de capacitaci\u00f3n enmarcada en el proceso de institucionalizaci\u00f3n de la perspectiva de g\u00e9nero en todos los niveles de gobierno de la Municipalidad de C\u00f3rdoba.<\/p>\n<p>El encuentro, organizado por la Direcci\u00f3n de G\u00e9nero municipal, cont\u00f3 con la participaci\u00f3n de especialistas que disertaron en el marco de la jornada denominada \u201cG\u00e9nero y Pol\u00edticas P\u00fablicas Municipales \u2013 Presupuesto con Perspectiva de G\u00e9nero\u201d.<\/p>\n<p><em>\u201cHemos construido un gobierno que quiere llevar a C\u00f3rdoba a otra dimensi\u00f3n de ciudad, entre las capitales m\u00e1s modernas del mundo. Una ciudad no se puede construir d\u00e1ndole m\u00e1s oportunidades a los hombres que a las mujeres\u201d<\/em>, se\u00f1al\u00f3 Llaryora durante su disertaci\u00f3n.<\/p>\n<p>El intendente reafirm\u00f3 el rol de las mujeres en la gesti\u00f3n municipal al afirmar que <em>\u201clo importante es que nuestro presupuesto y acciones empiecen a entender cada d\u00eda m\u00e1s qu\u00e9 complemento debemos hacer para que las mujeres puedan tener las condiciones para igualar la posibilidad de ejercer sus derechos\u201d.<\/em><\/p>\n<p>Durante el proceso de construcci\u00f3n del pensamiento econ\u00f3mico en todas sus vertientes te\u00f3ricas, el concepto de g\u00e9nero ha sido pr\u00e1cticamente ignorado. En muchos a\u00f1os, no se avanz\u00f3 en establecer las necesarias relaciones entre el papel naturalizado de las mujeres y su aporte a las econom\u00edas nacionales y a la creaci\u00f3n de riquezas en general.<\/p>\n<p>El an\u00e1lisis econ\u00f3mico usualmente se realiza al margen de las caracter\u00edsticas socioculturales e hist\u00f3ricas que determinan c\u00f3mo los varones y las mujeres interact\u00faan y realizan sus funciones en las unidades familiares, las unidades de producci\u00f3n, la comunidad o el Estado de que se trate, es decir, sin tener en cuenta el g\u00e9nero.<\/p>\n<p><em>\u201cTener una Municipalidad que entienda la importancia de generar pol\u00edticas de G\u00e9nero implic\u00f3 crear como punto de partida una Direcci\u00f3n espec\u00edfica de G\u00e9nero. Pero no alcanza s\u00f3lo con eso. Todo lo que la pol\u00edtica p\u00fablica dise\u00f1a, si tiene visi\u00f3n de g\u00e9nero, va a hacer que la ciudad sea m\u00e1s inclusiva, que mire a los g\u00e9neros, para poner al estado a disposici\u00f3n de la igualdad y la conquista de derechos\u201d<\/em>, destac\u00f3 por su parte el secretario de Gobierno, Miguel Siciliano.<\/p>\n<p>En el mismo sentido, la directora de G\u00e9nero de la Municipalidad de C\u00f3rdoba, M\u00f3nica Ferreyra, expres\u00f3: <em>\u201cEs un orgullo estar hoy en esta Direcci\u00f3n de G\u00e9nero pionera, que se cre\u00f3 planteando la necesidad de dise\u00f1ar pol\u00edticas p\u00fablicas con perspectiva de g\u00e9nero, llevando adelante distintos programas como el de Capacitaci\u00f3n Permanente Municipal con Ley Micaela y prevenci\u00f3n de las violencias, para todas las \u00e1reas de la Municipalidad pero tambi\u00e9n para instituciones y organizaciones sociales educativas, deportivas y barriales\u201d.<\/em><\/p>\n","protected":false},"excerpt":{"rendered":"<p>El intendente Mart\u00edn Llaryora cerr\u00f3 la jornada \u201cG\u00e9nero y Pol\u00edticas P\u00fablicas Municipales \u2013 Presupuesto con Perspectiva de G\u00e9nero\u201d. M\u00e1s de 130 funcionarias participaron de una nueva jornada de capacitaci\u00f3n enmarcada en el proceso de institucionalizaci\u00f3n de la perspectiva de g\u00e9nero en todos los niveles de gobierno de la Municipalidad de C\u00f3rdoba. El encuentro, organizado por [&hellip;]<\/p>\n","protected":false},"author":1,"featured_media":20156,"comment_status":"closed","ping_status":"closed","sticky":false,"template":"","format":"standard","meta":[],"categories":[44],"tags":[],"_links":{"self":[{"href":"http:\/\/cordobadirecto.com\/index.php\/wp-json\/wp\/v2\/posts\/20155"}],"collection":[{"href":"http:\/\/cordobadirecto.com\/index.php\/wp-json\/wp\/v2\/posts"}],"about":[{"href":"http:\/\/cordobadirecto.com\/index.php\/wp-json\/wp\/v2\/types\/post"}],"author":[{"embeddable":true,"href":"http:\/\/cordobadirecto.com\/index.php\/wp-json\/wp\/v2\/users\/1"}],"replies":[{"embeddable":true,"href":"http:\/\/cordobadirecto.com\/index.php\/wp-json\/wp\/v2\/comments?post=20155"}],"version-history":[{"count":0,"href":"http:\/\/cordobadirecto.com\/index.php\/wp-json\/wp\/v2\/posts\/20155\/revisions"}],"wp:featuredmedia":[{"embeddable":true,"href":"http:\/\/cordobadirecto.com\/index.php\/wp-json\/wp\/v2\/media\/20156"}],"wp:attachment":[{"href":"http:\/\/cordobadirecto.com\/index.php\/wp-json\/wp\/v2\/media?parent=20155"}],"wp:term":[{"taxonomy":"category","embeddable":true,"href":"http:\/\/cordobadirecto.com\/index.php\/wp-json\/wp\/v2\/categories?post=20155"},{"taxonomy":"post_tag","embeddable":true,"href":"http:\/\/cordobadirecto.com\/index.php\/wp-json\/wp\/v2\/tags?post=20155"}],"curies":[{"name":"wp","href":"https:\/\/api.w.org\/{rel}","templated":true}]}}