{"id":20183,"date":"2021-09-25T09:18:56","date_gmt":"2021-09-25T09:18:56","guid":{"rendered":"https:\/\/www.bbc.com\/mundo\/noticias-58606750"},"modified":"2021-09-25T09:18:56","modified_gmt":"2021-09-25T09:18:56","slug":"la-extraordinaria-historia-de-los-cientificos-enviados-por-los-nazis-al-himalaya-en-busca-de-la-raza-aria","status":"publish","type":"post","link":"http:\/\/cordobadirecto.com\/index.php\/2021\/09\/25\/la-extraordinaria-historia-de-los-cientificos-enviados-por-los-nazis-al-himalaya-en-busca-de-la-raza-aria\/","title":{"rendered":"La extraordinaria historia de los cient\u00edficos enviados por los nazis al Himalaya en busca de la raza aria"},"content":{"rendered":"<div dir=\"ltr\" class=\"e1j2237y5 bbc-q4ibpr e57qer20\">\n<div class=\"bbc-1atl7vu e1c9i7u14\">\n<ul role=\"list\" class=\"bbc-cdrraw e1c9i7u12\">\n<li role=\"listitem\" class=\"bbc-1a3w4ok e1c9i7u11\">Redacci\u00f3n <\/li>\n<li role=\"listitem\" class=\"bbc-1p92jtu e1c9i7u10\">BBC News Mundo<\/li>\n<\/ul>\n<\/div>\n<\/div>\n<p><time datetime=\"2021-09-25\" class=\"bbc-14xtggo e4zesg50\">25 septiembre 2021<\/time><\/p>\n<div dir=\"ltr\" class=\"bbc-1ka88fa e57qer20\">\n<figure class=\"bbc-1qdcvv9 e6bmn90\">\n<div dir=\"ltr\" class=\"bbc-172p16q e57qer20\">\n<div dir=\"ltr\" class=\"bbc-189y18v e57qer20\" readability=\"6.5\">\n<div data-e2e=\"image-placeholder\" class=\"bbc-997y1y e1whu0\" readability=\"8\"><img loading=\"lazy\" srcset=\"http:\/\/cordobadirecto.com\/wp-content\/uploads\/2021\/09\/la-extraordinaria-historia-de-los-cientificos-enviados-por-los-nazis-al-himalaya-en-busca-de-la-raza-aria-5.jpg 240w, http:\/\/cordobadirecto.com\/wp-content\/uploads\/2021\/09\/la-extraordinaria-historia-de-los-cientificos-enviados-por-los-nazis-al-himalaya-en-busca-de-la-raza-aria-6.jpg 320w, http:\/\/cordobadirecto.com\/wp-content\/uploads\/2021\/09\/la-extraordinaria-historia-de-los-cientificos-enviados-por-los-nazis-al-himalaya-en-busca-de-la-raza-aria-7.jpg 480w, http:\/\/cordobadirecto.com\/wp-content\/uploads\/2021\/09\/la-extraordinaria-historia-de-los-cientificos-enviados-por-los-nazis-al-himalaya-en-busca-de-la-raza-aria-8.jpg 624w, http:\/\/cordobadirecto.com\/wp-content\/uploads\/2021\/09\/la-extraordinaria-historia-de-los-cientificos-enviados-por-los-nazis-al-himalaya-en-busca-de-la-raza-aria-9.jpg 800w\" alt=\"chaefer, Ernst *1912-1992+Zo\u00f3logo, Jefe de la SS-Tibet-expedici\u00f3n, 'SS-Cient\u00edfico' nombrado Sturmf\u00fchrer honorario en 1934.- con tibetanos en un banquete en Lhasa, 1939.en el centro E.Schaefer, a su lado (l) Tsarong Dzasa, 2\u00ba desde la izquierda Bruno Beger, 4\u00ba desde la izquierda Edmund Geer (ambos antrop\u00f3logos), a la derecha Karl Wienert junto al M\u00f6ndro tibetano.\" src=\"http:\/\/cordobadirecto.com\/wp-content\/uploads\/2021\/09\/la-extraordinaria-historia-de-los-cientificos-enviados-por-los-nazis-al-himalaya-en-busca-de-la-raza-aria.jpg\" sizes=\"(min-width: 1008px) 645px, 100vw\" width=\"976\" height=\"700\" class=\"eehpdyc0 bbc-100dhyn e1enwo3v0\"><\/p>\n<p role=\"text\" class=\"bbc-1s1cxbv etq3yw90\"><span class=\"bbc-1gnhmg2 e1yt7oin0\">Fuente de la imagen, <\/span><span lang=\"en-GB\">ullstein bild Dtl\/Getty Images<\/span><\/p>\n<\/div>\n<\/div>\n<div dir=\"ltr\" class=\"bbc-3edg7g e57qer20\" readability=\"8\"><figcaption dir=\"ltr\" class=\"bbc-1t9zlwf eede9f50\" readability=\"6\"><span class=\"bbc-1gnhmg2 e1yt7oin0\">Pie de foto, <\/span><\/p>\n<p>Bruno Beger, segundo a la izquierda, y otros en una reuni\u00f3n en Lhasa, T\u00edbet, en 1939<\/p>\n<\/figcaption><\/div>\n<\/div>\n<\/figure>\n<\/div>\n<div dir=\"ltr\" class=\"bbc-19j92fr e57qer20\" readability=\"10\">\n<p dir=\"ltr\" class=\"bbc-bm53ic e1cc2ql70\"><i class=\"bbc-h1y5j7 ewc4zcb0\"><b>Un<\/b><\/i><i class=\"bbc-h1y5j7 ewc4zcb0\"><b> equipo de cinco investigadores fue enviado en 1938 por Heinrich Himmler, miembro destacado del partido nazi alem\u00e1n y arquitecto clave del Holocausto. El autor Vaibhav Purandare relata la fascinante historia de esta expedici\u00f3n que pas\u00f3 por la India.<\/b><\/i><\/p>\n<\/div>\n<div dir=\"ltr\" class=\"bbc-19j92fr e57qer20\" readability=\"9\">\n<p dir=\"ltr\" class=\"bbc-bm53ic e1cc2ql70\">Poco m\u00e1s de un a\u00f1o antes de que comenzara la Segunda Guerra Mundial, un grupo de alemanes desembarc\u00f3 <b>secretamente <\/b>en las fronteras orientales de la India.<\/p>\n<\/div>\n<div dir=\"ltr\" class=\"bbc-19j92fr e57qer20\" readability=\"7\">\n<p dir=\"ltr\" class=\"bbc-bm53ic e1cc2ql70\">Su misi\u00f3n era descubrir la &#8220;fuente de origen de la <b>raza aria<\/b>&#8220;.<\/p>\n<\/div>\n<div dir=\"ltr\" class=\"bbc-19j92fr e57qer20\" readability=\"11\">\n<p dir=\"ltr\" class=\"bbc-bm53ic e1cc2ql70\">Adolf Hitler cre\u00eda que los n\u00f3rdicos &#8220;arios&#8221; hab\u00edan entrado en la India desde el norte unos <b>1.500 a\u00f1os<\/b> antes y que hab\u00edan cometido el &#8220;crimen&#8221; de mezclarse con los pueblos locales &#8220;no arios&#8221;, perdiendo los atributos que los &#8220;hab\u00edan hecho racialmente superiores&#8221; a todos los dem\u00e1s pueblos de la tierra.<\/p>\n<\/div>\n<div dir=\"ltr\" class=\"bbc-19j92fr e57qer20\" readability=\"10\">\n<p dir=\"ltr\" class=\"bbc-bm53ic e1cc2ql70\">Hitler expresaba regularmente una profunda <b>antipat\u00eda por el pueblo indio<\/b> y su lucha por la libertad, articulando sus sentimientos en sus discursos, escritos y debates.<\/p>\n<\/div>\n<div dir=\"ltr\" class=\"bbc-19j92fr e57qer20\" readability=\"11\">\n<p dir=\"ltr\" class=\"bbc-bm53ic e1cc2ql70\">Sin embargo, <b>Himmler<\/b>, un cercano colaborador del l\u00edder nazi, estaba convencido de que el subcontinente indio merec\u00eda una mirada atenta.<\/p>\n<\/div>\n<div dir=\"ltr\" class=\"bbc-19j92fr e57qer20\" readability=\"11\">\n<p dir=\"ltr\" class=\"bbc-bm53ic e1cc2ql70\">Los que segu\u00edan la idea de una raza superior n\u00f3rdica blanca, cre\u00edan en el cuento de la imaginaria ciudad perdida de la <b>Atl\u00e1ntida<\/b>, donde aparentemente hab\u00edan vivido personas de &#8220;la sangre m\u00e1s pura&#8221;.<\/p>\n<\/div>\n<div dir=\"ltr\" class=\"bbc-19j92fr e57qer20\" readability=\"17\">\n<p dir=\"ltr\" class=\"bbc-bm53ic e1cc2ql70\">La m\u00edtica isla, que se cre\u00eda situada en alg\u00fan lugar entre <b>Inglaterra y Portugal en el Oc\u00e9ano Atl\u00e1ntico<\/b>, se hundi\u00f3, supuestamente, tras ser golpeada por un rayo divino. Todos los arios que sobrevivieron se habr\u00edan trasladado a lugares m\u00e1s seguros, entre ellos la regi\u00f3n del <b>Himalaya<\/b>, espec\u00edficamente en el T\u00edbet, que era famoso por ser &#8220;el techo del mundo&#8221;.<\/p>\n<\/div>\n<div dir=\"ltr\" class=\"bbc-1ka88fa e57qer20\">\n<figure class=\"bbc-1qdcvv9 e6bmn90\">\n<div dir=\"ltr\" class=\"bbc-172p16q e57qer20\">\n<div dir=\"ltr\" class=\"bbc-189y18v e57qer20\" readability=\"6.5\">\n<div data-e2e=\"image-placeholder\" class=\"bbc-997y1y e1whu0\" readability=\"8\"><noscript><img loading=\"lazy\" srcset=\"http:\/\/cordobadirecto.com\/wp-content\/uploads\/2021\/09\/la-extraordinaria-historia-de-los-cientificos-enviados-por-los-nazis-al-himalaya-en-busca-de-la-raza-aria-10.jpg 240w, http:\/\/cordobadirecto.com\/wp-content\/uploads\/2021\/09\/la-extraordinaria-historia-de-los-cientificos-enviados-por-los-nazis-al-himalaya-en-busca-de-la-raza-aria-11.jpg 320w, http:\/\/cordobadirecto.com\/wp-content\/uploads\/2021\/09\/la-extraordinaria-historia-de-los-cientificos-enviados-por-los-nazis-al-himalaya-en-busca-de-la-raza-aria-12.jpg 480w, http:\/\/cordobadirecto.com\/wp-content\/uploads\/2021\/09\/la-extraordinaria-historia-de-los-cientificos-enviados-por-los-nazis-al-himalaya-en-busca-de-la-raza-aria-13.jpg 624w, http:\/\/cordobadirecto.com\/wp-content\/uploads\/2021\/09\/la-extraordinaria-historia-de-los-cientificos-enviados-por-los-nazis-al-himalaya-en-busca-de-la-raza-aria-14.jpg 800w\" alt=\"El dictador alem\u00e1n Adolf Hitler y el l\u00edder nazi y jefe de la polic\u00eda alemana Heinrich Himmler (izquierda) observando las maniobras de las tropas de asalto.\" src=\"http:\/\/cordobadirecto.com\/wp-content\/uploads\/2021\/09\/la-extraordinaria-historia-de-los-cientificos-enviados-por-los-nazis-al-himalaya-en-busca-de-la-raza-aria-1.jpg\" sizes=\"(min-width: 1008px) 645px, 100vw\" width=\"976\" height=\"600\" class=\"eehpdyc0 bbc-100dhyn e1enwo3v0\"><\/noscript><\/p>\n<p role=\"text\" class=\"bbc-1s1cxbv etq3yw90\"><span class=\"bbc-1gnhmg2 e1yt7oin0\">Fuente de la imagen, <\/span><span lang=\"en-GB\">Keystone\/Getty Images<\/span><\/p>\n<\/div>\n<\/div>\n<div dir=\"ltr\" class=\"bbc-3edg7g e57qer20\" readability=\"8\"><figcaption dir=\"ltr\" class=\"bbc-1t9zlwf eede9f50\" readability=\"6\"><span class=\"bbc-1gnhmg2 e1yt7oin0\">Pie de foto, <\/span><\/p>\n<p>Adolf Hitler, a la derecha, y el jefe de polic\u00eda nazi Heinrich Himmler, ambos creyentes del mito ario<\/p>\n<\/figcaption><\/div>\n<\/div>\n<\/figure>\n<\/div>\n<div dir=\"ltr\" class=\"bbc-19j92fr e57qer20\" readability=\"10\">\n<p dir=\"ltr\" class=\"bbc-bm53ic e1cc2ql70\">El inter\u00e9s era tan grande que en 1935 Himmler cre\u00f3 la<b> Oficina de la Herencia Ancestral,<\/b> una unidad dentro de las SS para averiguar a d\u00f3nde hab\u00edan ido los habitantes de la Atl\u00e1ntida despu\u00e9s del diluvio y d\u00f3nde quedaban a\u00fan rastros de la gran raza.<\/p>\n<\/div>\n<div dir=\"ltr\" class=\"bbc-19j92fr e57qer20\" readability=\"8\">\n<p dir=\"ltr\" class=\"bbc-bm53ic e1cc2ql70\">Tres a\u00f1os despu\u00e9s envi\u00f3 al equipo de cinco alemanes al T\u00edbet para concretar esa &#8220;operaci\u00f3n de b\u00fasqueda&#8221;.<\/p>\n<\/div>\n<div dir=\"ltr\" class=\"bbc-19j92fr e57qer20\" readability=\"9\">\n<p dir=\"ltr\" class=\"bbc-bm53ic e1cc2ql70\">Dos de los miembros del equipo destacaban sobre el resto. Uno de ellos era <b>Ernst Schafer<\/b>, un talentoso zo\u00f3logo de 28 a\u00f1os que hab\u00eda estado dos veces antes en la frontera India-China-T\u00edbet. <\/p>\n<\/div>\n<div dir=\"ltr\" class=\"bbc-19j92fr e57qer20\" readability=\"9\">\n<p dir=\"ltr\" class=\"bbc-bm53ic e1cc2ql70\">Schafer se hab\u00eda unido a las SS poco despu\u00e9s del triunfo nazi de 1933 y mucho antes de que Himmler se convirtiera en su patrocinador para la expedici\u00f3n al T\u00edbet. \u00c9l estaba <b>loco por la caza <\/b>y le encantaba reunir trofeos en su vivienda de Berl\u00edn. <\/p>\n<\/div>\n<div dir=\"ltr\" class=\"bbc-19j92fr e57qer20\" readability=\"11\">\n<p dir=\"ltr\" class=\"bbc-bm53ic e1cc2ql70\">La afici\u00f3n por esta actividad termin\u00f3 arrebat\u00e1ndole a su esposa. En una de sus expediciones, mientras intentaba disparar a un pato desde un bote en el que se encontraban \u00e9l y su esposa, se resbal\u00f3 al apuntar y dispar\u00f3 accidentalmente a la mujer en la cabeza mat\u00e1ndola.<\/p>\n<\/div>\n<div dir=\"ltr\" class=\"bbc-19j92fr e57qer20\" readability=\"15\">\n<p dir=\"ltr\" class=\"bbc-bm53ic e1cc2ql70\">El segundo hombre clave fue <b>Bruno Beger<\/b>, un joven antrop\u00f3logo que se hab\u00eda unido a las SS en 1935. Beger tomaba medidas de los <b>cr\u00e1neos y detalles faciales<\/b> de los tibetanos y fabricaba m\u00e1scaras faciales para, como \u00e9l mismo dec\u00eda, &#8220;recoger material sobre las proporciones, los or\u00edgenes, la importancia y el desarrollo de la raza n\u00f3rdica en esta regi\u00f3n&#8221;.<\/p>\n<\/div>\n<p><h2 id=\"Viaje-accidentado\" tabindex=\"-1\" class=\"bbc-l3e97o e14hemmw0\">Viaje accidentado<\/h2>\n<\/p>\n<div dir=\"ltr\" class=\"bbc-1ka88fa e57qer20\">\n<figure class=\"bbc-1qdcvv9 e6bmn90\">\n<div dir=\"ltr\" class=\"bbc-172p16q e57qer20\">\n<div dir=\"ltr\" class=\"bbc-189y18v e57qer20\" readability=\"6.5\">\n<div data-e2e=\"image-placeholder\" class=\"bbc-997y1y e1whu0\" readability=\"8\"><noscript><img loading=\"lazy\" srcset=\"http:\/\/cordobadirecto.com\/wp-content\/uploads\/2021\/09\/la-extraordinaria-historia-de-los-cientificos-enviados-por-los-nazis-al-himalaya-en-busca-de-la-raza-aria-15.jpg 240w, http:\/\/cordobadirecto.com\/wp-content\/uploads\/2021\/09\/la-extraordinaria-historia-de-los-cientificos-enviados-por-los-nazis-al-himalaya-en-busca-de-la-raza-aria-16.jpg 320w, http:\/\/cordobadirecto.com\/wp-content\/uploads\/2021\/09\/la-extraordinaria-historia-de-los-cientificos-enviados-por-los-nazis-al-himalaya-en-busca-de-la-raza-aria-17.jpg 480w, http:\/\/cordobadirecto.com\/wp-content\/uploads\/2021\/09\/la-extraordinaria-historia-de-los-cientificos-enviados-por-los-nazis-al-himalaya-en-busca-de-la-raza-aria-18.jpg 624w, http:\/\/cordobadirecto.com\/wp-content\/uploads\/2021\/09\/la-extraordinaria-historia-de-los-cientificos-enviados-por-los-nazis-al-himalaya-en-busca-de-la-raza-aria-19.jpg 800w\" alt=\"Schaefer, Ernst *1912-1992+Zo\u00f3logo, L\u00edder de la expedici\u00f3n SS-Tibe, &quot;cient\u00edfico de las SS&quot; nombrado Sturmf\u00fchrer honorario en 1934.- Regreso de los expedicionarios a Alemania; llegada al aeropuerto de Berl\u00edn-Tempelhof: De izquierda a derecha: Ernst Krause,Bruno Beger, Ernst Sch\u00e4fer, Edmund Geery Karl Wiener.5.8.1939\" src=\"http:\/\/cordobadirecto.com\/wp-content\/uploads\/2021\/09\/la-extraordinaria-historia-de-los-cientificos-enviados-por-los-nazis-al-himalaya-en-busca-de-la-raza-aria-2.jpg\" sizes=\"(min-width: 1008px) 645px, 100vw\" width=\"976\" height=\"700\" class=\"eehpdyc0 bbc-100dhyn e1enwo3v0\"><\/noscript><\/p>\n<p role=\"text\" class=\"bbc-1s1cxbv etq3yw90\"><span class=\"bbc-1gnhmg2 e1yt7oin0\">Fuente de la imagen, <\/span><span lang=\"en-GB\">ullstein bild Dtl\/Getty Images<\/span><\/p>\n<\/div>\n<\/div>\n<div dir=\"ltr\" class=\"bbc-3edg7g e57qer20\" readability=\"6\"><figcaption dir=\"ltr\" class=\"bbc-1t9zlwf eede9f50\" readability=\"2\"><span class=\"bbc-1gnhmg2 e1yt7oin0\">Pie de foto, <\/span><\/p>\n<p>El barco que transportaba a los cinco alemanes atrac\u00f3 en Colombo a principios de mayo de 1938<\/p>\n<\/figcaption><\/div>\n<\/div>\n<\/figure>\n<\/div>\n<div dir=\"ltr\" class=\"bbc-19j92fr e57qer20\" readability=\"13\">\n<p dir=\"ltr\" class=\"bbc-bm53ic e1cc2ql70\">El barco que transportaba a los cinco alemanes atrac\u00f3 en Colombo, la capital de Sri Lanka, a principios de <b>mayo de 1938<\/b>. Desde all\u00ed, los cient\u00edficos tomaron otro hasta India, adonde entraron por Madr\u00e1s (actual Chennai) para finalmente llegar a Calcuta.<\/p>\n<\/div>\n<div dir=\"ltr\" class=\"bbc-19j92fr e57qer20\" readability=\"8\">\n<p dir=\"ltr\" class=\"bbc-bm53ic e1cc2ql70\">El arribo no fue f\u00e1cil. Las autoridades brit\u00e1nicas de la India <b>desconfiaban de los alemanes<\/b> que viajaban y los consideraban esp\u00edas.<\/p>\n<\/div>\n<div dir=\"ltr\" class=\"bbc-19j92fr e57qer20\" readability=\"10\">\n<p dir=\"ltr\" class=\"bbc-bm53ic e1cc2ql70\">El paso del grupo de investigadores por el pa\u00eds tuvo incluso seguimiento en el entonces medio brit\u00e1nico Times of India, que lleg\u00f3 a publicar un titular bastante acusador: &#8220;Un agente de la Gestapo en la India&#8221;.<\/p>\n<\/div>\n<div dir=\"ltr\" class=\"bbc-19j92fr e57qer20\" readability=\"11\">\n<p dir=\"ltr\" class=\"bbc-bm53ic e1cc2ql70\">En su intento por entrar al T\u00edbet tambi\u00e9n se encontraron con la negativa de un funcionario pol\u00edtico brit\u00e1nico en Gangtok, en el estado nororiental indio de Sikkim, un reino monta\u00f1oso independiente en ese momento y paso definitivo para llegar al anhelado destino.<\/p>\n<\/div>\n<div dir=\"ltr\" class=\"bbc-19j92fr e57qer20\" readability=\"8\">\n<p dir=\"ltr\" class=\"bbc-bm53ic e1cc2ql70\">Finalmente,<b> la determinaci\u00f3n del equipo nazi gan\u00f3.<\/b><\/p>\n<\/div>\n<div dir=\"ltr\" class=\"bbc-19j92fr e57qer20\" readability=\"11\">\n<p dir=\"ltr\" class=\"bbc-bm53ic e1cc2ql70\">A finales de a\u00f1o, los cinco alemanes, que llevaban banderas con esv\u00e1stica atadas a sus mulas y equipajes, entraron en el T\u00edbet.<\/p>\n<\/div>\n<div dir=\"ltr\" class=\"bbc-19j92fr e57qer20\" readability=\"7\">\n<p dir=\"ltr\" class=\"bbc-bm53ic e1cc2ql70\">La esv\u00e1stica era un signo difundido en el T\u00edbet y conocido localmente como <b>&#8220;yungdrung&#8221;<\/b>. <\/p>\n<\/div>\n<div dir=\"ltr\" class=\"bbc-19j92fr e57qer20\" readability=\"11\">\n<p dir=\"ltr\" class=\"bbc-bm53ic e1cc2ql70\">Es probable que Schafer y su equipo la hayan visto tambi\u00e9n durante su estancia en la India, donde, entre los hind\u00faes, ha sido durante mucho tiempo un s\u00edmbolo de buena fortuna.<\/p>\n<\/div>\n<div dir=\"ltr\" class=\"bbc-19j92fr e57qer20\" readability=\"10\">\n<p dir=\"ltr\" class=\"bbc-bm53ic e1cc2ql70\">Incluso hoy en d\u00eda el s\u00edmbolo es visible fuera de las casas, dentro de los templos, en las esquinas y en la parte trasera de los carros y camiones.<\/p>\n<\/div>\n<div dir=\"ltr\" class=\"bbc-1ka88fa e57qer20\">\n<figure class=\"bbc-1qdcvv9 e6bmn90\">\n<div dir=\"ltr\" class=\"bbc-172p16q e57qer20\">\n<div dir=\"ltr\" class=\"bbc-189y18v e57qer20\" readability=\"6.5\">\n<div data-e2e=\"image-placeholder\" class=\"bbc-997y1y e1whu0\" readability=\"8\"><noscript><img loading=\"lazy\" srcset=\"http:\/\/cordobadirecto.com\/wp-content\/uploads\/2021\/09\/la-extraordinaria-historia-de-los-cientificos-enviados-por-los-nazis-al-himalaya-en-busca-de-la-raza-aria-20.jpg 240w, http:\/\/cordobadirecto.com\/wp-content\/uploads\/2021\/09\/la-extraordinaria-historia-de-los-cientificos-enviados-por-los-nazis-al-himalaya-en-busca-de-la-raza-aria-21.jpg 320w, http:\/\/cordobadirecto.com\/wp-content\/uploads\/2021\/09\/la-extraordinaria-historia-de-los-cientificos-enviados-por-los-nazis-al-himalaya-en-busca-de-la-raza-aria-22.jpg 480w, http:\/\/cordobadirecto.com\/wp-content\/uploads\/2021\/09\/la-extraordinaria-historia-de-los-cientificos-enviados-por-los-nazis-al-himalaya-en-busca-de-la-raza-aria-23.jpg 624w, http:\/\/cordobadirecto.com\/wp-content\/uploads\/2021\/09\/la-extraordinaria-historia-de-los-cientificos-enviados-por-los-nazis-al-himalaya-en-busca-de-la-raza-aria-24.jpg 800w\" alt=\"ERNST SCHAFER (1910-1992). Cazador y zo\u00f3logo alem\u00e1n. Schafer (tercero desde la izquierda) en su tercera expedici\u00f3n al T\u00edbet, esta vez patrocinada por la organizaci\u00f3n SS Ahnenerbe. Fotografiado en Shigatze, T\u00edbet, 1939\" src=\"http:\/\/cordobadirecto.com\/wp-content\/uploads\/2021\/09\/la-extraordinaria-historia-de-los-cientificos-enviados-por-los-nazis-al-himalaya-en-busca-de-la-raza-aria-3.jpg\" sizes=\"(min-width: 1008px) 645px, 100vw\" width=\"976\" height=\"700\" class=\"eehpdyc0 bbc-100dhyn e1enwo3v0\"><\/noscript><\/p>\n<p role=\"text\" class=\"bbc-1s1cxbv etq3yw90\"><span class=\"bbc-1gnhmg2 e1yt7oin0\">Fuente de la imagen, <\/span><span lang=\"en-GB\">ullstein bild Dtl\/Getty Images<\/span><\/p>\n<\/div>\n<\/div>\n<div dir=\"ltr\" class=\"bbc-3edg7g e57qer20\" readability=\"6\"><figcaption dir=\"ltr\" class=\"bbc-1t9zlwf eede9f50\" readability=\"2\"><span class=\"bbc-1gnhmg2 e1yt7oin0\">Pie de foto, <\/span><\/p>\n<p>Ernst Schafer (tercero desde la izquierda) en el T\u00edbet en 1939<\/p>\n<\/figcaption><\/div>\n<\/div>\n<\/figure>\n<\/div>\n<p><h2 id=\"Bien-recibidos\" tabindex=\"-1\" class=\"bbc-l3e97o e14hemmw0\">Bien recibidos<\/h2>\n<\/p>\n<div dir=\"ltr\" class=\"bbc-19j92fr e57qer20\" readability=\"9\">\n<p dir=\"ltr\" class=\"bbc-bm53ic e1cc2ql70\">En el T\u00edbet, mientras tanto, las cosas estaban cambiando.<\/p>\n<\/div>\n<div dir=\"ltr\" class=\"bbc-19j92fr e57qer20\" readability=\"9\">\n<p dir=\"ltr\" class=\"bbc-bm53ic e1cc2ql70\">El decimotercer <b>Dalai Lama<\/b> hab\u00eda muerto en 1933 y el nuevo s\u00f3lo ten\u00eda tres a\u00f1os, por lo que el reino budista tibetano estaba siendo controlado por un regente.<\/p>\n<\/div>\n<div dir=\"ltr\" class=\"bbc-19j92fr e57qer20\" readability=\"12\">\n<p dir=\"ltr\" class=\"bbc-bm53ic e1cc2ql70\">Los alemanes fueron tratados excepcionalmente bien por el regente y por los tibetanos comunes, y Beger, que fabricaba m\u00e1scaras faciales, incluso actu\u00f3 como una especie de m\u00e9dico suplente para los locales durante un tiempo.<\/p>\n<\/div>\n<div dir=\"ltr\" class=\"bbc-19j92fr e57qer20\" readability=\"11\">\n<p dir=\"ltr\" class=\"bbc-bm53ic e1cc2ql70\">Lo que los budistas tibetanos no sab\u00edan era que en la <b>perversa imaginaci\u00f3n de los nazis<\/b>, el budismo al igual que el hinduismo era una religi\u00f3n que hab\u00eda debilitado a los arios que llegaron al T\u00edbet, y que adem\u00e1s hab\u00eda provocado la p\u00e9rdida de su esp\u00edritu y su fuerza.<\/p>\n<\/div>\n<div dir=\"ltr\" class=\"bbc-19j92fr e57qer20\" readability=\"8\">\n<p dir=\"ltr\" class=\"bbc-bm53ic e1cc2ql70\">El plan estaba funcionando y todos all\u00ed pensaban que los extranjeros estaban realizando investigaciones cient\u00edficas en \u00e1reas como la zoolog\u00eda y la antropolog\u00eda. <\/p>\n<\/div>\n<div dir=\"ltr\" class=\"bbc-19j92fr e57qer20\" readability=\"11\">\n<p dir=\"ltr\" class=\"bbc-bm53ic e1cc2ql70\">Pero en ese momento, cuando parec\u00eda que Schafer y los dem\u00e1s podr\u00edan dedicar m\u00e1s tiempo a la exploraci\u00f3n para sus verdaderas &#8220;investigaciones&#8221;, <b>la expedici\u00f3n alemana se vio abruptamente interrumpida<\/b> en agosto de 1939 por la detonaci\u00f3n de la guerra.<\/p>\n<\/div>\n<div dir=\"ltr\" class=\"bbc-19j92fr e57qer20\" readability=\"14\">\n<p dir=\"ltr\" class=\"bbc-bm53ic e1cc2ql70\">Para entonces, Beger hab\u00eda medido los cr\u00e1neos y las facciones de 376 tibetanos, ten\u00eda unas 2.000 fotograf\u00edas, algunos <b>&#8220;moldes de cabezas, rostros, manos y orejas de 17 personas&#8221;<\/b> y hab\u00eda recogido &#8220;las huellas dactilares y manuales de otras 350&#8221;.<\/p>\n<\/div>\n<div dir=\"ltr\" class=\"bbc-19j92fr e57qer20\" readability=\"8\">\n<p dir=\"ltr\" class=\"bbc-bm53ic e1cc2ql70\">Tambi\u00e9n hab\u00eda reunido 2.000 &#8220;artefactos etnogr\u00e1ficos&#8221; y otro miembro del contingente hab\u00eda tomado 18.000 metros de pel\u00edcula en blanco y negro y 40.000 fotograf\u00edas m\u00e1s.<\/p>\n<\/div>\n<div dir=\"ltr\" class=\"bbc-19j92fr e57qer20\" readability=\"10\">\n<p dir=\"ltr\" class=\"bbc-bm53ic e1cc2ql70\">En cuanto la investigaci\u00f3n se vio interrumpida, Himmler hizo los arreglos para que el equipo volara desde Calcuta lo m\u00e1s pronto posible y estuvo presente para recibirlos cuando su avi\u00f3n aterriz\u00f3 en Munich.<\/p>\n<\/div>\n<div dir=\"ltr\" class=\"bbc-19j92fr e57qer20\" readability=\"12\">\n<p dir=\"ltr\" class=\"bbc-bm53ic e1cc2ql70\">Schafer, el amante de la caza, se llev\u00f3 la mayor\u00eda de sus &#8220;tesoros&#8221; tibetanos a un castillo de Salzburgo al que se traslad\u00f3 durante la guerra. Pero una vez que llegaron las fuerzas aliadas en 1945, el lugar fue asaltado y <b>la mayor\u00eda de los cuadros y dem\u00e1s material se arruinaron.<\/b><\/p>\n<\/div>\n<div dir=\"ltr\" class=\"bbc-19j92fr e57qer20\" readability=\"12\">\n<p dir=\"ltr\" class=\"bbc-bm53ic e1cc2ql70\">Los otros supuestos &#8220;resultados cient\u00edficos&#8221; de la expedici\u00f3n corrieron la misma suerte en la guerra: se perdieron o fueron destruidos. Adem\u00e1s, la verg\u00fcenza del pasado nazi hizo que nadie, despu\u00e9s de la guerra, tratara de rastrear el material.<\/p>\n<\/div>\n<div dir=\"ltr\" class=\"bbc-19j92fr e57qer20\" readability=\"10\">\n<p dir=\"ltr\" class=\"bbc-bm53ic e1cc2ql70\"><i class=\"bbc-h1y5j7 ewc4zcb0\">Vaibhav Purandare es el autor de Hitler And India: The Untold Story of His Hatred For the Country And Its People<\/i><i class=\"bbc-h1y5j7 ewc4zcb0\"> (Hitler y la India: La historia no contada de su odio por el pa\u00eds y su gente)<\/i><i class=\"bbc-h1y5j7 ewc4zcb0\">, publicado por Westland Books<\/i><\/p>\n<\/div>\n<div dir=\"ltr\" class=\"bbc-1ka88fa e57qer20\">\n<figure class=\"bbc-1qdcvv9 e6bmn90\">\n<div dir=\"ltr\" class=\"bbc-172p16q e57qer20\">\n<div dir=\"ltr\" class=\"bbc-189y18v e57qer20\">\n<div data-e2e=\"image-placeholder\" class=\"bbc-997y1y e1whu0\"><noscript><img loading=\"lazy\" srcset=\"http:\/\/cordobadirecto.com\/wp-content\/uploads\/2021\/09\/la-extraordinaria-historia-de-los-cientificos-enviados-por-los-nazis-al-himalaya-en-busca-de-la-raza-aria-25.jpg 240w, http:\/\/cordobadirecto.com\/wp-content\/uploads\/2021\/09\/la-extraordinaria-historia-de-los-cientificos-enviados-por-los-nazis-al-himalaya-en-busca-de-la-raza-aria-26.jpg 320w, http:\/\/cordobadirecto.com\/wp-content\/uploads\/2021\/09\/la-extraordinaria-historia-de-los-cientificos-enviados-por-los-nazis-al-himalaya-en-busca-de-la-raza-aria-27.jpg 464w\" alt=\"L\u00ednea\" src=\"http:\/\/cordobadirecto.com\/wp-content\/uploads\/2021\/09\/la-extraordinaria-historia-de-los-cientificos-enviados-por-los-nazis-al-himalaya-en-busca-de-la-raza-aria-4.jpg\" sizes=\"(min-width: 1008px) 645px, 100vw\" width=\"464\" height=\"2\" class=\"eehpdyc0 bbc-100dhyn e1enwo3v0\"><\/noscript><\/div>\n<\/div>\n<\/div>\n<\/figure>\n<\/div>\n<div dir=\"ltr\" class=\"bbc-19j92fr e57qer20\" readability=\"8\">\n<p dir=\"ltr\" class=\"bbc-bm53ic e1cc2ql70\"><i class=\"bbc-h1y5j7 ewc4zcb0\">Ahora puedes recibir notificaciones de BBC News Mundo. Descarga la nueva versi\u00f3n de nuestra app y act\u00edvalas para no perderte nuestro mejor contenido.<\/i><\/p>\n<\/div>\n","protected":false},"excerpt":{"rendered":"<p>Redacci\u00f3n BBC News Mundo 25 septiembre 2021 Fuente de la imagen, ullstein bild Dtl\/Getty Images Pie de foto, Bruno Beger, segundo a la izquierda, y otros en una reuni\u00f3n en Lhasa, T\u00edbet, en 1939 Un equipo de cinco investigadores fue enviado en 1938 por Heinrich Himmler, miembro destacado del partido nazi alem\u00e1n y arquitecto clave [&hellip;]<\/p>\n","protected":false},"author":1,"featured_media":20184,"comment_status":"closed","ping_status":"closed","sticky":false,"template":"","format":"standard","meta":[],"categories":[24],"tags":[],"_links":{"self":[{"href":"http:\/\/cordobadirecto.com\/index.php\/wp-json\/wp\/v2\/posts\/20183"}],"collection":[{"href":"http:\/\/cordobadirecto.com\/index.php\/wp-json\/wp\/v2\/posts"}],"about":[{"href":"http:\/\/cordobadirecto.com\/index.php\/wp-json\/wp\/v2\/types\/post"}],"author":[{"embeddable":true,"href":"http:\/\/cordobadirecto.com\/index.php\/wp-json\/wp\/v2\/users\/1"}],"replies":[{"embeddable":true,"href":"http:\/\/cordobadirecto.com\/index.php\/wp-json\/wp\/v2\/comments?post=20183"}],"version-history":[{"count":0,"href":"http:\/\/cordobadirecto.com\/index.php\/wp-json\/wp\/v2\/posts\/20183\/revisions"}],"wp:featuredmedia":[{"embeddable":true,"href":"http:\/\/cordobadirecto.com\/index.php\/wp-json\/wp\/v2\/media\/20184"}],"wp:attachment":[{"href":"http:\/\/cordobadirecto.com\/index.php\/wp-json\/wp\/v2\/media?parent=20183"}],"wp:term":[{"taxonomy":"category","embeddable":true,"href":"http:\/\/cordobadirecto.com\/index.php\/wp-json\/wp\/v2\/categories?post=20183"},{"taxonomy":"post_tag","embeddable":true,"href":"http:\/\/cordobadirecto.com\/index.php\/wp-json\/wp\/v2\/tags?post=20183"}],"curies":[{"name":"wp","href":"https:\/\/api.w.org\/{rel}","templated":true}]}}