{"id":20261,"date":"2021-09-26T01:48:11","date_gmt":"2021-09-26T01:48:11","guid":{"rendered":"http:\/\/cordobadirecto.com\/index.php\/2021\/09\/26\/protesta-en-merida-en-rechazo-a-un-concierto-de-placido-domingo\/"},"modified":"2021-09-26T01:48:11","modified_gmt":"2021-09-26T01:48:11","slug":"protesta-en-merida-en-rechazo-a-un-concierto-de-placido-domingo","status":"publish","type":"post","link":"http:\/\/cordobadirecto.com\/index.php\/2021\/09\/26\/protesta-en-merida-en-rechazo-a-un-concierto-de-placido-domingo\/","title":{"rendered":"Protesta en M\u00e9rida en rechazo a un concierto de Pl\u00e1cido Domingo"},"content":{"rendered":"<div class=\"image\" id=\"image\" readability=\"9\"> <img src=\"http:\/\/cordobadirecto.com\/wp-content\/uploads\/2021\/09\/protesta-en-merida-en-rechazo-a-un-concierto-de-placido-domingo.jpg\" alt=\"Pl\u00e1cido Domingo fue acusado de acoso sexual por al menos por 20 mujeres, situaci\u00f3n que atribuy\u00f3 a un juicio medi\u00e1tico.\" title=\"Pl\u00e1cido Domingo fue acusado de acoso sexual por al menos por 20 mujeres, situaci\u00f3n que atribuy\u00f3 a un juicio medi\u00e1tico.\"><\/p>\n<p>Pl\u00e1cido Domingo fue acusado de acoso sexual por al menos por 20 mujeres, situaci\u00f3n que atribuy\u00f3 a un juicio medi\u00e1tico.<\/p>\n<\/div>\n<p>Medio centenar de personas se concentr\u00f3 este s\u00e1bado frente al Teatro Romano de M\u00e9rida para mostrar su rechazo al concierto del tenor Pl\u00e1cido Domingo en esa ciudad extreme\u00f1a, argumentando que<strong> &#8220;se va a dar aplauso p\u00fablico&#8221; al cantante que &#8220;ha reconocido haber abusado de decenas de mujeres&#8221;.<\/strong><\/p>\n<p>Detr\u00e1s de una serie de pancartas en las que pod\u00eda leerse<strong> &#8216;No te escuchamos porque las escuchamos a ellas&#8217; o &#8216;Pl\u00e1cido abusador&#8217;<\/strong>, la concentraci\u00f3n se desarroll\u00f3, con gran presencia policial, frente a los espectadores que hac\u00edan cola a la entrada del Teatro Romano para asistir al concierto de Pl\u00e1cido Domingo, en el marco del Stone &amp; Music Festival.<\/p>\n<p>La movilizaci\u00f3n en contra del cantante espa\u00f1ol <strong>convocada por la Plataforma de Mujeres 8M de M\u00e9rida<\/strong>, se debe a que fue acusado de acoso sexual por al menos por 20 mujeres, situaci\u00f3n que atribuy\u00f3 a un juicio medi\u00e1tico y sobre la que -sin referirse espec\u00edficamente a ella-, dijo: &#8220;no es posible reescribir el pasado&#8221;.<\/p>\n<div class=\"js-code\" readability=\"6.1072463768116\">\n<blockquote class=\"twitter-tweet\" readability=\"6.1072463768116\">\n<p lang=\"es\" dir=\"ltr\">\u00a1FUERA ABUSADORES DE NUESTROS ESCENARIOS!<br \/>Este s\u00e1bado 25 de septiembre a las 20h la plataforma 8M de M\u00e9rida convoca una protesta contra el abusador confeso Placido Domingo el d\u00eda de su actuaci\u00f3n en el Teatro Romano. <br \/>\ud83d\udd09No van a callar la voz de las mujeres <a href=\"https:\/\/t.co\/S1ThykXF2g\">pic.twitter.com\/S1ThykXF2g<\/a><\/p>\n<p>\u2014 Podemos Extremadura (@Podemos_EXT) <a href=\"https:\/\/twitter.com\/Podemos_EXT\/status\/1441704035103297540?ref_src=twsrc%5Etfw\">September 25, 2021<\/a><\/p><\/blockquote><\/div>\n","protected":false},"excerpt":{"rendered":"<p>Pl\u00e1cido Domingo fue acusado de acoso sexual por al menos por 20 mujeres, situaci\u00f3n que atribuy\u00f3 a un juicio medi\u00e1tico. Medio centenar de personas se concentr\u00f3 este s\u00e1bado frente al Teatro Romano de M\u00e9rida para mostrar su rechazo al concierto del tenor Pl\u00e1cido Domingo en esa ciudad extreme\u00f1a, argumentando que &#8220;se va a dar aplauso [&hellip;]<\/p>\n","protected":false},"author":1,"featured_media":20262,"comment_status":"closed","ping_status":"closed","sticky":false,"template":"","format":"standard","meta":[],"categories":[20],"tags":[],"_links":{"self":[{"href":"http:\/\/cordobadirecto.com\/index.php\/wp-json\/wp\/v2\/posts\/20261"}],"collection":[{"href":"http:\/\/cordobadirecto.com\/index.php\/wp-json\/wp\/v2\/posts"}],"about":[{"href":"http:\/\/cordobadirecto.com\/index.php\/wp-json\/wp\/v2\/types\/post"}],"author":[{"embeddable":true,"href":"http:\/\/cordobadirecto.com\/index.php\/wp-json\/wp\/v2\/users\/1"}],"replies":[{"embeddable":true,"href":"http:\/\/cordobadirecto.com\/index.php\/wp-json\/wp\/v2\/comments?post=20261"}],"version-history":[{"count":0,"href":"http:\/\/cordobadirecto.com\/index.php\/wp-json\/wp\/v2\/posts\/20261\/revisions"}],"wp:featuredmedia":[{"embeddable":true,"href":"http:\/\/cordobadirecto.com\/index.php\/wp-json\/wp\/v2\/media\/20262"}],"wp:attachment":[{"href":"http:\/\/cordobadirecto.com\/index.php\/wp-json\/wp\/v2\/media?parent=20261"}],"wp:term":[{"taxonomy":"category","embeddable":true,"href":"http:\/\/cordobadirecto.com\/index.php\/wp-json\/wp\/v2\/categories?post=20261"},{"taxonomy":"post_tag","embeddable":true,"href":"http:\/\/cordobadirecto.com\/index.php\/wp-json\/wp\/v2\/tags?post=20261"}],"curies":[{"name":"wp","href":"https:\/\/api.w.org\/{rel}","templated":true}]}}