{"id":20278,"date":"2021-09-25T22:07:30","date_gmt":"2021-09-25T22:07:30","guid":{"rendered":"http:\/\/cordobadirecto.com\/index.php\/2021\/09\/25\/cordoba-recuperara-el-hub-aereo-desde-el-25-de-octubre-perfil\/"},"modified":"2021-09-25T22:07:30","modified_gmt":"2021-09-25T22:07:30","slug":"cordoba-recuperara-el-hub-aereo-desde-el-25-de-octubre-perfil","status":"publish","type":"post","link":"http:\/\/cordobadirecto.com\/index.php\/2021\/09\/25\/cordoba-recuperara-el-hub-aereo-desde-el-25-de-octubre-perfil\/","title":{"rendered":"<b>C\u00f3rdoba<\/b> recuperar\u00e1 el hub a\u00e9reo desde el 25 de octubre | Perfil"},"content":{"rendered":"<p>Recuperar el hub implica, en t\u00e9rminos de conectividad, la posibilidad de viajar desde el aeropuerto Taravella a 12 provincias argentinas conectando el norte y&nbsp;&#8230; <\/p>\n","protected":false},"excerpt":{"rendered":"<p>Recuperar el hub implica, en t\u00e9rminos de conectividad, la posibilidad de viajar desde el aeropuerto Taravella a 12 provincias argentinas conectando el norte y&nbsp;&#8230;<\/p>\n","protected":false},"author":1,"featured_media":0,"comment_status":"closed","ping_status":"closed","sticky":false,"template":"","format":"standard","meta":[],"categories":[40],"tags":[],"_links":{"self":[{"href":"http:\/\/cordobadirecto.com\/index.php\/wp-json\/wp\/v2\/posts\/20278"}],"collection":[{"href":"http:\/\/cordobadirecto.com\/index.php\/wp-json\/wp\/v2\/posts"}],"about":[{"href":"http:\/\/cordobadirecto.com\/index.php\/wp-json\/wp\/v2\/types\/post"}],"author":[{"embeddable":true,"href":"http:\/\/cordobadirecto.com\/index.php\/wp-json\/wp\/v2\/users\/1"}],"replies":[{"embeddable":true,"href":"http:\/\/cordobadirecto.com\/index.php\/wp-json\/wp\/v2\/comments?post=20278"}],"version-history":[{"count":0,"href":"http:\/\/cordobadirecto.com\/index.php\/wp-json\/wp\/v2\/posts\/20278\/revisions"}],"wp:attachment":[{"href":"http:\/\/cordobadirecto.com\/index.php\/wp-json\/wp\/v2\/media?parent=20278"}],"wp:term":[{"taxonomy":"category","embeddable":true,"href":"http:\/\/cordobadirecto.com\/index.php\/wp-json\/wp\/v2\/categories?post=20278"},{"taxonomy":"post_tag","embeddable":true,"href":"http:\/\/cordobadirecto.com\/index.php\/wp-json\/wp\/v2\/tags?post=20278"}],"curies":[{"name":"wp","href":"https:\/\/api.w.org\/{rel}","templated":true}]}}