{"id":20281,"date":"2021-09-25T20:11:00","date_gmt":"2021-09-25T20:11:00","guid":{"rendered":"http:\/\/cordobadirecto.com\/index.php\/2021\/09\/25\/puigdemont-vuelve-a-bruselas-pero-regresara-a-italia-para-su-audiencia-de-extradicion\/"},"modified":"2021-09-25T20:11:00","modified_gmt":"2021-09-25T20:11:00","slug":"puigdemont-vuelve-a-bruselas-pero-regresara-a-italia-para-su-audiencia-de-extradicion","status":"publish","type":"post","link":"http:\/\/cordobadirecto.com\/index.php\/2021\/09\/25\/puigdemont-vuelve-a-bruselas-pero-regresara-a-italia-para-su-audiencia-de-extradicion\/","title":{"rendered":"Puigdemont vuelve a Bruselas pero regresar\u00e1 a Italia para su audiencia de extradici\u00f3n"},"content":{"rendered":"<div><img src=\"http:\/\/cordobadirecto.com\/wp-content\/uploads\/2021\/09\/puigdemont-vuelve-a-bruselas-pero-regresara-a-italia-para-su-audiencia-de-extradicion.jpg\" class=\"ff-og-image-inserted\"><\/div>\n<p> <iframe width=\"560\" height=\"315\" src=\"https:\/\/www.youtube.com\/embed\/pYTGQHBPbYM?wmode=transparent&amp;showinfo=0&amp;autohide=1&amp;rel=0\" frameborder=\"0\" allowfullscreen>[embedded content]<\/iframe> <\/p>\n<p>Puigdemont<\/p>\n<p>El expresidente catal\u00e1n Carles Puigdemont anunci\u00f3 hoy que el lunes volver\u00e1 a B\u00e9lgica, donde reside, luego de estar brevemente detenido en la isla de Cerde\u00f1a, aunque prometi\u00f3 que retornar\u00e1 a Italia a principio de octubre para asistir a la audiencia en la que se definir\u00e1 su extradici\u00f3n, pedida por Espa\u00f1a por sedici\u00f3n tras su intento fallido de independencia en 2017.<\/p>\n<p><strong>&#8220;Tengo previsto el lunes volver a Bruselas, para una reuni\u00f3n del comit\u00e9 de comercio exterior del que soy miembro. Quiero y debo continuar mi actividad parlamentaria porque es mi responsabilidad&#8221;, afirm\u00f3 el l\u00edder independentista <\/strong>en una conferencia de prensa desde la localidad italiana de Alghero, un d\u00eda despu\u00e9s de ser liberado en Cerde\u00f1a.<\/p>\n<p>&#8220;El 4 de octubre estoy citado en la corte de Sassari. Efectivamente, asistir\u00e9 porque todas las veces que he sido convocado por la Justicia, he asistido&#8221;, explic\u00f3 este experiodista de 58 a\u00f1os que abandon\u00f3 Espa\u00f1a tras el proceso independentista fallido y que decidi\u00f3 no volver luego que muchos de sus colegas y aliados fueron procesados y condenados en el pa\u00eds.<\/p>\n<blockquote readability=\"6\">\n<p>&#8220;Estoy acostumbrado a ser perseguido por Espa\u00f1a pero siempre termina igual. Estoy libre y seguir\u00e9 peleando&#8221;<span class=\"comilla\">\u201d<\/span><\/p>\n<p><span>Carles Puigdemont<\/span><\/p>\n<\/blockquote>\n<p>Pese a las dif\u00edciles \u00faltimas horas, Puigdemont asegur\u00f3 que seguir\u00e1 viajando por Europa y se mostr\u00f3 &#8220;contento con el resultado final&#8221; en Cerde\u00f1a porque la corte &#8220;tard\u00f3 pocas horas en tomar la decisi\u00f3n&#8221; de liberarlo, seg\u00fan reprodujo la agencia de noticias AFP.<\/p>\n<p>Horas antes, hab\u00eda aprovechado su renovada notoriedad para hacer un primer acto p\u00fablico, tras su liberaci\u00f3n de ayer.<\/p>\n<p><strong>Se hab\u00eda definido como &#8220;perseguido&#8221; y hab\u00eda prometido que seguir\u00e1 &#8220;peleando&#8221; contra las denuncias que pesan sobre \u00e9l en la Justicia espa\u00f1ola.<\/strong><\/p>\n<p>&#8220;Estoy muy contento de estar aqu\u00ed, de disfrutar de este evento, cultural y ling\u00fc\u00edstico&#8221;, dijo el dirigente a AFP, rodeado de adeptos en las calles de la casco viejo de Alguer, localidad que re\u00fane anualmente desde hace casi cuatro d\u00e9cadas a personalidades pol\u00edticas y culturales de Catalu\u00f1a y Cerde\u00f1a.<\/p>\n<blockquote readability=\"8\">\n<p>Hasta su audiencia del 4 de octubre pr\u00f3ximo, Puigdemont, puede abandonar libremente la isla y el pa\u00eds<span class=\"comilla\">\u201d<\/span><\/p>\n<\/blockquote>\n<p>&#8220;Estoy acostumbrado a ser perseguido por Espa\u00f1a pero siempre termina igual. Estoy libre y seguir\u00e9 peleando&#8221;, agreg\u00f3.<\/p>\n<p><strong>Puigdemont fue detenido el jueves por la noche a su llegada al aeropuerto de Alguer,<\/strong> donde preve\u00eda participar en un evento cultural en la localidad, que mantuvo una fuerte impronta catalana desde los tiempos en que perteneci\u00f3 a la Corona de Arag\u00f3n.<\/p>\n<p>Ayer fue liberado y, hasta su audiencia del 4 de octubre pr\u00f3ximo, puede abandonar libremente la isla y el pa\u00eds.<\/p>\n<p><strong>La justicia espa\u00f1ola reclama al dirigente por sedici\u00f3n y malversaci\u00f3n de fondos relacionados con el proceso fallido de independencia de 2017.<\/strong><\/p>\n<p>Es la tercera vez que Puigdemont es detenido desde que huy\u00f3 de Espa\u00f1a, la primera en Bruselas, a su llegada, y la segunda en Alemania, en marzo de 2018, donde los tribunales tardaron casi cuatro meses en devolverle la libertad total.<\/p>\n<p><strong>El expresidente, eurodiputado desde 2019, goz\u00f3 durante un tiempo de inmunidad, pero fue levantada por las instancias europeas este a\u00f1o.<\/strong> Una decisi\u00f3n confirmada despu\u00e9s por el Tribunal General de la Uni\u00f3n Europea.<\/p>\n<p>Sobre \u00e9l pesa una orden de detenci\u00f3n europea emitida por Espa\u00f1a en 2019, que, seg\u00fan los abogados de Puigdemont, estaba suspendida a la espera de una decisi\u00f3n del Parlamento europeo sobre un recurso en torno a la inmunidad del catal\u00e1n. <\/p>\n","protected":false},"excerpt":{"rendered":"<p>[embedded content] Puigdemont El expresidente catal\u00e1n Carles Puigdemont anunci\u00f3 hoy que el lunes volver\u00e1 a B\u00e9lgica, donde reside, luego de estar brevemente detenido en la isla de Cerde\u00f1a, aunque prometi\u00f3 que retornar\u00e1 a Italia a principio de octubre para asistir a la audiencia en la que se definir\u00e1 su extradici\u00f3n, pedida por Espa\u00f1a por sedici\u00f3n [&hellip;]<\/p>\n","protected":false},"author":1,"featured_media":20282,"comment_status":"closed","ping_status":"closed","sticky":false,"template":"","format":"standard","meta":[],"categories":[24],"tags":[],"_links":{"self":[{"href":"http:\/\/cordobadirecto.com\/index.php\/wp-json\/wp\/v2\/posts\/20281"}],"collection":[{"href":"http:\/\/cordobadirecto.com\/index.php\/wp-json\/wp\/v2\/posts"}],"about":[{"href":"http:\/\/cordobadirecto.com\/index.php\/wp-json\/wp\/v2\/types\/post"}],"author":[{"embeddable":true,"href":"http:\/\/cordobadirecto.com\/index.php\/wp-json\/wp\/v2\/users\/1"}],"replies":[{"embeddable":true,"href":"http:\/\/cordobadirecto.com\/index.php\/wp-json\/wp\/v2\/comments?post=20281"}],"version-history":[{"count":0,"href":"http:\/\/cordobadirecto.com\/index.php\/wp-json\/wp\/v2\/posts\/20281\/revisions"}],"wp:featuredmedia":[{"embeddable":true,"href":"http:\/\/cordobadirecto.com\/index.php\/wp-json\/wp\/v2\/media\/20282"}],"wp:attachment":[{"href":"http:\/\/cordobadirecto.com\/index.php\/wp-json\/wp\/v2\/media?parent=20281"}],"wp:term":[{"taxonomy":"category","embeddable":true,"href":"http:\/\/cordobadirecto.com\/index.php\/wp-json\/wp\/v2\/categories?post=20281"},{"taxonomy":"post_tag","embeddable":true,"href":"http:\/\/cordobadirecto.com\/index.php\/wp-json\/wp\/v2\/tags?post=20281"}],"curies":[{"name":"wp","href":"https:\/\/api.w.org\/{rel}","templated":true}]}}