{"id":20283,"date":"2021-09-26T07:56:35","date_gmt":"2021-09-26T07:56:35","guid":{"rendered":"https:\/\/puntoapunto.com.ar\/?p=316630"},"modified":"2021-09-26T07:56:35","modified_gmt":"2021-09-26T07:56:35","slug":"asi-es-el-programa-que-busca-acelerar-la-innovacion-en-las-empresas","status":"publish","type":"post","link":"http:\/\/cordobadirecto.com\/index.php\/2021\/09\/26\/asi-es-el-programa-que-busca-acelerar-la-innovacion-en-las-empresas\/","title":{"rendered":"As\u00ed es el programa que busca acelerar la innovaci\u00f3n en las empresas"},"content":{"rendered":"<div class=\"td-post-featured-image\"><a href=\"http:\/\/cordobadirecto.com\/wp-content\/uploads\/2021\/09\/asi-es-el-programa-que-busca-acelerar-la-innovacion-en-las-empresas.jpg\" data-caption><img loading=\"lazy\" width=\"640\" height=\"360\" class=\"entry-thumb td-modal-image\" src=\"http:\/\/cordobadirecto.com\/wp-content\/uploads\/2021\/09\/asi-es-el-programa-que-busca-acelerar-la-innovacion-en-las-empresas.jpg\" srcset=\"http:\/\/cordobadirecto.com\/wp-content\/uploads\/2021\/09\/asi-es-el-programa-que-busca-acelerar-la-innovacion-en-las-empresas.jpg 640w, http:\/\/cordobadirecto.com\/wp-content\/uploads\/2021\/09\/asi-es-el-programa-que-busca-acelerar-la-innovacion-en-las-empresas-2.jpg 300w\" sizes=\"(max-width: 640px) 100vw, 640px\" alt title=\"empresas familiares\"><\/a><\/div>\n<p>La <strong>Agencia C\u00f3rdoba Innovar y Emprender<\/strong> en alianza con <strong>Uvitec<\/strong> llevan&nbsp;adelante el <strong>Programa de Innovaci\u00f3n Colaborativa<\/strong>. <strong>La convocatoria permanecer\u00e1 abierta hasta el 15 de octubre.<\/strong><\/p>\n<p>La iniciativa cuenta con el apoyo de la <strong>Bolsa de Cereales de C\u00f3rdoba (BCCBA), la Bolsa de Comercio de C\u00f3rdoba, la C\u00e1mara de Comercio Exterior de C\u00f3rdoba (Cacec) y la Uni\u00f3n Industrial de C\u00f3rdoba (UIC).<\/strong><\/p>\n<p>Este programa se desarrollar\u00e1 en dos etapas. En la primera, el objetivo es <strong>promover procesos de innovaci\u00f3n abierta en industrias de C\u00f3rdoba relacionadas al agro, alimentos y metalmec\u00e1nica<\/strong> a partir de la vinculaci\u00f3n con emprendedores din\u00e1micos e innovadores y el sector cient\u00edfico-tecnol\u00f3gico, con el fin de acelerar la innovaci\u00f3n y la transformaci\u00f3n digital. Haciendo foco en los desaf\u00edos, se busca acompa\u00f1ar a empresas en la delimitaci\u00f3n de problem\u00e1ticas y en la definici\u00f3n de demandas tecnol\u00f3gicas.<\/p>\n<p>En la segunda etapa, se prev\u00e9<strong> financiar el desarrollo de la soluci\u00f3n delimitada por aquellas empresas<\/strong> que pudieron realizar los lineamientos de su demanda en la etapa uno.<\/p>\n<p>A diferencia del enfoque tradicional de innovaci\u00f3n, seg\u00fan el cual las empresas se nutren de aquellos conocimientos generados internamente dentro de las paredes de la organizaci\u00f3n, la innovaci\u00f3n abierta trae consigo una visi\u00f3n m\u00e1s sist\u00e9mica, como proceso de aprendizaje interactivo y colaborativo, en el cual muchos actores de un ecosistema toman parte.<\/p>\n<p>\u201cEste paradigma de la innovaci\u00f3n colaborativa entiende que al abrir el proceso de innovaci\u00f3n, <strong>las organizaciones pueden acelerar su tiempo de innovaci\u00f3n, aumentar el crecimiento de su negocio y mejorar sus ganancias<\/strong>. A su vez, la innovaci\u00f3n abierta desaf\u00eda a profesionales, cient\u00edficos o emprendedores a encontrar soluciones en procesos de cocreaci\u00f3n\u201d,&nbsp;sostiene <strong>Diego Casali<\/strong>, presidente de la Agencia C\u00f3rdoba Innovar y Emprender.<\/p>\n<h5><strong>\u00bfA qui\u00e9n est\u00e1 destinado?<\/strong><\/h5>\n<p>Podr\u00e1n participar del programa las industrias radicadas en la provincia de C\u00f3rdoba relacionadas al agro, alimentos y metalmec\u00e1nica y que cumplan con los siguientes requisitos:<\/p>\n<ul>\n<li>Tener identificado un problema o demanda tecnol\u00f3gica.<\/li>\n<li>Contar con un equipo directivo dispuesto a atravesar el cambio y realizar la adaptaci\u00f3n de su desaf\u00edo de la mano de actores externos a la organizaci\u00f3n.<\/li>\n<li>Contar con un \u00e1rea de I+D, nuevos negocios, departamento de innovaci\u00f3n, comit\u00e9 de innovaci\u00f3n o un responsable que lidere proyectos de innovaci\u00f3n y\/o transformaci\u00f3n digital dentro de la empresa.<\/li>\n<li>Asignar un responsable interno que ser\u00e1 el interlocutor entre la empresa y el equipo ejecutor del programa.<\/li>\n<\/ul>\n<h5><strong>Beneficios<\/strong><\/h5>\n<p>El programa, en la primera etapa, brindar\u00e1 acompa\u00f1amiento personalizado durante tres meses, en los que se espera que la empresa pueda:<\/p>\n<ul>\n<li>Plantear un desaf\u00edo de innovaci\u00f3n.<\/li>\n<li>Vincularse con emprendimientos din\u00e1micos e innovadores y\/o actores del sector cient\u00edfico.<\/li>\n<li>Avanzar con estos como proveedores de la soluci\u00f3n en el armado de pruebas de concepto<\/li>\n<\/ul>\n<h5><strong>\u00bfC\u00f3mo participar?<\/strong><\/h5>\n<p>Las empresas que cumplan con los requisitos podr\u00e1n inscribirse a trav\u00e9s del siguiente&nbsp;<a href=\"https:\/\/docs.google.com\/forms\/d\/e\/1FAIpQLSd7kU1EpcA9tc8-7z6Vr5W2NtU36NLFUv87EgvA9x-RE830DA\/viewform\" target=\"_blank\" rel=\"noreferrer noopener\">formulario<\/a>.<\/p>\n<p>Para leer m\u00e1s informaci\u00f3n, se puede consultar la p\u00e1gina web de la<a href=\"https:\/\/innovaryemprendercba.com.ar\/\" target=\"_blank\" rel=\"noreferrer noopener\">&nbsp;Agencia C\u00f3rdoba Innovar y Emprender<\/a>.<\/p>\n<div class=\"saboxplugin-wrap\" itemtype=\"http:\/\/schema.org\/Person\" itemscope itemprop=\"author\">\n<div class=\"saboxplugin-tab\">\n<div class=\"saboxplugin-gravatar\"><img alt src=\"http:\/\/cordobadirecto.com\/wp-content\/uploads\/2021\/09\/asi-es-el-programa-que-busca-acelerar-la-innovacion-en-las-empresas-1.jpg\" srcset=\"http:\/\/cordobadirecto.com\/wp-content\/uploads\/2021\/09\/asi-es-el-programa-que-busca-acelerar-la-innovacion-en-las-empresas-3.jpg 2x\" class=\"avatar avatar-100 photo\" height=\"100\" width=\"100\" itemprop=\"image\" loading=\"lazy\"><\/div>\n<div class=\"saboxplugin-desc\" readability=\"6.5\">\n<div itemprop=\"description\" readability=\"8\">\n<p>Este articulo fue escrito por la redacci\u00f3n de Punto a Punto. Seguinos en todas nuestras redes sociales<\/p>\n<\/div>\n<\/div>\n<\/div>\n<\/div>\n","protected":false},"excerpt":{"rendered":"<p>La Agencia C\u00f3rdoba Innovar y Emprender en alianza con Uvitec llevan&nbsp;adelante el Programa de Innovaci\u00f3n Colaborativa. La convocatoria permanecer\u00e1 abierta hasta el 15 de octubre. La iniciativa cuenta con el apoyo de la Bolsa de Cereales de C\u00f3rdoba (BCCBA), la Bolsa de Comercio de C\u00f3rdoba, la C\u00e1mara de Comercio Exterior de C\u00f3rdoba (Cacec) y la [&hellip;]<\/p>\n","protected":false},"author":1,"featured_media":20284,"comment_status":"closed","ping_status":"closed","sticky":false,"template":"","format":"standard","meta":[],"categories":[25],"tags":[],"_links":{"self":[{"href":"http:\/\/cordobadirecto.com\/index.php\/wp-json\/wp\/v2\/posts\/20283"}],"collection":[{"href":"http:\/\/cordobadirecto.com\/index.php\/wp-json\/wp\/v2\/posts"}],"about":[{"href":"http:\/\/cordobadirecto.com\/index.php\/wp-json\/wp\/v2\/types\/post"}],"author":[{"embeddable":true,"href":"http:\/\/cordobadirecto.com\/index.php\/wp-json\/wp\/v2\/users\/1"}],"replies":[{"embeddable":true,"href":"http:\/\/cordobadirecto.com\/index.php\/wp-json\/wp\/v2\/comments?post=20283"}],"version-history":[{"count":0,"href":"http:\/\/cordobadirecto.com\/index.php\/wp-json\/wp\/v2\/posts\/20283\/revisions"}],"wp:featuredmedia":[{"embeddable":true,"href":"http:\/\/cordobadirecto.com\/index.php\/wp-json\/wp\/v2\/media\/20284"}],"wp:attachment":[{"href":"http:\/\/cordobadirecto.com\/index.php\/wp-json\/wp\/v2\/media?parent=20283"}],"wp:term":[{"taxonomy":"category","embeddable":true,"href":"http:\/\/cordobadirecto.com\/index.php\/wp-json\/wp\/v2\/categories?post=20283"},{"taxonomy":"post_tag","embeddable":true,"href":"http:\/\/cordobadirecto.com\/index.php\/wp-json\/wp\/v2\/tags?post=20283"}],"curies":[{"name":"wp","href":"https:\/\/api.w.org\/{rel}","templated":true}]}}