{"id":20318,"date":"2021-09-26T15:56:58","date_gmt":"2021-09-26T15:56:58","guid":{"rendered":"https:\/\/www.bbc.com\/mundo\/noticias-america-latina-58700359"},"modified":"2021-09-26T15:56:58","modified_gmt":"2021-09-26T15:56:58","slug":"chile-la-marcha-contra-migrantes-que-termino-con-la-quema-de-pertenencias-y-carpas-de-extranjeros","status":"publish","type":"post","link":"http:\/\/cordobadirecto.com\/index.php\/2021\/09\/26\/chile-la-marcha-contra-migrantes-que-termino-con-la-quema-de-pertenencias-y-carpas-de-extranjeros\/","title":{"rendered":"Chile: la marcha contra migrantes que termin\u00f3 con la quema de pertenencias y carpas de extranjeros"},"content":{"rendered":"<div dir=\"ltr\" class=\"e1j2237y5 bbc-q4ibpr e57qer20\">\n<div class=\"bbc-1atl7vu e1c9i7u14\">\n<ul role=\"list\" class=\"bbc-cdrraw e1c9i7u12\">\n<li role=\"listitem\" class=\"bbc-1a3w4ok e1c9i7u11\">Redacci\u00f3n <\/li>\n<li role=\"listitem\" class=\"bbc-1p92jtu e1c9i7u10\">BBC News Mundo<\/li>\n<\/ul>\n<\/div>\n<\/div>\n<p><time datetime=\"2021-09-26\" class=\"bbc-14xtggo e4zesg50\">9 horas<\/time><\/p>\n<div dir=\"ltr\" class=\"bbc-1ka88fa e57qer20\">\n<figure class=\"bbc-1qdcvv9 e6bmn90\">\n<div dir=\"ltr\" class=\"bbc-172p16q e57qer20\">\n<div dir=\"ltr\" class=\"bbc-189y18v e57qer20\" readability=\"6.5\">\n<div data-e2e=\"image-placeholder\" class=\"bbc-997y1y e1whu0\" readability=\"8\"><img loading=\"lazy\" srcset=\"http:\/\/cordobadirecto.com\/wp-content\/uploads\/2021\/09\/chile-la-marcha-contra-migrantes-que-termino-con-la-quema-de-pertenencias-y-carpas-de-extranjeros-5.jpg 240w, http:\/\/cordobadirecto.com\/wp-content\/uploads\/2021\/09\/chile-la-marcha-contra-migrantes-que-termino-con-la-quema-de-pertenencias-y-carpas-de-extranjeros-6.jpg 320w, http:\/\/cordobadirecto.com\/wp-content\/uploads\/2021\/09\/chile-la-marcha-contra-migrantes-que-termino-con-la-quema-de-pertenencias-y-carpas-de-extranjeros-7.jpg 480w, http:\/\/cordobadirecto.com\/wp-content\/uploads\/2021\/09\/chile-la-marcha-contra-migrantes-que-termino-con-la-quema-de-pertenencias-y-carpas-de-extranjeros-8.jpg 624w, http:\/\/cordobadirecto.com\/wp-content\/uploads\/2021\/09\/chile-la-marcha-contra-migrantes-que-termino-con-la-quema-de-pertenencias-y-carpas-de-extranjeros-9.jpg 800w\" alt=\"Hombre con la bandera de chile quemando ropa de migrantes\" src=\"http:\/\/cordobadirecto.com\/wp-content\/uploads\/2021\/09\/chile-la-marcha-contra-migrantes-que-termino-con-la-quema-de-pertenencias-y-carpas-de-extranjeros.jpg\" sizes=\"(min-width: 1008px) 645px, 100vw\" width=\"976\" height=\"549\" class=\"eehpdyc0 bbc-100dhyn e1enwo3v0\"><\/p>\n<p role=\"text\" class=\"bbc-1s1cxbv etq3yw90\"><span class=\"bbc-1gnhmg2 e1yt7oin0\">Fuente de la imagen, <\/span><span lang=\"en-GB\">Getty Images<\/span><\/p>\n<\/div>\n<\/div>\n<div dir=\"ltr\" class=\"bbc-3edg7g e57qer20\" readability=\"6.5\"><figcaption dir=\"ltr\" class=\"bbc-1t9zlwf eede9f50\" readability=\"3\"><span class=\"bbc-1gnhmg2 e1yt7oin0\">Pie de foto, <\/span><\/p>\n<p>Un ciudadano toma una imagen de la quema de ropa y pertenencias de los migrantes que han llegado a Iquique en los \u00faltimos meses.<\/p>\n<\/figcaption><\/div>\n<\/div>\n<\/figure>\n<\/div>\n<div dir=\"ltr\" class=\"bbc-19j92fr e57qer20\" readability=\"8\">\n<p dir=\"ltr\" class=\"bbc-bm53ic e1cc2ql70\"><b>Una movilizaci\u00f3n contra el arribo de inmigrantes que tuvo lugar este s\u00e1bado en la ciudad chilena de Iquique termin\u00f3 con la quema de pertenencias y carpas donde se alojaban estas personas. <\/b><\/p>\n<\/div>\n<div dir=\"ltr\" class=\"bbc-19j92fr e57qer20\" readability=\"13\">\n<p dir=\"ltr\" class=\"bbc-bm53ic e1cc2ql70\">La manifestaci\u00f3n, llamada &#8220;No+migrantes&#8221;, congreg\u00f3, de acuerdo a la informaci\u00f3n provista por la polic\u00eda de Carabineros, a unas 5.000 personas que expresaron su rechazo a la ola migratoria que ha colmado algunos espacios p\u00fablicos de la ciudad. <\/p>\n<\/div>\n<div dir=\"ltr\" class=\"bbc-19j92fr e57qer20\" readability=\"11\">\n<p dir=\"ltr\" class=\"bbc-bm53ic e1cc2ql70\">Iquique est\u00e1 ubicada unos 1.500 kil\u00f3metros al norte de Santiago, la capital de Chile, y en los \u00faltimos meses ha sido el epicentro de una crisis por la llegada masiva de extranjeros indocumentados por la regi\u00f3n de Colchane. <\/p>\n<\/div>\n<div dir=\"ltr\" class=\"bbc-19j92fr e57qer20\" readability=\"10\">\n<p dir=\"ltr\" class=\"bbc-bm53ic e1cc2ql70\">Hasta la fecha son cerca de 3.000 personas las que se encuentran varadas en Iquique, gran parte de ellas despu\u00e9s de <b>haber entrado a Chile por pasos no habilitados en la frontera y haber cruzado la ruta hacia la costa.<\/b><\/p>\n<\/div>\n<div dir=\"ltr\" class=\"bbc-19j92fr e57qer20\" readability=\"10\">\n<p dir=\"ltr\" class=\"bbc-bm53ic e1cc2ql70\">Sin embargo, de acuerdo al reporte de las autoridades locales, varios de los manifestantes asaltaron lugares donde se encontraban los migrantes y adem\u00e1s destruyeron sus carpas.<\/p>\n<\/div>\n<div dir=\"ltr\" class=\"bbc-1ka88fa e57qer20\">\n<figure class=\"bbc-1qdcvv9 e6bmn90\">\n<div dir=\"ltr\" class=\"bbc-172p16q e57qer20\">\n<div dir=\"ltr\" class=\"bbc-189y18v e57qer20\" readability=\"6.5\">\n<div data-e2e=\"image-placeholder\" class=\"bbc-997y1y e1whu0\" readability=\"8\"><noscript><img loading=\"lazy\" srcset=\"http:\/\/cordobadirecto.com\/wp-content\/uploads\/2021\/09\/chile-la-marcha-contra-migrantes-que-termino-con-la-quema-de-pertenencias-y-carpas-de-extranjeros-10.jpg 240w, http:\/\/cordobadirecto.com\/wp-content\/uploads\/2021\/09\/chile-la-marcha-contra-migrantes-que-termino-con-la-quema-de-pertenencias-y-carpas-de-extranjeros-11.jpg 320w, http:\/\/cordobadirecto.com\/wp-content\/uploads\/2021\/09\/chile-la-marcha-contra-migrantes-que-termino-con-la-quema-de-pertenencias-y-carpas-de-extranjeros-12.jpg 480w, http:\/\/cordobadirecto.com\/wp-content\/uploads\/2021\/09\/chile-la-marcha-contra-migrantes-que-termino-con-la-quema-de-pertenencias-y-carpas-de-extranjeros-13.jpg 624w, http:\/\/cordobadirecto.com\/wp-content\/uploads\/2021\/09\/chile-la-marcha-contra-migrantes-que-termino-con-la-quema-de-pertenencias-y-carpas-de-extranjeros-14.jpg 800w\" alt=\"Mujer celebra la quema de ropa de los migrantes\" src=\"http:\/\/cordobadirecto.com\/wp-content\/uploads\/2021\/09\/chile-la-marcha-contra-migrantes-que-termino-con-la-quema-de-pertenencias-y-carpas-de-extranjeros-1.jpg\" sizes=\"(min-width: 1008px) 645px, 100vw\" width=\"976\" height=\"549\" class=\"eehpdyc0 bbc-100dhyn e1enwo3v0\"><\/noscript><\/p>\n<p role=\"text\" class=\"bbc-1s1cxbv etq3yw90\"><span class=\"bbc-1gnhmg2 e1yt7oin0\">Fuente de la imagen, <\/span><span lang=\"en-GB\">Getty Images<\/span><\/p>\n<\/div>\n<\/div>\n<div dir=\"ltr\" class=\"bbc-3edg7g e57qer20\" readability=\"6\"><figcaption dir=\"ltr\" class=\"bbc-1t9zlwf eede9f50\" readability=\"2\"><span class=\"bbc-1gnhmg2 e1yt7oin0\">Pie de foto, <\/span><\/p>\n<p>Varios manifestantes de la ciudad de Iquique quemaron pertenencias de los migrantes.<\/p>\n<\/figcaption><\/div>\n<\/div>\n<\/figure>\n<\/div>\n<div dir=\"ltr\" class=\"bbc-1ka88fa e57qer20\">\n<figure class=\"bbc-1qdcvv9 e6bmn90\">\n<div dir=\"ltr\" class=\"bbc-172p16q e57qer20\">\n<div dir=\"ltr\" class=\"bbc-189y18v e57qer20\" readability=\"6.5\">\n<div data-e2e=\"image-placeholder\" class=\"bbc-997y1y e1whu0\" readability=\"8\"><noscript><img loading=\"lazy\" srcset=\"http:\/\/cordobadirecto.com\/wp-content\/uploads\/2021\/09\/chile-la-marcha-contra-migrantes-que-termino-con-la-quema-de-pertenencias-y-carpas-de-extranjeros-15.jpg 240w, http:\/\/cordobadirecto.com\/wp-content\/uploads\/2021\/09\/chile-la-marcha-contra-migrantes-que-termino-con-la-quema-de-pertenencias-y-carpas-de-extranjeros-16.jpg 320w, http:\/\/cordobadirecto.com\/wp-content\/uploads\/2021\/09\/chile-la-marcha-contra-migrantes-que-termino-con-la-quema-de-pertenencias-y-carpas-de-extranjeros-17.jpg 480w, http:\/\/cordobadirecto.com\/wp-content\/uploads\/2021\/09\/chile-la-marcha-contra-migrantes-que-termino-con-la-quema-de-pertenencias-y-carpas-de-extranjeros-18.jpg 624w, http:\/\/cordobadirecto.com\/wp-content\/uploads\/2021\/09\/chile-la-marcha-contra-migrantes-que-termino-con-la-quema-de-pertenencias-y-carpas-de-extranjeros-19.jpg 800w\" alt=\"Policia desalojando migrantes\" src=\"http:\/\/cordobadirecto.com\/wp-content\/uploads\/2021\/09\/chile-la-marcha-contra-migrantes-que-termino-con-la-quema-de-pertenencias-y-carpas-de-extranjeros-2.jpg\" sizes=\"(min-width: 1008px) 645px, 100vw\" width=\"1024\" height=\"683\" class=\"eehpdyc0 bbc-100dhyn e1enwo3v0\"><\/noscript><\/p>\n<p role=\"text\" class=\"bbc-1s1cxbv etq3yw90\"><span class=\"bbc-1gnhmg2 e1yt7oin0\">Fuente de la imagen, <\/span><span lang=\"en-GB\">Getty Images<\/span><\/p>\n<\/div>\n<\/div>\n<div dir=\"ltr\" class=\"bbc-3edg7g e57qer20\" readability=\"6.5\"><figcaption dir=\"ltr\" class=\"bbc-1t9zlwf eede9f50\" readability=\"3\"><span class=\"bbc-1gnhmg2 e1yt7oin0\">Pie de foto, <\/span><\/p>\n<p>La polic\u00eda local ha realizado varias redadas para desalojar a los migrantes de varios lugares p\u00fablicos en Iquique.<\/p>\n<\/figcaption><\/div>\n<\/div>\n<\/figure>\n<\/div>\n<div dir=\"ltr\" class=\"bbc-19j92fr e57qer20\" readability=\"7\">\n<p dir=\"ltr\" class=\"bbc-bm53ic e1cc2ql70\">Tambi\u00e9n quemaron las pertenencias de varias de las personas que estaban acampando all\u00ed. <\/p>\n<\/div>\n<div dir=\"ltr\" class=\"bbc-19j92fr e57qer20\" readability=\"10\">\n<p dir=\"ltr\" class=\"bbc-bm53ic e1cc2ql70\">El ataque, que fue calificado de xen\u00f3fobo, fue rechazado por varios organismos <b>entre ellos Naciones Unidas y el gobierno central. <\/b><\/p>\n<\/div>\n<div dir=\"ltr\" class=\"bbc-19j92fr e57qer20\" readability=\"11\">\n<p dir=\"ltr\" class=\"bbc-bm53ic e1cc2ql70\">El relator especial sobre los derechos humanos de los migrantes de la ONU, <b>Felipe Gonz\u00e1lez<\/b>, calific\u00f3 de &#8220;inadmisible humillaci\u00f3n&#8221; el ataque incendiario contra las pertenencias de las personas inmigrantes.<\/p>\n<\/div>\n<div dir=\"ltr\" class=\"bbc-19j92fr e57qer20\" readability=\"12\">\n<p dir=\"ltr\" class=\"bbc-bm53ic e1cc2ql70\">&#8220;El <b>discurso xen\u00f3fobo, asimilando migraci\u00f3n a delincuencia<\/b>, que por desgracia se ha vuelto cada vez m\u00e1s frecuente en Chile, alimenta esta clase de barbarismo&#8221;, se\u00f1al\u00f3.<\/p>\n<\/div>\n<p><h2 id=\"Crisis-migratoria\" tabindex=\"-1\" class=\"bbc-l3e97o e14hemmw0\">Crisis migratoria<\/h2>\n<\/p>\n<div dir=\"ltr\" class=\"bbc-19j92fr e57qer20\" readability=\"8\">\n<p dir=\"ltr\" class=\"bbc-bm53ic e1cc2ql70\">En las \u00faltimas semanas se ha visto un aumento de extranjeros que intentan ingresar a Chile por zonas no permitidas. <\/p>\n<\/div>\n<div dir=\"ltr\" class=\"bbc-19j92fr e57qer20\" readability=\"8\">\n<p dir=\"ltr\" class=\"bbc-bm53ic e1cc2ql70\">Muchos de ellos ocuparon parques y lugares p\u00fablicos de la ciudad de Iquique a la espera de regularizar su situaci\u00f3n migratoria. <\/p>\n<\/div>\n<div dir=\"ltr\" class=\"bbc-19j92fr e57qer20\" readability=\"9\">\n<p dir=\"ltr\" class=\"bbc-bm53ic e1cc2ql70\">Ante la situaci\u00f3n, el alcalde de la ciudad <b>hizo un llamado al gobierno nacional para que resuelva los casos. <\/b><\/p>\n<\/div>\n<div dir=\"ltr\" class=\"bbc-19j92fr e57qer20\" readability=\"12\">\n<p dir=\"ltr\" class=\"bbc-bm53ic e1cc2ql70\">&#8220;Queremos que el Gobierno de una vez por todas se acerque a la comuna, converse con nuestras comunidades y fije pol\u00edticas y acciones claras en torno a entregarnos seguridad y tambi\u00e9n a respetar nuestros derechos como aymaras&#8221;, le dijo al diario La Tercera el alcalde de Colchane, Javier Garc\u00eda. <\/p>\n<\/div>\n<div dir=\"ltr\" class=\"bbc-19j92fr e57qer20\" readability=\"12\">\n<p dir=\"ltr\" class=\"bbc-bm53ic e1cc2ql70\">Por su parte, el ministro del Interior, Rodrigo Delgado, respondi\u00f3 que el Gobierno va a seguir fortaleciendo el plan de fronteras con m\u00e1s personal y m\u00e1s medios t\u00e9cnicos &#8220;para poder detener el paso <b>de personas que quieren ingresar a Chile de manera clandestina<\/b>&#8220;.<\/p>\n<\/div>\n<div dir=\"ltr\" class=\"bbc-1ka88fa e57qer20\">\n<figure class=\"bbc-1qdcvv9 e6bmn90\">\n<div dir=\"ltr\" class=\"bbc-172p16q e57qer20\">\n<div dir=\"ltr\" class=\"bbc-189y18v e57qer20\" readability=\"6.5\">\n<div data-e2e=\"image-placeholder\" class=\"bbc-997y1y e1whu0\" readability=\"8\"><noscript><img loading=\"lazy\" srcset=\"http:\/\/cordobadirecto.com\/wp-content\/uploads\/2021\/09\/chile-la-marcha-contra-migrantes-que-termino-con-la-quema-de-pertenencias-y-carpas-de-extranjeros-20.jpg 240w, http:\/\/cordobadirecto.com\/wp-content\/uploads\/2021\/09\/chile-la-marcha-contra-migrantes-que-termino-con-la-quema-de-pertenencias-y-carpas-de-extranjeros-21.jpg 320w, http:\/\/cordobadirecto.com\/wp-content\/uploads\/2021\/09\/chile-la-marcha-contra-migrantes-que-termino-con-la-quema-de-pertenencias-y-carpas-de-extranjeros-22.jpg 480w, http:\/\/cordobadirecto.com\/wp-content\/uploads\/2021\/09\/chile-la-marcha-contra-migrantes-que-termino-con-la-quema-de-pertenencias-y-carpas-de-extranjeros-23.jpg 624w, http:\/\/cordobadirecto.com\/wp-content\/uploads\/2021\/09\/chile-la-marcha-contra-migrantes-que-termino-con-la-quema-de-pertenencias-y-carpas-de-extranjeros-24.jpg 800w\" alt=\"Chile\" src=\"http:\/\/cordobadirecto.com\/wp-content\/uploads\/2021\/09\/chile-la-marcha-contra-migrantes-que-termino-con-la-quema-de-pertenencias-y-carpas-de-extranjeros-3.jpg\" sizes=\"(min-width: 1008px) 645px, 100vw\" width=\"1024\" height=\"683\" class=\"eehpdyc0 bbc-100dhyn e1enwo3v0\"><\/noscript><\/p>\n<p role=\"text\" class=\"bbc-1s1cxbv etq3yw90\"><span class=\"bbc-1gnhmg2 e1yt7oin0\">Fuente de la imagen, <\/span><span lang=\"en-GB\">Gettyt<\/span><\/p>\n<\/div>\n<\/div>\n<div dir=\"ltr\" class=\"bbc-3edg7g e57qer20\" readability=\"6.5\"><figcaption dir=\"ltr\" class=\"bbc-1t9zlwf eede9f50\" readability=\"3\"><span class=\"bbc-1gnhmg2 e1yt7oin0\">Pie de foto, <\/span><\/p>\n<p>En las \u00faltimas semanas se ha visto un aumento de la afluencia de los migrantes en el norte de Chile.<\/p>\n<\/figcaption><\/div>\n<\/div>\n<\/figure>\n<\/div>\n<div dir=\"ltr\" class=\"bbc-19j92fr e57qer20\" readability=\"9\">\n<p dir=\"ltr\" class=\"bbc-bm53ic e1cc2ql70\">Y adem\u00e1s anunci\u00f3 que se van a retomar las pol\u00e9micas deportaciones masivas, que la justicia chilena detuvo y que ha sido duramente criticada por organismos internacionales y de derechos humanos. <\/p>\n<\/div>\n<div dir=\"ltr\" class=\"bbc-19j92fr e57qer20\" readability=\"16\">\n<p dir=\"ltr\" class=\"bbc-bm53ic e1cc2ql70\">La mayor\u00eda de los migrantes llega desde <b>Venezuela<\/b><b>,<\/b><b> y Hait\u00ed <\/b>buscando una oportunidad en Chile, pero, como lo se\u00f1ala la agencia EFE, entre las restricciones por la pandemia del covid-19, la pol\u00edtica migratoria y su escasez de recursos econ\u00f3micos quedan atrapados sin poder continuar el viaje por el pa\u00eds, durmiendo en albergues o en campamentos improvisados en las calles.<\/p>\n<\/div>\n<div dir=\"ltr\" class=\"bbc-19j92fr e57qer20\" readability=\"11\">\n<p dir=\"ltr\" class=\"bbc-bm53ic e1cc2ql70\">Seg\u00fan la Polic\u00eda de Investigaciones (PDI) de Chile, entre enero y julio de este a\u00f1o se registraron 23.673 denuncias por ingreso al pa\u00eds a trav\u00e9s de pasos no habilitados, lo que supone un 40% m\u00e1s respecto de los ingresos de todo 2020.<\/p>\n<\/div>\n<div dir=\"ltr\" class=\"bbc-1ka88fa e57qer20\">\n<figure class=\"bbc-1qdcvv9 e6bmn90\">\n<div dir=\"ltr\" class=\"bbc-172p16q e57qer20\">\n<div dir=\"ltr\" class=\"bbc-189y18v e57qer20\">\n<div data-e2e=\"image-placeholder\" class=\"bbc-997y1y e1whu0\"><noscript><img loading=\"lazy\" srcset=\"http:\/\/cordobadirecto.com\/wp-content\/uploads\/2021\/09\/chile-la-marcha-contra-migrantes-que-termino-con-la-quema-de-pertenencias-y-carpas-de-extranjeros-25.jpg 240w, http:\/\/cordobadirecto.com\/wp-content\/uploads\/2021\/09\/chile-la-marcha-contra-migrantes-que-termino-con-la-quema-de-pertenencias-y-carpas-de-extranjeros-26.jpg 320w, http:\/\/cordobadirecto.com\/wp-content\/uploads\/2021\/09\/chile-la-marcha-contra-migrantes-que-termino-con-la-quema-de-pertenencias-y-carpas-de-extranjeros-27.jpg 480w, http:\/\/cordobadirecto.com\/wp-content\/uploads\/2021\/09\/chile-la-marcha-contra-migrantes-que-termino-con-la-quema-de-pertenencias-y-carpas-de-extranjeros-28.jpg 624w\" alt=\"L\u00ednea\" src=\"http:\/\/cordobadirecto.com\/wp-content\/uploads\/2021\/09\/chile-la-marcha-contra-migrantes-que-termino-con-la-quema-de-pertenencias-y-carpas-de-extranjeros-4.jpg\" sizes=\"(min-width: 1008px) 645px, 100vw\" width=\"624\" height=\"2\" class=\"eehpdyc0 bbc-100dhyn e1enwo3v0\"><\/noscript><\/div>\n<\/div>\n<\/div>\n<\/figure>\n<\/div>\n<div dir=\"ltr\" class=\"bbc-19j92fr e57qer20\" readability=\"8\">\n<p dir=\"ltr\" class=\"bbc-bm53ic e1cc2ql70\"><i class=\"bbc-h1y5j7 ewc4zcb0\">Recuerda que puedes recibir notificaciones de BBC News Mundo. Descarga la \u00faltima versi\u00f3n de nuestra app y act\u00edvalas para no perderte nuestro mejor contenido.<\/i><\/p>\n<\/div>\n","protected":false},"excerpt":{"rendered":"<p>Redacci\u00f3n BBC News Mundo 9 horas Fuente de la imagen, Getty Images Pie de foto, Un ciudadano toma una imagen de la quema de ropa y pertenencias de los migrantes que han llegado a Iquique en los \u00faltimos meses. Una movilizaci\u00f3n contra el arribo de inmigrantes que tuvo lugar este s\u00e1bado en la ciudad chilena [&hellip;]<\/p>\n","protected":false},"author":1,"featured_media":20319,"comment_status":"closed","ping_status":"closed","sticky":false,"template":"","format":"standard","meta":[],"categories":[24],"tags":[],"_links":{"self":[{"href":"http:\/\/cordobadirecto.com\/index.php\/wp-json\/wp\/v2\/posts\/20318"}],"collection":[{"href":"http:\/\/cordobadirecto.com\/index.php\/wp-json\/wp\/v2\/posts"}],"about":[{"href":"http:\/\/cordobadirecto.com\/index.php\/wp-json\/wp\/v2\/types\/post"}],"author":[{"embeddable":true,"href":"http:\/\/cordobadirecto.com\/index.php\/wp-json\/wp\/v2\/users\/1"}],"replies":[{"embeddable":true,"href":"http:\/\/cordobadirecto.com\/index.php\/wp-json\/wp\/v2\/comments?post=20318"}],"version-history":[{"count":0,"href":"http:\/\/cordobadirecto.com\/index.php\/wp-json\/wp\/v2\/posts\/20318\/revisions"}],"wp:featuredmedia":[{"embeddable":true,"href":"http:\/\/cordobadirecto.com\/index.php\/wp-json\/wp\/v2\/media\/20319"}],"wp:attachment":[{"href":"http:\/\/cordobadirecto.com\/index.php\/wp-json\/wp\/v2\/media?parent=20318"}],"wp:term":[{"taxonomy":"category","embeddable":true,"href":"http:\/\/cordobadirecto.com\/index.php\/wp-json\/wp\/v2\/categories?post=20318"},{"taxonomy":"post_tag","embeddable":true,"href":"http:\/\/cordobadirecto.com\/index.php\/wp-json\/wp\/v2\/tags?post=20318"}],"curies":[{"name":"wp","href":"https:\/\/api.w.org\/{rel}","templated":true}]}}