{"id":20396,"date":"2021-09-27T01:56:45","date_gmt":"2021-09-27T01:56:45","guid":{"rendered":"http:\/\/cordobadirecto.com\/index.php\/2021\/09\/27\/miguel-mateos-me-siento-afortunado-de-ser-un-artista-popular-querido-y-respetado\/"},"modified":"2021-09-27T01:56:45","modified_gmt":"2021-09-27T01:56:45","slug":"miguel-mateos-me-siento-afortunado-de-ser-un-artista-popular-querido-y-respetado","status":"publish","type":"post","link":"http:\/\/cordobadirecto.com\/index.php\/2021\/09\/27\/miguel-mateos-me-siento-afortunado-de-ser-un-artista-popular-querido-y-respetado\/","title":{"rendered":"Miguel Mateos: &#8220;Me siento afortunado de ser un artista popular, querido y respetado&#8221;"},"content":{"rendered":"<div class=\"image\" id=\"image\" readability=\"7\"> <img src=\"http:\/\/cordobadirecto.com\/wp-content\/uploads\/2021\/09\/miguel-mateos-me-siento-afortunado-de-ser-un-artista-popular-querido-y-respetado.jpg\" alt=\"Mateos repasa una historia que cumple medio siglo (Foto: Victoria Gesualdi)\" title=\"Mateos repasa una historia que cumple medio siglo (Foto: Victoria Gesualdi)\"><\/p>\n<p>Mateos repasa una historia que cumple medio siglo (Foto: Victoria Gesualdi)<\/p>\n<\/div>\n<p>El cantante y compositor <strong>Miguel Mateos<\/strong> celebrar\u00e1 40 a\u00f1os de historia con la m\u00fasica con una serie de conciertos presenciales que iniciar\u00e1 el 9 y 29 de octubre en el porte\u00f1o teatro Gran Rex, en los que har\u00e1 un repaso por sus emblem\u00e1ticas canciones <strong>&#8220;que est\u00e1n en el coraz\u00f3n de la gente&#8221;<\/strong>, algo que fundador de Zas lleva con orgullo y alegr\u00eda.<\/p>\n<p> <iframe width=\"560\" height=\"315\" src=\"https:\/\/www.youtube.com\/embed\/ZUoQTwwYACg?wmode=transparent&amp;showinfo=0&amp;autohide=1&amp;rel=0\" frameborder=\"0\" allowfullscreen>[embedded content]<\/iframe> <\/p>\n<p>Miguel Mateos &#8220;Undotrecua&#8221;<\/p>\n<p><strong>&#8220;Mi obra es mi \u00fanico patrimonio y mi obra son mis canciones; me siento muy afortunado por tener tantas canciones tan representativas de distintos \u00e9pocas y de distintas situaciones personales en cada persona, no solamente en Argentina sino tambi\u00e9n en toda Latinoam\u00e9rica, que ha sido tan generosa con todos nosotros y donde tengo la suerte de seguir girando&#8221;,<\/strong> indic\u00f3 Miguel Mateos en charla con T\u00e9lam.<\/p>\n<div class=\"image-right\" readability=\"7\"> <img src=\"http:\/\/cordobadirecto.com\/wp-content\/uploads\/2021\/09\/miguel-mateos-me-siento-afortunado-de-ser-un-artista-popular-querido-y-respetado-1.jpg\" alt=\"Mateos: &quot;El repertorio se bas\u00f3 en cada disco&quot;. (Foto Victoria Gesualdi)\" title=\"Mateos: &quot;El repertorio se bas\u00f3 en cada disco&quot;. (Foto Victoria Gesualdi)\"><\/p>\n<p>Mateos: &#8220;El repertorio se bas\u00f3 en cada disco&#8221;. (Foto Victoria Gesualdi)<\/p>\n<\/div>\n<p>En estos conciertos, el m\u00fasico har\u00e1 un recorrido por su historia, que va desde su presentaci\u00f3n masiva en sociedad como apertura de los m\u00edticos recitales de Queen en febrero de 1981, hasta este presente que lo encuentra activo con su \u00faltimo \u00e1lbum <strong>&#8220;Undotrecua&#8221;<\/strong> nominado al Grammy Latino.<\/p>\n<p><strong>&#8220;Es una fiesta para m\u00ed&#8221;<\/strong>, dijo Mateos acerca de &#8220;40 a\u00f1os&#8221;, nombre del show que el cantante presentar\u00e1 primero en la sala de la avenida Corrientes 857 -agreg\u00f3 una segunda funci\u00f3n por localidades agotadas- y luego en las ciudades de C\u00f3rdoba y Rosario -el 5 y 6 de noviembre, respectivamente-, como una forma de agradecimiento al p\u00fablico fiel que lo sigui\u00f3 durante tanto tiempo y a las nuevas generaciones que buscan descubrir el poder esc\u00e9nico de Mateos.<\/p>\n<blockquote readability=\"9\">\n<p>&#8220;Nada es producto del azar, soy un tipo de trabajo, de estudio, sigo tratando de aprender esta misteriosa materia que es la m\u00fasica.&#8221;<span class=\"comilla\">\u201d<\/span><\/p>\n<p><span>Miguel Mateos<\/span><\/p>\n<\/blockquote>\n<p>En este reencuentro con el p\u00fablico, el cantante -responsable de hits como<strong> &#8220;Va por vos, para vos&#8221;, &#8220;Huevos&#8221;, &#8220;Tir\u00e1 para arriba&#8221;, &#8220;Obsesi\u00f3n&#8221;, &#8220;Cuando seas grande&#8221;, <\/strong>hasta el presente de<strong> &#8220;Undotrecu\u00e1&#8221;<\/strong> con su homenaje al rock argentino de <strong>&#8220;El nacional&#8221;<\/strong>&#8211; adelant\u00f3 que versionar\u00e1 una canci\u00f3n de cada uno de sus discos publicados.<br \/>\n<br \/><strong>T\u00e9lam \u00bfCon qu\u00e9 criterio pensaste el repertorio para estos festejos?<\/strong><\/p>\n<p>Miguel Mateos: El repertorio se bas\u00f3 en cada disco. Me parec\u00eda interesante buscar una canci\u00f3n representativa de cada \u00e1lbum y contar alguna historia de esa canci\u00f3n. La idea es hacerlo en forma cronol\u00f3gica, teniendo en cuenta que parto desde el 81 y que sigo hasta el 2021 han pasado un mont\u00f3n de cosas en la Argentina, a m\u00ed como argentino y tambi\u00e9n en el mundo, as\u00ed que lo estoy armando desde ese punto de vista. Seguramente habr\u00e1 alg\u00fan que otro invitado para poder compartir en el escenario, as\u00ed que va a ser muy ameno, espero que sea de esa manera y totalmente disfrutable.<\/p>\n<p><strong>T: \u00bfQu\u00e9 representa este show en el Gran Rex en tu carrera, que adem\u00e1s marca el reencuentro con tu p\u00fablico despu\u00e9s de una pausa obligada?<\/strong><\/p>\n<p>MM: Me siento un afortunado de ser un artista popular, querido, respetado y de alguna manera tambi\u00e9n muy consciente a lo largo de todo este tiempo con mi trabajo y por eso de alguna manera muy serio; yo creo que tambi\u00e9n me he ganado un poco el respeto de la gente a lo largo del tiempo, he tratado para preservarme. S\u00e9 que tengo canciones en el coraz\u00f3n de la gente y eso me llena de orgullo y de satisfacci\u00f3n y al mismo tiempo de gran responsabilidad de lo que viene.<\/p>\n<p><strong>T: \u00bfC\u00f3mo viv\u00eds el hecho de festejar 40 a\u00f1os de historia con la m\u00fasica? \u00bfLo viv\u00eds con cierta nostalgia o con total alegr\u00eda?<\/strong><\/p>\n<p>MM: A lo largo de los \u00faltimos 40 a\u00f1os he pasado por dictaduras, por gobiernos radicales, peronistas y cuestiones sociales a nivel nacional y a nivel internacional, y creo que he dado registro en cada uno de esos momentos de las cosas que pasaban a mi alrededor, desde todo punto de vista, as\u00ed que no siento nostalgia, al contrario es gratificante reencontrarme con mi obra, mirar hacia atr\u00e1s y ver que realmente sigue teniendo una vigencia muy impactante en la gente. Adem\u00e1s porque sigo pensando hacer cosas. Tengo una \u00f3pera escrita que se va a estrenar seguramente el a\u00f1o pr\u00f3ximo o en el 23 para orquesta sinf\u00f3nica, para coro, banda y cinco cantantes. Sigo pensando hacia adelante.<\/p>\n<p><strong>T: \u00bfQu\u00e9 balance o reflexi\u00f3n hac\u00e9s cuando pens\u00e1s en este recorrido? Pasaste por diferentes etapas en estos a\u00f1os, desde la masiva presentaci\u00f3n como telonero de Queen en el 81 hasta la actualidad con tu \u00faltimo \u00e1lbum &#8220;Undotrecua!&#8221;? \u00bfQu\u00e9 momento de este camino guard\u00e1s con m\u00e1s cari\u00f1o?<\/strong><\/p>\n<p>MM: Si la verdad que s\u00ed. Arranco en el 81 con Queen, efectivamente, eso es un hito sin duda, como Zas, un grupo totalmente desconocido que gana una suerte de posibilidad in\u00e9dita y partir de ah\u00ed llega mi primer disco, y despu\u00e9s de tres a\u00f1os, viene la gran explosi\u00f3n de &#8220;Rokas vivas&#8221; (1985), un compendio de mis tres primeros \u00e1lbumes, en medio de una situaci\u00f3n muy particular de la Argentina. Despu\u00e9s fue importante el hecho de pensar en Latinoam\u00e9rica como gran posibilidad, de seguir cantando lo nuestro, y llegar a tocar en Teatro Griego en los \u00c1ngeles o en el Chicago Theatre y de alguna manera tambi\u00e9n dar el puntapi\u00e9 de lo que fue la MTV Latina.<\/p>\n<p>Otro acontecimiento que recuerdo fue mi autoexilio en Los \u00c1ngeles en los 90, fue un gran aprendizaje estar all\u00ed con gente muy avezada en producci\u00f3n, directores, m\u00fasicos y me dio la posibilidad de poder tocar con diferentes bandas y poder tener esa gran diversidad. Despu\u00e9s, recuerdo mi vuelta a la Argentina y un sinn\u00famero de cosas que pasan a partir del a\u00f1o 2000 de cosas, y mi etapa independiente como productor musical. Lo m\u00e1s interesante a mi juicio es el momento actual y esa posibilidad de la libertad de poder elegir y saltar al vac\u00edo con algo tan especial como mi nuevo trabajo con la \u00f3pera ya terminada, este nuevo empuj\u00f3n hacia adelante. Estoy viviendo a full todo lo que aconteci\u00f3 y lo que va a acontecer.<\/p>\n<p><strong>T: \u00bfAntes de ser famoso, pensaste que tus temas pod\u00edan llegar a ser cantados por tanta gente de distintas generaciones, a trav\u00e9s de los a\u00f1os? \u00bfConsider\u00e1s un don el arte de hacer canciones o resultado del trabajo? \u00bfQu\u00e9 rol jug\u00f3 el azar en tu historia?<\/strong><\/p>\n<p>MM: Nada es producto del azar, soy un tipo de trabajo, de estudio sigo estudiando, sigo tratando de aprender esta misteriosa materia que es la m\u00fasica. Yo creo en el trabajo, creo en el m\u00e9rito que se ha puesto en tela de juicio \u00faltimamente, y que es en definitiva eso, una mezcla de estudio, trabajo y aprovechar la oportunidad que a uno le va a apareciendo en la vida, m\u00e1s una gran dosis de entusiasmo para seguir, salir adelante, a pesar de los momentos m\u00e1s bajos, porque obviamente a lo largo de 40 a\u00f1os he tenido momentos m\u00e1s bajos, m\u00e1s intermedios, m\u00e1s altos, pero haber lidiado con todo eso y encontrarme en la situaci\u00f3n que estoy hoy, me hace muy feliz.<\/p>\n<p><strong>T: \u00bfCu\u00e1l es el principal motor que te lleva a seguir haciendo m\u00fasica?<\/strong><\/p>\n<p>MM: El principal motor que me sigue impulsando es esta gran vocaci\u00f3n que tengo por la m\u00fasica y que de alguna manera me inculc\u00f3 mi madre al ser profesora de m\u00fasica y profesora de coros; desde ese comienzo sent\u00e1ndome al piano vertical de la casa de mis padres a darme mis primeras lecciones, a obligarme posteriormente a ir al conservatorio y hasta el momento de tomar yo la decisi\u00f3n de hacerlo esto en forma profesional. La m\u00fasica es el motor de mi existencia. <\/p>\n","protected":false},"excerpt":{"rendered":"<p>Mateos repasa una historia que cumple medio siglo (Foto: Victoria Gesualdi) El cantante y compositor Miguel Mateos celebrar\u00e1 40 a\u00f1os de historia con la m\u00fasica con una serie de conciertos presenciales que iniciar\u00e1 el 9 y 29 de octubre en el porte\u00f1o teatro Gran Rex, en los que har\u00e1 un repaso por sus emblem\u00e1ticas canciones [&hellip;]<\/p>\n","protected":false},"author":1,"featured_media":20397,"comment_status":"closed","ping_status":"closed","sticky":false,"template":"","format":"standard","meta":[],"categories":[20],"tags":[],"_links":{"self":[{"href":"http:\/\/cordobadirecto.com\/index.php\/wp-json\/wp\/v2\/posts\/20396"}],"collection":[{"href":"http:\/\/cordobadirecto.com\/index.php\/wp-json\/wp\/v2\/posts"}],"about":[{"href":"http:\/\/cordobadirecto.com\/index.php\/wp-json\/wp\/v2\/types\/post"}],"author":[{"embeddable":true,"href":"http:\/\/cordobadirecto.com\/index.php\/wp-json\/wp\/v2\/users\/1"}],"replies":[{"embeddable":true,"href":"http:\/\/cordobadirecto.com\/index.php\/wp-json\/wp\/v2\/comments?post=20396"}],"version-history":[{"count":0,"href":"http:\/\/cordobadirecto.com\/index.php\/wp-json\/wp\/v2\/posts\/20396\/revisions"}],"wp:featuredmedia":[{"embeddable":true,"href":"http:\/\/cordobadirecto.com\/index.php\/wp-json\/wp\/v2\/media\/20397"}],"wp:attachment":[{"href":"http:\/\/cordobadirecto.com\/index.php\/wp-json\/wp\/v2\/media?parent=20396"}],"wp:term":[{"taxonomy":"category","embeddable":true,"href":"http:\/\/cordobadirecto.com\/index.php\/wp-json\/wp\/v2\/categories?post=20396"},{"taxonomy":"post_tag","embeddable":true,"href":"http:\/\/cordobadirecto.com\/index.php\/wp-json\/wp\/v2\/tags?post=20396"}],"curies":[{"name":"wp","href":"https:\/\/api.w.org\/{rel}","templated":true}]}}