{"id":20418,"date":"2021-09-27T02:26:18","date_gmt":"2021-09-27T02:26:18","guid":{"rendered":"https:\/\/puntoapunto.com.ar\/?p=316758"},"modified":"2021-09-27T02:26:18","modified_gmt":"2021-09-27T02:26:18","slug":"como-sera-el-networking-day-para-celebrar-los-24-anos-de-punto-a-punto","status":"publish","type":"post","link":"http:\/\/cordobadirecto.com\/index.php\/2021\/09\/27\/como-sera-el-networking-day-para-celebrar-los-24-anos-de-punto-a-punto\/","title":{"rendered":"C\u00f3mo ser\u00e1 el Networking Day para celebrar los 24 a\u00f1os de Punto a Punto"},"content":{"rendered":"<div class=\"td-post-featured-image\"><a href=\"http:\/\/cordobadirecto.com\/wp-content\/uploads\/2021\/09\/como-sera-el-networking-day-para-celebrar-los-24-anos-de-punto-a-punto-8.jpg\" data-caption><img loading=\"lazy\" width=\"696\" height=\"651\" class=\"entry-thumb td-modal-image\" src=\"http:\/\/cordobadirecto.com\/wp-content\/uploads\/2021\/09\/como-sera-el-networking-day-para-celebrar-los-24-anos-de-punto-a-punto.jpg\" srcset=\"http:\/\/cordobadirecto.com\/wp-content\/uploads\/2021\/09\/como-sera-el-networking-day-para-celebrar-los-24-anos-de-punto-a-punto.jpg 696w, http:\/\/cordobadirecto.com\/wp-content\/uploads\/2021\/09\/como-sera-el-networking-day-para-celebrar-los-24-anos-de-punto-a-punto-2.jpg 300w, http:\/\/cordobadirecto.com\/wp-content\/uploads\/2021\/09\/como-sera-el-networking-day-para-celebrar-los-24-anos-de-punto-a-punto-3.jpg 1024w, http:\/\/cordobadirecto.com\/wp-content\/uploads\/2021\/09\/como-sera-el-networking-day-para-celebrar-los-24-anos-de-punto-a-punto-4.jpg 768w, http:\/\/cordobadirecto.com\/wp-content\/uploads\/2021\/09\/como-sera-el-networking-day-para-celebrar-los-24-anos-de-punto-a-punto-5.jpg 150w, http:\/\/cordobadirecto.com\/wp-content\/uploads\/2021\/09\/como-sera-el-networking-day-para-celebrar-los-24-anos-de-punto-a-punto-6.jpg 1068w, http:\/\/cordobadirecto.com\/wp-content\/uploads\/2021\/09\/como-sera-el-networking-day-para-celebrar-los-24-anos-de-punto-a-punto-7.jpg 449w, http:\/\/cordobadirecto.com\/wp-content\/uploads\/2021\/09\/como-sera-el-networking-day-para-celebrar-los-24-anos-de-punto-a-punto-8.jpg 1243w\" sizes=\"(max-width: 696px) 100vw, 696px\" alt title=\"PHOTO-2021-09-21-12-21-32\"><\/a><\/div>\n<p>El <strong>martes 28 de septiembre Punto a Punto celebrar\u00e1 sus 24 a\u00f1os<\/strong> en el mercado de medios de C\u00f3rdoba. Lo har\u00e1 con un <strong>evento h\u00edbrido<\/strong>, donde combinar\u00e1 lo presencial (ajustado a los protocolos vigentes) y lo virtual, a trav\u00e9s de un stereming a cargo de Enjoy Live, donde se transmitir\u00e1 todo lo que suceda en Alto Bot\u00e1nico.<\/p>\n<p>En ese sentido, ser\u00e1 variado el \u201ccontenido\u201d que se transmitir\u00e1 a lo largo de dos horas: por un lado, habr\u00e1 entrevistas con algunos de los presentes, sorteos y la posibilidad de conocer de cerca a las diez <strong><a href=\"https:\/\/puntoapunto.com.ar\/este-ano-en-el-networking-day-tambien-se-podra-hacer-negocios-invertir-en-una-startup\/\" target=\"_blank\" rel=\"noopener\">startups<\/a><\/strong> que se presentar\u00e1n en el evento con un solo objetivo: disponer de un \u00e1mbito propicio para que los asistentes y quienes sigan el evento v\u00eda streaming puedan invertir y ayudarlas a escalar.<\/p>\n<p>Se trata de <strong>diez startups que se encuentran en el estad\u00edo ideal para apoyarlas<\/strong> en su crecimiento. S\u00ed: este a\u00f1o la comunidad de negocios de C\u00f3rdoba podr\u00e1 participar del tradicional evento, en un \u00e1mbito distendido para compartir con pares, pero sumando la novedad de que tambi\u00e9n podr\u00e1n hacer negocios invirtiendo en una startup cordobesa.<\/p>\n<p>Las diez startups fueron seleccionadas por Punto a Punto, con el apoyo de la <strong>Asociaci\u00f3n de Emprendedores Tecnol\u00f3gicos<\/strong> (Asetec) y de la Escuela de Innovaci\u00f3n. Tendr\u00e1n un espacio asignado en el evento (donde los emprendedores podr\u00e1n tener un mano a mano directo con los empresarios) y al mismo tiempo se presentar\u00e1n a trav\u00e9s de la transmisi\u00f3n v\u00eda streaming que realizar\u00e1 Enjoy Live.<\/p>\n<p>En <strong><a href=\"https:\/\/puntoapunto.com.ar\/alto-botanico-el-lugar-elegido-para-el-nwd2021\/\" target=\"_blank\" rel=\"noopener\">Alto Bot\u00e1nico<\/a><\/strong> habr\u00e1 un espacio destinado a bodegas cordobesa<strong> \u201cExperiencia ruta del vino\u201d<\/strong> y la posibilidad de reencontrarse con parte de la comunidad de negocios de C\u00f3rdoba. Como es habitual, Revista OCIO y diario Perfil C\u00f3rdoba tendr\u00e1n sus espacios, as\u00ed como las radios que forman parte del Grupo: 90.7 Punto a Punto Radio y <a href=\"https:\/\/puntoapunto.com.ar\/punto-a-punto-suma-un-nuevo-medio-sum-1033-radio-podcast\/\">Radio SUM<\/a> &amp; Podscats (103.3).<\/p>\n<p>La organizaci\u00f3n integral del <a href=\"https:\/\/puntoapunto.com.ar\/el-regreso-de-los-eventos-presenciales-las-tendencias-de-la-nueva-normalidad\/\" target=\"_blank\" rel=\"noopener\">evento <\/a>est\u00e1 a cargo de Punto E (la alianza entre Enjoy Live y Punto a Punto) con la \u00faltima tecnolog\u00eda disponible en sonido e iluminaci\u00f3n y la mejor opci\u00f3n en streaming que hoy ofrece el mercado. En tanto, la coordinaci\u00f3n estar\u00e1 a cargo de Mica Fern\u00e1ndez (Acacia Event Planner) y la ambientaci\u00f3n de Unico Ambientaciones.<\/p>\n<p>Los main sponsors del evento son Grupo Proaco, Banco del Sol, Aipha-G, Fundaci\u00f3n Banco de C\u00f3rdoba, Dentis y Autocity.<\/p>\n<div class=\"saboxplugin-wrap\" itemtype=\"http:\/\/schema.org\/Person\" itemscope itemprop=\"author\">\n<div class=\"saboxplugin-tab\">\n<div class=\"saboxplugin-gravatar\"><img alt src=\"http:\/\/cordobadirecto.com\/wp-content\/uploads\/2021\/09\/como-sera-el-networking-day-para-celebrar-los-24-anos-de-punto-a-punto-1.jpg\" srcset=\"http:\/\/cordobadirecto.com\/wp-content\/uploads\/2021\/09\/como-sera-el-networking-day-para-celebrar-los-24-anos-de-punto-a-punto-9.jpg 2x\" class=\"avatar avatar-100 photo\" height=\"100\" width=\"100\" itemprop=\"image\" loading=\"lazy\"><\/div>\n<div class=\"saboxplugin-desc\" readability=\"6.5\">\n<div itemprop=\"description\" readability=\"8\">\n<p>Este articulo fue escrito por la redacci\u00f3n de Punto a Punto. Seguinos en todas nuestras redes sociales<\/p>\n<\/div>\n<\/div>\n<\/div>\n<\/div>\n","protected":false},"excerpt":{"rendered":"<p>El martes 28 de septiembre Punto a Punto celebrar\u00e1 sus 24 a\u00f1os en el mercado de medios de C\u00f3rdoba. Lo har\u00e1 con un evento h\u00edbrido, donde combinar\u00e1 lo presencial (ajustado a los protocolos vigentes) y lo virtual, a trav\u00e9s de un stereming a cargo de Enjoy Live, donde se transmitir\u00e1 todo lo que suceda en [&hellip;]<\/p>\n","protected":false},"author":1,"featured_media":20419,"comment_status":"closed","ping_status":"closed","sticky":false,"template":"","format":"standard","meta":[],"categories":[25],"tags":[],"_links":{"self":[{"href":"http:\/\/cordobadirecto.com\/index.php\/wp-json\/wp\/v2\/posts\/20418"}],"collection":[{"href":"http:\/\/cordobadirecto.com\/index.php\/wp-json\/wp\/v2\/posts"}],"about":[{"href":"http:\/\/cordobadirecto.com\/index.php\/wp-json\/wp\/v2\/types\/post"}],"author":[{"embeddable":true,"href":"http:\/\/cordobadirecto.com\/index.php\/wp-json\/wp\/v2\/users\/1"}],"replies":[{"embeddable":true,"href":"http:\/\/cordobadirecto.com\/index.php\/wp-json\/wp\/v2\/comments?post=20418"}],"version-history":[{"count":0,"href":"http:\/\/cordobadirecto.com\/index.php\/wp-json\/wp\/v2\/posts\/20418\/revisions"}],"wp:featuredmedia":[{"embeddable":true,"href":"http:\/\/cordobadirecto.com\/index.php\/wp-json\/wp\/v2\/media\/20419"}],"wp:attachment":[{"href":"http:\/\/cordobadirecto.com\/index.php\/wp-json\/wp\/v2\/media?parent=20418"}],"wp:term":[{"taxonomy":"category","embeddable":true,"href":"http:\/\/cordobadirecto.com\/index.php\/wp-json\/wp\/v2\/categories?post=20418"},{"taxonomy":"post_tag","embeddable":true,"href":"http:\/\/cordobadirecto.com\/index.php\/wp-json\/wp\/v2\/tags?post=20418"}],"curies":[{"name":"wp","href":"https:\/\/api.w.org\/{rel}","templated":true}]}}