{"id":20424,"date":"2021-09-27T01:16:00","date_gmt":"2021-09-27T01:16:00","guid":{"rendered":"http:\/\/cordobadirecto.com\/index.php\/2021\/09\/27\/las-elecciones-en-alemania-cabeza-a-cabeza-sin-dirimir-el-liderazgo-del-proximo-gobierno\/"},"modified":"2021-09-27T01:16:00","modified_gmt":"2021-09-27T01:16:00","slug":"las-elecciones-en-alemania-cabeza-a-cabeza-sin-dirimir-el-liderazgo-del-proximo-gobierno","status":"publish","type":"post","link":"http:\/\/cordobadirecto.com\/index.php\/2021\/09\/27\/las-elecciones-en-alemania-cabeza-a-cabeza-sin-dirimir-el-liderazgo-del-proximo-gobierno\/","title":{"rendered":"Las elecciones en Alemania, cabeza a cabeza sin dirimir el liderazgo del pr\u00f3ximo gobierno"},"content":{"rendered":"<div class=\"image\" id=\"image\" readability=\"7\"> <img src=\"http:\/\/cordobadirecto.com\/wp-content\/uploads\/2021\/09\/las-elecciones-en-alemania-cabeza-a-cabeza-sin-dirimir-el-liderazgo-del-proximo-gobierno.jpg\" alt=\"El SPD obtendr\u00eda 204 bancas en el Bundestag y la alianza CDU-CSU tendr\u00eda 197. (Foto: AFP)\" title=\"El SPD obtendr\u00eda 204 bancas en el Bundestag y la alianza CDU-CSU tendr\u00eda 197. (Foto: AFP)\"><\/p>\n<p>El SPD obtendr\u00eda 204 bancas en el Bundestag y la alianza CDU-CSU tendr\u00eda 197. (Foto: AFP)<\/p>\n<\/div>\n<p>La <strong>socialdemocracia aventajaba ajustadamente a la coalici\u00f3n democristiana-socialcristiana <\/strong>en el escrutinio de las elecciones de este domingo en Alemania, de modo tal que los l\u00edderes de ambos sectores reivindicaban hasta esta noche la intenci\u00f3n de encabezar el gobierno de coalici\u00f3n que suceder\u00e1 al de la canciller Angela Merkel tras 16 a\u00f1os.<\/p>\n<p>Seg\u00fan esos guarismos, el <strong>SPD obtendr\u00eda 204 bancas en el Bundestag<\/strong> (c\u00e1mara baja del parlamento) y <strong>la alianza CDU-CSU tendr\u00eda 197<\/strong>, sobre 730 esca\u00f1os totales, seg\u00fan la agencia de noticias DPA.<\/p>\n<p>El candidato a canciller de SPD, <a href=\"https:\/\/www.telam.com.ar\/notas\/202109\/569622-exministro-trabajo-secretario-general-partido-socialdemocrata-alemania-encuestas-olaf-scholz.html\" target=\"_blank\" rel=\"noopener\">Olaf Scholz<\/a>, afirm\u00f3 que <strong>su partido logr\u00f3 un &#8220;gran \u00e9xito&#8221; <\/strong>y se manifest\u00f3 dispuesto a &#8220;formar gobierno&#8221;.<\/p>\n<p>&#8220;Por supuesto que estoy contento con los resultados electorales; muchos votantes dejaron bien claro que quieren un cambio en el gobierno y que el pr\u00f3ximo canciller debe ser Olaf Scholz&#8221;, dijo de s\u00ed mismo.<\/p>\n<div class=\"image\" id=\"image\" readability=\"7\"> <img src=\"http:\/\/cordobadirecto.com\/wp-content\/uploads\/2021\/09\/las-elecciones-en-alemania-cabeza-a-cabeza-sin-dirimir-el-liderazgo-del-proximo-gobierno-1.jpg\" alt=\"La socialdemocracia aventajaba ajustadamente a la coalici\u00f3n democristiana-socialcristiana.\" title=\"La socialdemocracia aventajaba ajustadamente a la coalici\u00f3n democristiana-socialcristiana.\"><\/p>\n<p>La socialdemocracia aventajaba ajustadamente a la coalici\u00f3n democristiana-socialcristiana.<\/p>\n<\/div>\n<p>Mientras tanto, el candidato a canciller de CDU-CSU, <a href=\"https:\/\/www.telam.com.ar\/notas\/202109\/569626-armin-laschet-alemania-merkel-elecciones.html\" target=\"_blank\" rel=\"noopener\">Armin Laschet<\/a>, <strong>convoc\u00f3 a los dem\u00e1s partidos a formar una coalici\u00f3n<\/strong> &#8220;contra un gobierno de izquierda&#8221;.<\/p>\n<p>&#8220;Un voto a la Uni\u00f3n es un voto contra un gobierno federal de izquierda, por eso vamos a hacer todo lo que est\u00e9 en nuestras manos para formar un gobierno federal liderado por la Uni\u00f3n&#8221;, remarc\u00f3.<\/p>\n<p>Laschet dijo que esa nueva alianza deber\u00eda llamarse &#8220;<strong>Coalici\u00f3n Futuro<\/strong>&#8220;, e incluir al Partido Liberal Dem\u00f3crata (FDP) y a Los Verdes.<\/p>\n<p>El l\u00edder de la CSU, Markus Soeder, interpret\u00f3 que los resultados son un rev\u00e9s para Scholz porque este prefer\u00eda formar una coalici\u00f3n de gobiernos con ecologistas y La Izquierda.<\/p>\n<div class=\"image\" id=\"image\" readability=\"8\"> <img src=\"http:\/\/cordobadirecto.com\/wp-content\/uploads\/2021\/09\/las-elecciones-en-alemania-cabeza-a-cabeza-sin-dirimir-el-liderazgo-del-proximo-gobierno-2.jpg\" alt=\"Olaf Scholz, afirm\u00f3 que su partido logr\u00f3 un &quot;gran \u00e9xito&quot;.\" title=\"Olaf Scholz, afirm\u00f3 que su partido logr\u00f3 un &quot;gran \u00e9xito&quot;.\"><\/p>\n<p>Olaf Scholz, afirm\u00f3 que su partido logr\u00f3 un &#8220;gran \u00e9xito&#8221;.<\/p>\n<\/div>\n<p>Hasta esta noche, ninguno de los dos grandes partidos hab\u00eda mencionado la posibilidad de reeditar la gran coalici\u00f3n entre SPD y CDU-CSU que domin\u00f3 la escena pol\u00edtica alemana en los \u00faltimos ocho a\u00f1os.<\/p>\n<p>Detr\u00e1s de los dos grandes partidos quedaban Los Verdes (13,8% de los votos y 114 bancas), el FDP (11,7% y 91 diputados), la ultraderechista Alternativa para Alemania (AfD, 10,9% y 83 esca\u00f1os), y La Izquierda (5% y 40 asientos).<\/p>\n<p>La l\u00edder de Los Verdes y tambi\u00e9n candidata a canciller, Annalena Baerbock, admiti\u00f3 que su fuerza result\u00f3 derrotada y reconoci\u00f3 &#8220;errores propios&#8221; en la campa\u00f1a electoral.<\/p>\n<p>&#8220;Quer\u00edamos m\u00e1s y no lo conseguimos debido a nuestros propios errores al principio de la campa\u00f1a, mis propios errores; esta vez no fue suficiente, pero el partido tiene un deber de cara al futuro&#8221;, se\u00f1al\u00f3.<\/p>\n<p>La mayor preocupaci\u00f3n, sin embargo, estaba en La Izquierda, que precisaba confirmar al menos su 5% de votos ya que ese es el m\u00ednimo requerido para poder entrar en el parlamento.<\/p>\n<p>Si se confirmaran esos resultados, AfD pasar\u00eda se ser la tercera fuerza pol\u00edtica a la quinta.<\/p>\n<div class=\"image\" id=\"image\" readability=\"8\"> <img src=\"http:\/\/cordobadirecto.com\/wp-content\/uploads\/2021\/09\/las-elecciones-en-alemania-cabeza-a-cabeza-sin-dirimir-el-liderazgo-del-proximo-gobierno-3.jpg\" alt=\"Armin Laschet, convoc\u00f3 a los dem\u00e1s partidos a formar una coalici\u00f3n.\" title=\"Armin Laschet, convoc\u00f3 a los dem\u00e1s partidos a formar una coalici\u00f3n.\"><\/p>\n<p>Armin Laschet, convoc\u00f3 a los dem\u00e1s partidos a formar una coalici\u00f3n.<\/p>\n<\/div>\n<p>&#8220;Las p\u00e9rdidas hacen da\u00f1o&#8221;, reconoci\u00f3 uno de los l\u00edderes de AfD, Tino Chrupalla, aunque resalt\u00f3 que su partido tiene &#8220;una s\u00f3lida base de votantes&#8221;.<\/p>\n<p>En tanto, SPD mejorar\u00eda claramente su performance en las legislativas anteriores (20,5% en 2017), pero quedar\u00eda lejos de la contundente victoria que esperaba para poder formar gobierno con comodidad.<\/p>\n<p>En cambio, CDU-CSU quedar\u00eda lejos del 32,9% de respaldo que obtuvo hace cuatro a\u00f1os, en las \u00faltimas elecciones con Merkel como candidata a canciller, y tendr\u00eda ahora el peor resultado electoral de toda su historia.<\/p>\n<p>A diferencia de la Argentina, en Alemania el jefe del gobierno no es elegido directamente, sino por el nuevo parlamento.<\/p>\n<div class=\"image\" id=\"image\" readability=\"7\"> <img src=\"http:\/\/cordobadirecto.com\/wp-content\/uploads\/2021\/09\/las-elecciones-en-alemania-cabeza-a-cabeza-sin-dirimir-el-liderazgo-del-proximo-gobierno-4.jpg\" alt=\"Merkel se ir\u00e1 tras 16 a\u00f1os\" title=\"Merkel se ir\u00e1 tras 16 a\u00f1os\"><\/p>\n<p>Merkel se ir\u00e1 tras 16 a\u00f1os<\/p>\n<\/div>\n<p>No obstante, la figura del candidato al Ejecutivo designado por cada partido juega una relevancia creciente en el electorado, que no solo vota al diputado de su distrito, sino tambi\u00e9n al partido que apoya al postulante a canciller que m\u00e1s le convence.<\/p>\n<p>Este a\u00f1o, tres de los 47 partidos que compitieron en los comicios presentaron un aspirante a la canciller\u00eda: Laschet, por la conservadora CDU-CSU; Scholz, por SPD, y Baerbock, por Los Verdes.<\/p>\n<p>En una de las campa\u00f1as electorales m\u00e1s palpitantes en d\u00e9cadas, las tres formaciones fluctuaron constantemente en los sondeos, pero en las \u00faltimas semanas SPD tom\u00f3 la delantera gracias a la imagen positiva de Scholz, el segundo pol\u00edtico mejor valorado en el pa\u00eds despu\u00e9s de Merkel, seg\u00fan una encuesta publicada por la televisora p\u00fablica ZDF.<\/p>\n<p>En un intento de garantizar la continuidad y la estabilidad tan anhelada por los alemanes, el l\u00edder socialdem\u00f3crata intent\u00f3 presentarse como el m\u00e1s merkeliano de todos los aspirantes, al emular a la canciller, copiar sus frases y hasta su famoso gesto de hacer un rombo con las manos. <\/p>\n","protected":false},"excerpt":{"rendered":"<p>El SPD obtendr\u00eda 204 bancas en el Bundestag y la alianza CDU-CSU tendr\u00eda 197. (Foto: AFP) La socialdemocracia aventajaba ajustadamente a la coalici\u00f3n democristiana-socialcristiana en el escrutinio de las elecciones de este domingo en Alemania, de modo tal que los l\u00edderes de ambos sectores reivindicaban hasta esta noche la intenci\u00f3n de encabezar el gobierno de [&hellip;]<\/p>\n","protected":false},"author":1,"featured_media":20425,"comment_status":"closed","ping_status":"closed","sticky":false,"template":"","format":"standard","meta":[],"categories":[24],"tags":[],"_links":{"self":[{"href":"http:\/\/cordobadirecto.com\/index.php\/wp-json\/wp\/v2\/posts\/20424"}],"collection":[{"href":"http:\/\/cordobadirecto.com\/index.php\/wp-json\/wp\/v2\/posts"}],"about":[{"href":"http:\/\/cordobadirecto.com\/index.php\/wp-json\/wp\/v2\/types\/post"}],"author":[{"embeddable":true,"href":"http:\/\/cordobadirecto.com\/index.php\/wp-json\/wp\/v2\/users\/1"}],"replies":[{"embeddable":true,"href":"http:\/\/cordobadirecto.com\/index.php\/wp-json\/wp\/v2\/comments?post=20424"}],"version-history":[{"count":0,"href":"http:\/\/cordobadirecto.com\/index.php\/wp-json\/wp\/v2\/posts\/20424\/revisions"}],"wp:featuredmedia":[{"embeddable":true,"href":"http:\/\/cordobadirecto.com\/index.php\/wp-json\/wp\/v2\/media\/20425"}],"wp:attachment":[{"href":"http:\/\/cordobadirecto.com\/index.php\/wp-json\/wp\/v2\/media?parent=20424"}],"wp:term":[{"taxonomy":"category","embeddable":true,"href":"http:\/\/cordobadirecto.com\/index.php\/wp-json\/wp\/v2\/categories?post=20424"},{"taxonomy":"post_tag","embeddable":true,"href":"http:\/\/cordobadirecto.com\/index.php\/wp-json\/wp\/v2\/tags?post=20424"}],"curies":[{"name":"wp","href":"https:\/\/api.w.org\/{rel}","templated":true}]}}