{"id":20462,"date":"2021-09-27T20:56:25","date_gmt":"2021-09-27T20:56:25","guid":{"rendered":"https:\/\/puntoapunto.com.ar\/?p=316849"},"modified":"2021-09-27T20:56:25","modified_gmt":"2021-09-27T20:56:25","slug":"oficializaron-la-suba-del-salario-minimo-vital-y-movil-estos-son-los-nuevos-montos","status":"publish","type":"post","link":"http:\/\/cordobadirecto.com\/index.php\/2021\/09\/27\/oficializaron-la-suba-del-salario-minimo-vital-y-movil-estos-son-los-nuevos-montos\/","title":{"rendered":"Oficializaron la suba del salario m\u00ednimo, vital y m\u00f3vil: estos son los nuevos montos"},"content":{"rendered":"<div class=\"td-post-featured-image\"><a href=\"http:\/\/cordobadirecto.com\/wp-content\/uploads\/2021\/09\/oficializaron-la-suba-del-salario-minimo-vital-y-movil-estos-son-los-nuevos-montos-6.jpg\" data-caption><img loading=\"lazy\" width=\"696\" height=\"464\" class=\"entry-thumb td-modal-image\" src=\"http:\/\/cordobadirecto.com\/wp-content\/uploads\/2021\/09\/oficializaron-la-suba-del-salario-minimo-vital-y-movil-estos-son-los-nuevos-montos.jpg\" srcset=\"http:\/\/cordobadirecto.com\/wp-content\/uploads\/2021\/09\/oficializaron-la-suba-del-salario-minimo-vital-y-movil-estos-son-los-nuevos-montos.jpg 696w, http:\/\/cordobadirecto.com\/wp-content\/uploads\/2021\/09\/oficializaron-la-suba-del-salario-minimo-vital-y-movil-estos-son-los-nuevos-montos-2.jpg 300w, http:\/\/cordobadirecto.com\/wp-content\/uploads\/2021\/09\/oficializaron-la-suba-del-salario-minimo-vital-y-movil-estos-son-los-nuevos-montos-3.jpg 768w, http:\/\/cordobadirecto.com\/wp-content\/uploads\/2021\/09\/oficializaron-la-suba-del-salario-minimo-vital-y-movil-estos-son-los-nuevos-montos-4.jpg 150w, http:\/\/cordobadirecto.com\/wp-content\/uploads\/2021\/09\/oficializaron-la-suba-del-salario-minimo-vital-y-movil-estos-son-los-nuevos-montos-5.jpg 630w, http:\/\/cordobadirecto.com\/wp-content\/uploads\/2021\/09\/oficializaron-la-suba-del-salario-minimo-vital-y-movil-estos-son-los-nuevos-montos-6.jpg 924w\" sizes=\"(max-width: 696px) 100vw, 696px\" alt title=\"Salarios\"><\/a><\/div>\n<p>El Gobierno oficializ\u00f3 el aumento del <strong>salario m\u00ednimo,<\/strong>&nbsp;que trepar\u00e1 de manera escalonada hasta los&nbsp;<strong>$33.000<\/strong>&nbsp;en&nbsp;<strong>febrero del 2022,<\/strong> la suba implica una recomposici\u00f3n anualizada del <strong>52,7%.<\/strong> La medida se formaliz\u00f3 este lunes por medio de la <strong>Resoluci\u00f3n 11\/2021<\/strong>&nbsp;del Ministerio de Trabajo, publicada en el&nbsp;<strong>Bolet\u00edn Oficial.<\/strong><\/p>\n<p>La decisi\u00f3n del aumento fue consensuada entre<strong><a href=\"https:\/\/puntoapunto.com.ar\/que-esperan-los-empresarios-tras-la-derrota-del-gobierno-en-las-paso\/\" target=\"_blank\" rel=\"noopener\"> empresarios<\/a> y sindicalistas<\/strong> en la reuni\u00f3n del Consejo del Empleo, la Productividad y el Salario M\u00ednimo, Vital y M\u00f3vil que se realiz\u00f3 la semana pasada.<\/p>\n<p>De esta forma, a partir del <strong>1\u00b0 de septiembre de 2021<\/strong>, se fij\u00f3 el haber m\u00ednimo en&nbsp;<strong>$31.104,00<\/strong>&nbsp;para todos los trabajadores mensualizados que cumplen la jornada legal completa de trabajo, y de&nbsp;<strong>$155,52<\/strong>&nbsp;por hora para los trabajadores jornalizados. A partir del&nbsp;<strong>1\u00b0 de octubre de 2021<\/strong>, en&nbsp;<strong>$32.000,00<\/strong>&nbsp;para los mensualizados y de&nbsp;<strong>$160,00<\/strong>&nbsp;por hora para los jornalizados. Por \u00faltimo, a partir del&nbsp;<strong>1\u00b0 de febrero de 2022<\/strong>, en&nbsp;<strong>$33.000,00<\/strong>&nbsp;para los mensualizados y de&nbsp;<strong>$165,00<\/strong>&nbsp;por hora para los jornalizados.<\/p>\n<p><strong>El aumento total del haber m\u00ednimo a lo largo de 2021 ser\u00e1 del 48%<\/strong>, unos tres puntos por encima de la inflaci\u00f3n esperada por el Gobierno. A trav\u00e9s de la Resoluci\u00f3n tambi\u00e9n se oficializ\u00f3 el incremento de los montos m\u00ednimo y m\u00e1ximo de la prestaci\u00f3n por desempleo, que ser\u00e1n de&nbsp;<strong>$8.640<\/strong>&nbsp;y&nbsp;<strong>$14.400<\/strong>&nbsp;respectivamente, a partir del&nbsp;<strong>1\u00b0 de septiembre de 2021<\/strong>. Luego, a partir del&nbsp;<strong>1\u00b0 de febrero de 2022<\/strong>, esos montos aumentar\u00e1n a&nbsp;<strong>$9.167<\/strong>&nbsp;y&nbsp;<strong>$15.278.<\/strong><\/p>\n<p>El incremento del salario m\u00ednimo alcanza en forma directa a unos&nbsp;<strong>300 mil <a href=\"https:\/\/puntoapunto.com.ar\/empleo-industrial-cordoba-entre-las-provincias-que-registra-mejores-niveles\/\" target=\"_blank\" rel=\"noopener\">trabajadores<\/a><\/strong>&nbsp;fuera de convenio y, adem\u00e1s, implica una referencia para la actualizaci\u00f3n de sueldos en el sector informal de la econom\u00eda. Tambi\u00e9n hay programas sociales cuyos montos se actualizar\u00e1n con la suba del haber m\u00ednimo, como&nbsp;<strong>Progresar, Acompa\u00f1ar, y Potenciar Trabajo.<\/strong><\/p>\n<div class=\"saboxplugin-wrap\" itemtype=\"http:\/\/schema.org\/Person\" itemscope itemprop=\"author\">\n<div class=\"saboxplugin-tab\">\n<div class=\"saboxplugin-gravatar\"><img alt src=\"http:\/\/cordobadirecto.com\/wp-content\/uploads\/2021\/09\/oficializaron-la-suba-del-salario-minimo-vital-y-movil-estos-son-los-nuevos-montos-1.jpg\" srcset=\"http:\/\/cordobadirecto.com\/wp-content\/uploads\/2021\/09\/oficializaron-la-suba-del-salario-minimo-vital-y-movil-estos-son-los-nuevos-montos-7.jpg 2x\" class=\"avatar avatar-100 photo\" height=\"100\" width=\"100\" itemprop=\"image\" loading=\"lazy\"><\/div>\n<div class=\"saboxplugin-desc\" readability=\"2.8523206751055\">\n<div itemprop=\"description\" readability=\"3.5105485232068\">\n<p>Este articulo fue escrito por la redacci\u00f3n de Punto a Punto. Seguinos en todas nuestras redes sociales<\/p>\n<\/div>\n<\/div>\n<\/div>\n<\/div>\n","protected":false},"excerpt":{"rendered":"<p>El Gobierno oficializ\u00f3 el aumento del salario m\u00ednimo,&nbsp;que trepar\u00e1 de manera escalonada hasta los&nbsp;$33.000&nbsp;en&nbsp;febrero del 2022, la suba implica una recomposici\u00f3n anualizada del 52,7%. La medida se formaliz\u00f3 este lunes por medio de la Resoluci\u00f3n 11\/2021&nbsp;del Ministerio de Trabajo, publicada en el&nbsp;Bolet\u00edn Oficial. La decisi\u00f3n del aumento fue consensuada entre empresarios y sindicalistas en la [&hellip;]<\/p>\n","protected":false},"author":1,"featured_media":20463,"comment_status":"closed","ping_status":"closed","sticky":false,"template":"","format":"standard","meta":[],"categories":[25],"tags":[],"_links":{"self":[{"href":"http:\/\/cordobadirecto.com\/index.php\/wp-json\/wp\/v2\/posts\/20462"}],"collection":[{"href":"http:\/\/cordobadirecto.com\/index.php\/wp-json\/wp\/v2\/posts"}],"about":[{"href":"http:\/\/cordobadirecto.com\/index.php\/wp-json\/wp\/v2\/types\/post"}],"author":[{"embeddable":true,"href":"http:\/\/cordobadirecto.com\/index.php\/wp-json\/wp\/v2\/users\/1"}],"replies":[{"embeddable":true,"href":"http:\/\/cordobadirecto.com\/index.php\/wp-json\/wp\/v2\/comments?post=20462"}],"version-history":[{"count":0,"href":"http:\/\/cordobadirecto.com\/index.php\/wp-json\/wp\/v2\/posts\/20462\/revisions"}],"wp:featuredmedia":[{"embeddable":true,"href":"http:\/\/cordobadirecto.com\/index.php\/wp-json\/wp\/v2\/media\/20463"}],"wp:attachment":[{"href":"http:\/\/cordobadirecto.com\/index.php\/wp-json\/wp\/v2\/media?parent=20462"}],"wp:term":[{"taxonomy":"category","embeddable":true,"href":"http:\/\/cordobadirecto.com\/index.php\/wp-json\/wp\/v2\/categories?post=20462"},{"taxonomy":"post_tag","embeddable":true,"href":"http:\/\/cordobadirecto.com\/index.php\/wp-json\/wp\/v2\/tags?post=20462"}],"curies":[{"name":"wp","href":"https:\/\/api.w.org\/{rel}","templated":true}]}}