{"id":20468,"date":"2021-09-27T20:03:00","date_gmt":"2021-09-27T20:03:00","guid":{"rendered":"http:\/\/cordobadirecto.com\/index.php\/2021\/09\/27\/joe-biden-se-aplico-la-tercera-dosis-de-la-vacuna\/"},"modified":"2021-09-27T20:03:00","modified_gmt":"2021-09-27T20:03:00","slug":"joe-biden-se-aplico-la-tercera-dosis-de-la-vacuna","status":"publish","type":"post","link":"http:\/\/cordobadirecto.com\/index.php\/2021\/09\/27\/joe-biden-se-aplico-la-tercera-dosis-de-la-vacuna\/","title":{"rendered":"Joe Biden se aplic\u00f3 la tercera dosis de la vacuna"},"content":{"rendered":"<div class=\"image\" id=\"image\" readability=\"9\"> <img src=\"http:\/\/cordobadirecto.com\/wp-content\/uploads\/2021\/09\/joe-biden-se-aplico-la-tercera-dosis-de-la-vacuna.jpg\" alt=\"El presidente de Estados Unidos, Joe Biden, se aplica la tercera dosis de refuerzo.\" title=\"El presidente de Estados Unidos, Joe Biden, se aplica la tercera dosis de refuerzo.\"><\/p>\n<p>El presidente de Estados Unidos, Joe Biden, se aplica la tercera dosis de refuerzo.<\/p>\n<\/div>\n<p>El presidente de Estados Unidos, Joe Biden, recibi\u00f3 la tercera dosis de la vacuna contra el coronavirus en la Casa Blanca, pocos d\u00edas despu\u00e9s de que<a href=\"https:\/\/cablera.telam.com.ar\/cable\/1147943\/estados-unidos-autorizo-a-pfizer-dar-una-tercera-dosis-a-mayores-de-65-anios-y-personas-de-riesgo\" target=\"_blank\" rel=\"noopener\"> las autoridades federales de salud aprobaran las dosis de refuerzo<\/a>, y destac\u00f3 que <strong>se trata de un pinchazo &#8220;seguro y eficaz&#8221;.<\/strong><\/p>\n<p>&#8220;Sabemos que para vencer esta pandemia y salvar vidas necesitamos vacunar a la gente&#8221;, destac\u00f3 el mandatario, mientras recib\u00eda la inyecci\u00f3n de refuerzo contra la Covid-19, y agreg\u00f3: &#8220;Por favor, haz lo correcto y recibe estas vacunas. Puede salvar tu vida y la de quienes te rodean&#8221;.<\/p>\n<blockquote readability=\"10\">\n<p>&#8220;Por favor, haz lo correcto y recibe estas vacunas. Puede salvar tu vida y la de quienes te rodean&#8221;<span class=\"comilla\">\u201d<\/span><\/p>\n<p><span>Joe Biden, presidente de Estados Unidos<\/span><\/p>\n<\/blockquote>\n<p>Biden, de 78 a\u00f1os, recibi\u00f3 la tercera dosis d\u00edas despu\u00e9s de que la red de Centros para el Control y Prevenci\u00f3n de Enfermedades (CDC) <strong>autorizara la aplicaci\u00f3n de refuerzo de la vacuna de Pfizer<\/strong> en mayores de 65 a\u00f1os y adultos de riesgo por condici\u00f3n m\u00e9dica o, por puesto, de trabajo.<\/p>\n<p>&#8220;S\u00e9 que no lo parece, pero tengo m\u00e1s de 65 a\u00f1os, bastantes m\u00e1s, y por eso hoy me pongo la inyecci\u00f3n de refuerzo&#8221;, brome\u00f3 el mandatario, mientras hablaba con la prensa en el palacio oficial.<\/p>\n<p>&#8220;Los refuerzos son importantes, pero lo m\u00e1s importante que tenemos que hacer es conseguir que m\u00e1s gente se vacune&#8221;, reiter\u00f3 Biden, citado por la cadena de noticias CNN.<\/p>\n<p>La vacunaci\u00f3n en Estados Unidos<\/p>\n<p>Actualmente, el 23% de la poblaci\u00f3n adulta de Estados Unidos a\u00fan no recibi\u00f3 ninguna dosis de la vacuna, seg\u00fan datos de los CDC.<\/p>\n<p><strong>&#8220;Esa minor\u00eda est\u00e1 causando un enorme da\u00f1o al resto del pa\u00eds&#8221;<\/strong>, advirti\u00f3.<\/p>\n<p>Hasta el 26 de septiembre, en Estados Unidos el 65% de la poblaci\u00f3n, es decir 213,5 millones de habitantes aproximadamente, hab\u00eda recibido al menos una dosis contra el coronavirus, mientras que el 56%, m\u00e1s de 186,6 millones, las dos.<\/p>\n<p>El mandatario se\u00f1al\u00f3 adem\u00e1s que las personas que se dieron las vacunas de las farmac\u00e9uticas Moderna o Johnson &amp; Johnson podr\u00edan recibir inyecciones de refuerzo una vez que se completen los estudios, y agreg\u00f3 que esperaba que todos los estadounidenses fueran elegibles &#8220;en el corto plazo&#8221;.<\/p>\n<p>Los Centros para el Control y la Prevenci\u00f3n de Enfermedades dijeron el viernes que los datos sobre estas vacunas ser\u00edan evaluados &#8220;en las pr\u00f3ximas semanas&#8221;.<\/p>\n<p>El presidente, que ya recibi\u00f3 su primera dosis de la vacuna el 21 de diciembre y su segunda dosis el 11 de enero de 2021, asegur\u00f3 la semana pasada que unos 60 millones de personas ser\u00edan elegibles en el pa\u00eds para una dosis de refuerzo de Pfizer.<\/p>\n<p>Consultado sobre la petici\u00f3n de la Organizaci\u00f3n Mundial de la Salud a los pa\u00edses ricos para priorizar las primeras vacunas en pa\u00edses pobres antes que las de refuerzo, Biden detall\u00f3 que Estados Unidos don\u00f3 m\u00e1s dosis que el resto de pa\u00edses del mundo juntos. <\/p>\n","protected":false},"excerpt":{"rendered":"<p>El presidente de Estados Unidos, Joe Biden, se aplica la tercera dosis de refuerzo. El presidente de Estados Unidos, Joe Biden, recibi\u00f3 la tercera dosis de la vacuna contra el coronavirus en la Casa Blanca, pocos d\u00edas despu\u00e9s de que las autoridades federales de salud aprobaran las dosis de refuerzo, y destac\u00f3 que se trata [&hellip;]<\/p>\n","protected":false},"author":1,"featured_media":20469,"comment_status":"closed","ping_status":"closed","sticky":false,"template":"","format":"standard","meta":[],"categories":[24],"tags":[],"_links":{"self":[{"href":"http:\/\/cordobadirecto.com\/index.php\/wp-json\/wp\/v2\/posts\/20468"}],"collection":[{"href":"http:\/\/cordobadirecto.com\/index.php\/wp-json\/wp\/v2\/posts"}],"about":[{"href":"http:\/\/cordobadirecto.com\/index.php\/wp-json\/wp\/v2\/types\/post"}],"author":[{"embeddable":true,"href":"http:\/\/cordobadirecto.com\/index.php\/wp-json\/wp\/v2\/users\/1"}],"replies":[{"embeddable":true,"href":"http:\/\/cordobadirecto.com\/index.php\/wp-json\/wp\/v2\/comments?post=20468"}],"version-history":[{"count":0,"href":"http:\/\/cordobadirecto.com\/index.php\/wp-json\/wp\/v2\/posts\/20468\/revisions"}],"wp:featuredmedia":[{"embeddable":true,"href":"http:\/\/cordobadirecto.com\/index.php\/wp-json\/wp\/v2\/media\/20469"}],"wp:attachment":[{"href":"http:\/\/cordobadirecto.com\/index.php\/wp-json\/wp\/v2\/media?parent=20468"}],"wp:term":[{"taxonomy":"category","embeddable":true,"href":"http:\/\/cordobadirecto.com\/index.php\/wp-json\/wp\/v2\/categories?post=20468"},{"taxonomy":"post_tag","embeddable":true,"href":"http:\/\/cordobadirecto.com\/index.php\/wp-json\/wp\/v2\/tags?post=20468"}],"curies":[{"name":"wp","href":"https:\/\/api.w.org\/{rel}","templated":true}]}}