{"id":205066,"date":"2026-08-09T19:18:59","date_gmt":"2026-08-09T19:18:59","guid":{"rendered":"https:\/\/www.ole.com.ar\/autos\/tc2000-toay-ponce-leon-aguanto-vivian-llevo-final-vibrante_0_zjUIfmh425.html"},"modified":"2026-08-09T19:18:59","modified_gmt":"2026-08-09T19:18:59","slug":"tc2000-en-toay-ponce-de-leon-aguanto-a-vivian-y-se-llevo-una-final-vibrante","status":"publish","type":"post","link":"http:\/\/cordobadirecto.com\/index.php\/2026\/08\/09\/tc2000-en-toay-ponce-de-leon-aguanto-a-vivian-y-se-llevo-una-final-vibrante\/","title":{"rendered":"TC2000 en Toay: Ponce de Le\u00f3n aguant\u00f3 a Vivian y se llev\u00f3 una Final vibrante"},"content":{"rendered":"<div id=\"element-body-0\" class=\"sc-df222161-0 hNvwjb\" readability=\"32.924623115578\">\n<p>Despu\u00e9s de m\u00e1s de un mes sin acci\u00f3n, <strong> el TC2000 volvi\u00f3 a acelerar este domingo por la 6\u00aa fecha en Toay, <\/strong> La Pampa, donde <strong><a href=\"https:\/\/www.ole.com.ar\/tema\/gabriel-ponce-de-leon.html\" title=\"Gabriel Ponce de Le\u00f3n\" alt=\"Gabriel Ponce de Le\u00f3n\" class=\"slug\">Gabriel Ponce de Le\u00f3n<\/a> se qued\u00f3 con una vibrante Final tras aguantar hasta la bandera a cuadros los ataques de Franco Vivian.<\/strong> El porte\u00f1o termin\u00f3 2\u00b0, a apenas 0.249, mientras que Franco Morillo (Chevrolet), <a href=\"https:\/\/www.ole.com.ar\/autos\/franco-morillo-aguanto-lucas-carabajal-cierre-gano-final-tc2000-san-nicolas_0_CWd5PJvlPp.html\" target=\"_self\" title=\"ganador de la \u00faltima fecha en San Nicol\u00e1s, complet\u00f3 el podio.\" alt=\"ganador de la \u00faltima fecha en San Nicol\u00e1s, complet\u00f3 el podio.\" rel=\"noopener\">ganador de la \u00faltima fecha en San Nicol\u00e1s, complet\u00f3 el podio.<\/a><\/p>\n<\/div>\n<div id=\"element-body-1\" class=\"sc-df222161-0 hNvwjb\" readability=\"35\">\n<p>La competencia tuvo un comienzo accidentado. <strong> Emiliano Stang (Toyota) qued\u00f3 pr\u00e1cticamente detenido en la largada y perdi\u00f3 varias posiciones tras largar 4\u00b0, <\/strong> mientras que en los primeros metros se produjo un desparramo que complic\u00f3 a varios protagonistas.<\/p>\n<\/div>\n<div class=\"sc-c0843421-0 iNysjD image-embed\" id=\"element-body-2\"><img alt=\"Vivian intent\u00f3 el sobrepaso por afuera en la \u00faltima vuelta, pero Ponce de Le\u00f3n aguant\u00f3 por adentro y se llev\u00f3 la carrera.\n(Captura TV: TyC Sports).\" loading=\"lazy\" width=\"720\" height=\"100\" decoding=\"async\" data-nimg=\"1\" src=\"http:\/\/cordobadirecto.com\/wp-content\/uploads\/2026\/08\/tc2000-en-toay-ponce-de-leon-aguanto-a-vivian-y-se-llevo-una-final-vibrante.jpg\"><span class=\"epigraphe\">Vivian intent\u00f3 el sobrepaso por afuera en la \u00faltima vuelta, pero Ponce de Le\u00f3n aguant\u00f3 por adentro y se llev\u00f3 la carrera.<br \/>\n(Captura TV: TyC Sports).<\/span><\/div>\n<div id=\"element-body-3\" class=\"sc-df222161-0 hNvwjb\" readability=\"36\">\n<p>Uno de los momentos m\u00e1s fuertes lleg\u00f3 en la primera vuelta con el accidente de Tom\u00e1s Fern\u00e1ndez (Nissan). El piloto impact\u00f3 de lleno contra el pared\u00f3n y su auto qued\u00f3 seriamente da\u00f1ado. Afortunadamente, pudo salir por sus propios medios, aunque se lo vio dolorido tras el golpe.<\/p>\n<\/div>\n<p><h2>As\u00ed fue el palazo de Tom\u00e1s Fern\u00e1ndez en la primera vuelta en Toay<\/h2>\n<\/p>\n<div id=\"element-body-5\" class=\"sc-8712cf2e-1 brsVwg\"><figcaption class=\"JWvideoNota_title\">\n<p>Video: TyC Sports<\/p>\n<\/figcaption><\/div>\n<div id=\"element-body-6\" class=\"sc-df222161-0 hNvwjb\" readability=\"40\">\n<p>Luego de la neutralizaci\u00f3n y el posterior relanzamiento, <strong>Marcelo Ciarrocchi (Fiat),<\/strong> quien larg\u00f3 desde la pole tras ser 6\u00b0 el s\u00e1bado en la qualy por la inversi\u00f3n de la grilla de los seis primeros, se mantuvo al frente, seguido por Ponce de Le\u00f3n. <strong>Sin embargo, su largada qued\u00f3 bajo investigaci\u00f3n por un movimiento anticipado<\/strong> y los comisarios deportivos terminaron sancion\u00e1ndolo con un pase y siga por boxes.<\/p>\n<\/div>\n<div id=\"element-body-7\" class=\"sc-df222161-0 hNvwjb\" readability=\"37\">\n<p>Ciarrocchi debi\u00f3 cumplir la penalizaci\u00f3n y perdi\u00f3 la punta, que qued\u00f3 en manos de Ponce de Le\u00f3n. <strong>El piloto de Jun\u00edn pas\u00f3 a comandar la carrera, con Vivian y Morillo como sus principales perseguidores, <\/strong> mientras el cordob\u00e9s cay\u00f3 en el clasificador y finalmente cruz\u00f3 la meta 10\u00b0.<\/p>\n<\/div>\n<p><h2>Una definici\u00f3n al l\u00edmite entre Ponce de Le\u00f3n y Vivian<\/h2>\n<\/p>\n<div id=\"element-body-9\" class=\"sc-df222161-0 hNvwjb\" readability=\"38\">\n<p>En el tramo decisivo, <strong>Vivian comenz\u00f3 a descontarle al l\u00edder y lleg\u00f3 a la \u00faltima vuelta pr\u00e1cticamente pegado. <\/strong> La definici\u00f3n fue al l\u00edmite: el porte\u00f1o busc\u00f3 el sobrepaso por afuera y por adentro, <strong>pero Ponce de Le\u00f3n aguant\u00f3 todos sus ataques<\/strong> y cruz\u00f3 primero la bandera a cuadros por apenas 0.249. Morillo termin\u00f3 3\u00b0, a 7s014 del ganador.<\/p>\n<\/div>\n<div id=\"element-body-10\" class=\"sc-df222161-0 hNvwjb\" readability=\"29.828178694158\">\n<p>Detr\u00e1s del podio, Lucas Carabajal (VW) finaliz\u00f3 4\u00b0 <strong><a href=\"https:\/\/www.ole.com.ar\/autos\/tc2000-toay-aldrighetti-logro-pole-nuevo-formato-clasificacion_0_ULf3r3Yy6Z.html\" target=\"_self\" title=\"y Facundo Aldrighetti (Honda), quien hab\u00eda conseguido la pole el s\u00e1bado,\" alt=\"y Facundo Aldrighetti (Honda), quien hab\u00eda conseguido la pole el s\u00e1bado,\" rel=\"noopener\">y Facundo Aldrighetti (Honda), quien hab\u00eda conseguido la pole el s\u00e1bado,<\/a> cerr\u00f3 el Top 5.<\/strong> Stang fue 6\u00b0, Mat\u00edas Rodr\u00edguez (Toyota) 7\u00b0, Javier Merlo (Honda) 8\u00b0, Benjam\u00edn Squaglia (Fiat) 9\u00b0 y Ciarrocchi complet\u00f3 los diez primeros.<\/p>\n<\/div>\n<div id=\"element-body-11\" class=\"sc-df222161-0 hNvwjb\" readability=\"34.369337979094\">\n<p><strong>En la \u00faltima vuelta tambi\u00e9n hubo problemas para <a href=\"https:\/\/www.ole.com.ar\/tema\/misil-rossi.html\" title=\"Misil Rossi\" alt=\"Misil Rossi\" class=\"slug\">Mat\u00edas Rossi<\/a> (Toyota),<\/strong> quien sufri\u00f3 la rotura del motor cuando transitaba el tramo final de la competencia. El campe\u00f3n pudo completar la carrera, <strong> pero cay\u00f3 hasta la 12\u00aa posici\u00f3n y perdi\u00f3 varios puntos importantes en el campeonato.<\/strong><\/p>\n<\/div>\n<div class=\"sc-c0843421-0 iNysjD image-embed\" id=\"element-body-12\"><img alt=\"Mat\u00edas Rossi larg\u00f3 11\u00b0 en Toay, sufri\u00f3 problemas en el cierre y cruz\u00f3 la meta 12\u00b0.\" loading=\"lazy\" width=\"720\" height=\"100\" decoding=\"async\" data-nimg=\"1\" src=\"http:\/\/cordobadirecto.com\/wp-content\/uploads\/2026\/08\/tc2000-en-toay-ponce-de-leon-aguanto-a-vivian-y-se-llevo-una-final-vibrante-1.jpg\"><span class=\"epigraphe\">Mat\u00edas Rossi larg\u00f3 11\u00b0 en Toay, sufri\u00f3 problemas en el cierre y cruz\u00f3 la meta 12\u00b0.<\/span><\/div>\n<p><h2>As\u00ed sigue la agenda del TC2000<\/h2>\n<\/p>\n<div id=\"element-body-14\" class=\"sc-df222161-0 hNvwjb\" readability=\"35\">\n<p><strong>La pr\u00f3xima fecha ser\u00e1 el 5 y 6 de septiembre en el Aut\u00f3dromo Eusebio Marcilla de Jun\u00edn, <\/strong> donde el TC2000 volver\u00e1 a compartir escenario con el Top Race. Ser\u00e1 la 7\u00aa presentaci\u00f3n de la temporada 2026.<\/p>\n<\/div>\n<div id=\"element-body-15\" class=\"sc-a7166897-0 eTTZWU\" readability=\"31\">\n<section readability=\"2\"><picture><img alt=\"Video: impresionante palo en el TC 2000 en la carrera en Toay\" loading=\"lazy\" width=\"290\" height=\"290\" decoding=\"async\" data-nimg=\"1\" src=\"http:\/\/cordobadirecto.com\/wp-content\/uploads\/2026\/08\/tc2000-en-toay-ponce-de-leon-aguanto-a-vivian-y-se-llevo-una-final-vibrante-2.jpg\"><\/picture>\n<p><span>Mir\u00e1 tambi\u00e9n<\/span><\/p>\n<hr>\n<h3>Video: impresionante palo en el TC 2000 en la carrera en Toay<\/h3>\n<\/p>\n<\/section>\n<\/div>\n<div id=\"element-body-16\" class=\"sc-a7166897-0 eTTZWU\" readability=\"31.5\">\n<section readability=\"3\"><picture><img alt=\"Moto3 en Silverstone: Valent\u00edn Perrone logr\u00f3 el podio con un sobrepaso sobre el cierre\" loading=\"lazy\" width=\"290\" height=\"290\" decoding=\"async\" data-nimg=\"1\" src=\"http:\/\/cordobadirecto.com\/wp-content\/uploads\/2026\/08\/tc2000-en-toay-ponce-de-leon-aguanto-a-vivian-y-se-llevo-una-final-vibrante-3.jpg\"><\/picture>\n<p><span>Mir\u00e1 tambi\u00e9n<\/span><\/p>\n<hr>\n<h3>Moto3 en Silverstone: Valent\u00edn Perrone logr\u00f3 el podio con un sobrepaso sobre el cierre<\/h3>\n<\/p>\n<\/section>\n<\/div>\n<div id=\"element-body-17\" class=\"sc-a7166897-0 eTTZWU\" readability=\"31\">\n<section readability=\"2\"><picture><img alt=\"Colapinto revel\u00f3 una an\u00e9cdota sobre la exigencia de Briatore\" loading=\"lazy\" width=\"290\" height=\"290\" decoding=\"async\" data-nimg=\"1\" src=\"http:\/\/cordobadirecto.com\/wp-content\/uploads\/2026\/08\/tc2000-en-toay-ponce-de-leon-aguanto-a-vivian-y-se-llevo-una-final-vibrante-4.jpg\"><\/picture>\n<p><span>Mir\u00e1 tambi\u00e9n<\/span><\/p>\n<hr>\n<h3>Colapinto revel\u00f3 una an\u00e9cdota sobre la exigencia de Briatore<\/h3>\n<\/p>\n<\/section>\n<\/div>\n","protected":false},"excerpt":{"rendered":"<p>Despu\u00e9s de m\u00e1s de un mes sin acci\u00f3n, el TC2000 volvi\u00f3 a acelerar este domingo por la 6\u00aa fecha en Toay, La Pampa, donde Gabriel Ponce de Le\u00f3n se qued\u00f3 con una vibrante Final tras aguantar hasta la bandera a cuadros los ataques de Franco Vivian. El porte\u00f1o termin\u00f3 2\u00b0, a apenas 0.249, mientras que [&hellip;]<\/p>\n","protected":false},"author":1,"featured_media":205067,"comment_status":"closed","ping_status":"closed","sticky":false,"template":"","format":"standard","meta":[],"categories":[21],"tags":[],"_links":{"self":[{"href":"http:\/\/cordobadirecto.com\/index.php\/wp-json\/wp\/v2\/posts\/205066"}],"collection":[{"href":"http:\/\/cordobadirecto.com\/index.php\/wp-json\/wp\/v2\/posts"}],"about":[{"href":"http:\/\/cordobadirecto.com\/index.php\/wp-json\/wp\/v2\/types\/post"}],"author":[{"embeddable":true,"href":"http:\/\/cordobadirecto.com\/index.php\/wp-json\/wp\/v2\/users\/1"}],"replies":[{"embeddable":true,"href":"http:\/\/cordobadirecto.com\/index.php\/wp-json\/wp\/v2\/comments?post=205066"}],"version-history":[{"count":0,"href":"http:\/\/cordobadirecto.com\/index.php\/wp-json\/wp\/v2\/posts\/205066\/revisions"}],"wp:featuredmedia":[{"embeddable":true,"href":"http:\/\/cordobadirecto.com\/index.php\/wp-json\/wp\/v2\/media\/205067"}],"wp:attachment":[{"href":"http:\/\/cordobadirecto.com\/index.php\/wp-json\/wp\/v2\/media?parent=205066"}],"wp:term":[{"taxonomy":"category","embeddable":true,"href":"http:\/\/cordobadirecto.com\/index.php\/wp-json\/wp\/v2\/categories?post=205066"},{"taxonomy":"post_tag","embeddable":true,"href":"http:\/\/cordobadirecto.com\/index.php\/wp-json\/wp\/v2\/tags?post=205066"}],"curies":[{"name":"wp","href":"https:\/\/api.w.org\/{rel}","templated":true}]}}