{"id":20572,"date":"2021-09-28T02:07:01","date_gmt":"2021-09-28T02:07:01","guid":{"rendered":"http:\/\/cordobadirecto.com\/index.php\/2021\/09\/28\/se-estrena-el-lugar-de-la-desaparicion-un-crepusculo-familiar-segun-martin-farina\/"},"modified":"2021-09-28T02:07:01","modified_gmt":"2021-09-28T02:07:01","slug":"se-estrena-el-lugar-de-la-desaparicion-un-crepusculo-familiar-segun-martin-farina","status":"publish","type":"post","link":"http:\/\/cordobadirecto.com\/index.php\/2021\/09\/28\/se-estrena-el-lugar-de-la-desaparicion-un-crepusculo-familiar-segun-martin-farina\/","title":{"rendered":"Se estrena &#8220;El lugar de la desaparici\u00f3n&#8221;, un crep\u00fasculo familiar seg\u00fan Martin Farina"},"content":{"rendered":"<div class=\"image\" id=\"image\" readability=\"8\"> <img src=\"http:\/\/cordobadirecto.com\/wp-content\/uploads\/2021\/09\/se-estrena-el-lugar-de-la-desaparicion-un-crepusculo-familiar-segun-martin-farina.jpg\" alt=\"&quot;El lugar de la desaparici\u00f3n&quot;, una mirada entre el documental y la ficci\u00f3n.\" title=\"&quot;El lugar de la desaparici\u00f3n&quot;, una mirada entre el documental y la ficci\u00f3n.\"><\/p>\n<p>&#8220;El lugar de la desaparici\u00f3n&#8221;, una mirada entre el documental y la ficci\u00f3n.<\/p>\n<\/div>\n<p>El relato sobre una familia que se empieza a resquebrajar ante la p\u00e9rdida de la madre, y un padre que transita el \u00faltimo tramo de su vida, es el eje de <strong>&#8220;El lugar de la desaparici\u00f3n&#8221;<\/strong>, de <strong>Mart\u00edn Fari\u00f1a<\/strong>, que se estrena el pr\u00f3ximo jueves en el porte\u00f1o Complejo Gaumont.<\/p>\n<p>Entre el documental y la ficci\u00f3n, la pel\u00edcula<strong> tiene como centro una familia, en donde la matriarca ya falleci\u00f3, el padre debe ser cuidado por sus hijos mayores y uno de ellos decide construir, sin consensuar, un departamento en la parte alta de la casa, en donde vivieron buena parte de sus vidas.<\/strong><\/p>\n<p> <iframe src=\"https:\/\/player.vimeo.com\/video\/291593690?title=0&amp;byline=0&amp;portrait=0\" width=\"560\" height=\"315\" frameborder=\"0\" webkitallowfullscreen mozallowfullscreen allowfullscreen>[embedded content]<\/iframe> <\/p>\n<p>Trailer &#8220;El lugar de la desaparici\u00f3n&#8221;<\/p>\n<p>El resquebrajamiento de los v\u00ednculos entre hermanos, con reproches y cuentas sin saldar, construyen una atm\u00f3sfera que se va enrareciendo a medida que transcurre<strong> &#8220;El lugar de la separaci\u00f3n, que &#8220;tiene muchos aspectos de lo que se llama la novela familiar, en este caso, mi novela familiar&#8221;, describe Fari\u00f1a en comunicaci\u00f3n con T\u00e9lam y completa, &#8220;pero es cierto que a mi nunca me interes\u00f3 tener una versi\u00f3n &#8216;verdadera&#8217; y tampoco fue lo que les propuse a los protagonistas&#8221;<\/strong>.<\/p>\n<div class=\"image\" id=\"image\" readability=\"8\"> <img src=\"http:\/\/cordobadirecto.com\/wp-content\/uploads\/2021\/09\/se-estrena-el-lugar-de-la-desaparicion-un-crepusculo-familiar-segun-martin-farina-1.jpg\" alt=\"Mart\u00edn Farina, conocido por sus anteriores &quot;Mujer n\u00f3made&quot; y &quot;El prof3s1on4l&quot;\" title=\"Mart\u00edn Farina, conocido por sus anteriores &quot;Mujer n\u00f3made&quot; y &quot;El prof3s1on4l&quot;\"><\/p>\n<p>Mart\u00edn Farina, conocido por sus anteriores &#8220;Mujer n\u00f3made&#8221; y &#8220;El prof3s1on4l&#8221;<\/p>\n<\/div>\n<p><strong>T\u00e9lam: \u00bfLa matriarca ausente que funcionaba como nexo para la familia y el padre como un &#8220;escollo&#8221; es el disparador de &#8220;El lugar de la desaparici\u00f3n&#8221;?<\/strong><\/p>\n<p>Mart\u00edn Farina: S\u00ed, pr\u00e1cticamente es as\u00ed, debo decir que fue uno de los factores centrales a la hora de encarar este relato, que seguramente tiene muchos aspectos de lo que se llama la novela familiar, en este caso, mi novela familiar, con esa idea impl\u00edcita con la que crec\u00ed de que mi abuelo era malo y mi abuela era v\u00edctima de esa maldad. En esa construcci\u00f3n siempre maniquea e imprecisa, se hab\u00eda moldeado una manera de criar a los hijos, en aspectos muy sutiles c\u00f3mo puede ser que es lo que est\u00e1 bien y qu\u00e9 es lo que est\u00e1 mal y qui\u00e9n tiene raz\u00f3n a la hora de obedecer y marcar las pautas morales. Este v\u00ednculo con mi abuela y mi abuelo, el hombre que parece estorbar, fue el motivo por los cuales los empec\u00e9 a filmar con mi primera c\u00e1mara en 2002.<\/p>\n<p><strong>T: La frontera del documental y la ficci\u00f3n es deliberadamente confusa y con elementos del llamado &#8220;cine experimental&#8221;. \u00bfEse registro estuvo claro desde el comienzo del proyecto?<\/strong><\/p>\n<p>MF: S\u00ed, de esa forma confusa se me present\u00f3 a m\u00ed mismo el conflicto que aborda la pel\u00edcula a medida que visitaba la casa e iban sucediendo nuevos episodios y en cada uno de los sucesos ten\u00eda por lo menos una versi\u00f3n diferente de los protagonistas.<\/p>\n<p>Abordar la pel\u00edcula de esa forma tiene que ver con que parte de la trama era sonora, es decir, la construcci\u00f3n en la casa familiar estaba solapada o por lo menos no del todo blanqueada entre los hermanos, era lo que estaba sucediendo all\u00e1 arriba en la planta alta y me hac\u00eda percibirlo de esa manera, no solo emocionalmente sino de manera concreta. Esas dos dimensiones espectrales, fantasmales y tan cinematogr\u00e1ficas verdaderamente exist\u00edan en la casa, en donde como consecuencia de la muerte de la matriarca, mi abuelo se hab\u00eda quedado solo y con la inevitable necesidad de ser atendido por sus hijos. Pero es cierto que a mi nunca me interes\u00f3 tener una versi\u00f3n &#8220;verdadera&#8221; y tampoco fue lo que les propuse a los protagonistas.<\/p>\n<p><strong>T: \u00bfC\u00f3mo manejaste la cercan\u00eda con la familia de tu madre, en cuanto a cierta crueldad de algunos momentos del relato?<\/strong><\/p>\n<p>MF: No fue un problema. Todos vieron la pel\u00edcula y cada uno a su manera, la disfrut\u00f3 por lo que es en cuanto construcci\u00f3n narrativa, disfrutaron de ser parte de esa construcci\u00f3n ficcional. Y fundamentalmente me agradecieron la posibilidad de que sea un veh\u00edculo para hablar abiertamente y quiz\u00e1s, haya servido en esa direcci\u00f3n el ejercicio que signific\u00f3 para todos verme filmando durante m\u00e1s de 20 a\u00f1os.<\/p>\n<p><strong>T: En la puesta hay varios momentos de lugares vac\u00edos dentro de la casa, como si hubiera fantasmas que a\u00fan tienen algo que aportar. \u00bfCoincid\u00eds con esta mirada?<\/strong><\/p>\n<p>MF: Si, los espacios vac\u00edos funcionan como lugares habitados por fantasmas. En la primera escena con un material que tiene por lo menos 20 a\u00f1os y es lo primero que film\u00e9 en mi vida, la c\u00e1mara est\u00e1 desde una ventana que mira hacia afuera y luego va hacia la cocina, donde me encuentro con mi abuela que dice algo que ya tiene todas las contradicciones o sutilezas a partir de las cuales siento que se forjaron algunas cosas de mi manera de ser y de mi forma de ver el cine.<\/p>\n<p><strong>T: El padre aparentemente se comunica solo con el hijo menor y tienen escenas que remiten a &#8220;Madre e hijo&#8221; del director ruso Aleksander Sokurov. \u00bfCu\u00e1les son tus referencias en el cine?<\/strong><\/p>\n<p>MF: Me resulta muy elogioso el comentario, Sokurov es un director a qui\u00e9n admiro profundamente, pero no me atrever\u00eda a decir que es una influencia porque me parece que me queda grande, pero puedo decir que esa &#8220;atm\u00f3sfera rusa&#8221;, tanto en pel\u00edculas de Sokurov o (Andrei) Tarkovski invadi\u00f3 lo que intent\u00e9 hacer en la pel\u00edcula. <\/p>\n","protected":false},"excerpt":{"rendered":"<p>&#8220;El lugar de la desaparici\u00f3n&#8221;, una mirada entre el documental y la ficci\u00f3n. El relato sobre una familia que se empieza a resquebrajar ante la p\u00e9rdida de la madre, y un padre que transita el \u00faltimo tramo de su vida, es el eje de &#8220;El lugar de la desaparici\u00f3n&#8221;, de Mart\u00edn Fari\u00f1a, que se estrena [&hellip;]<\/p>\n","protected":false},"author":1,"featured_media":20573,"comment_status":"closed","ping_status":"closed","sticky":false,"template":"","format":"standard","meta":[],"categories":[20],"tags":[],"_links":{"self":[{"href":"http:\/\/cordobadirecto.com\/index.php\/wp-json\/wp\/v2\/posts\/20572"}],"collection":[{"href":"http:\/\/cordobadirecto.com\/index.php\/wp-json\/wp\/v2\/posts"}],"about":[{"href":"http:\/\/cordobadirecto.com\/index.php\/wp-json\/wp\/v2\/types\/post"}],"author":[{"embeddable":true,"href":"http:\/\/cordobadirecto.com\/index.php\/wp-json\/wp\/v2\/users\/1"}],"replies":[{"embeddable":true,"href":"http:\/\/cordobadirecto.com\/index.php\/wp-json\/wp\/v2\/comments?post=20572"}],"version-history":[{"count":0,"href":"http:\/\/cordobadirecto.com\/index.php\/wp-json\/wp\/v2\/posts\/20572\/revisions"}],"wp:featuredmedia":[{"embeddable":true,"href":"http:\/\/cordobadirecto.com\/index.php\/wp-json\/wp\/v2\/media\/20573"}],"wp:attachment":[{"href":"http:\/\/cordobadirecto.com\/index.php\/wp-json\/wp\/v2\/media?parent=20572"}],"wp:term":[{"taxonomy":"category","embeddable":true,"href":"http:\/\/cordobadirecto.com\/index.php\/wp-json\/wp\/v2\/categories?post=20572"},{"taxonomy":"post_tag","embeddable":true,"href":"http:\/\/cordobadirecto.com\/index.php\/wp-json\/wp\/v2\/tags?post=20572"}],"curies":[{"name":"wp","href":"https:\/\/api.w.org\/{rel}","templated":true}]}}