{"id":20574,"date":"2021-09-28T02:07:10","date_gmt":"2021-09-28T02:07:10","guid":{"rendered":"http:\/\/cordobadirecto.com\/index.php\/2021\/09\/28\/se-anunciaron-las-18-piezas-teatrales-que-se-veran-en-nevadas-escenicas\/"},"modified":"2021-09-28T02:07:10","modified_gmt":"2021-09-28T02:07:10","slug":"se-anunciaron-las-18-piezas-teatrales-que-se-veran-en-nevadas-escenicas","status":"publish","type":"post","link":"http:\/\/cordobadirecto.com\/index.php\/2021\/09\/28\/se-anunciaron-las-18-piezas-teatrales-que-se-veran-en-nevadas-escenicas\/","title":{"rendered":"Se anunciaron las 18 piezas teatrales que se ver\u00e1n en Nevadas Esc\u00e9nicas"},"content":{"rendered":"<div class=\"image\" id=\"image\" readability=\"10\"> <img src=\"http:\/\/cordobadirecto.com\/wp-content\/uploads\/2021\/09\/se-anunciaron-las-18-piezas-teatrales-que-se-veran-en-nevadas-escenicas.jpg\" alt=\"Propuesta de Argentina, Chile, Uruguay, Paraguay y Dinamarca en R\u00edo Negro.\" title=\"Propuesta de Argentina, Chile, Uruguay, Paraguay y Dinamarca en R\u00edo Negro.\"><\/p>\n<p>Propuesta de Argentina, Chile, Uruguay, Paraguay y Dinamarca en R\u00edo Negro.<\/p>\n<\/div>\n<p><strong>Nevadas Esc\u00e9nicas<\/strong>, nuevo nombre del festival de teatro de Bariloche que incorporar\u00e1 danza, circo, performance, teatro de objetos y m\u00fasica,<strong> celebrar\u00e1 su octava edici\u00f3n entre el 19 y el 28 de noviembre pr\u00f3ximos<\/strong> y ya confirm\u00f3 su oferta teatral con 18 puestas.<\/p>\n<p>A la convocatoria del encuentro respondieron<strong> 313 propuestas de teatro y fueron seleccionadas 18<\/strong>, seis de ellas internacionales (tres de Chile y una de Uruguay, Paraguay y Dinamarca), 12 nacionales (dos porte\u00f1as y una de Buenos Aires, San Juan, C\u00f3rdoba y Mendoza) y media docena de origen patag\u00f3nico.<\/p>\n<p>Entre las obras nacionales figuran <strong>&#8220;Un domingo&#8221;<\/strong> de la bonaerense Compa\u00f1\u00eda Proyecto Migra, con direcci\u00f3n de Florent Bergal; y las porte\u00f1as <strong>&#8220;La ceremonia&#8221;<\/strong>, de Gabriel P\u00e1ez, por la Compa\u00f1\u00eda Cia Tomi Soko; mientras que la Compa\u00f1\u00eda La persona deprimida, presentar\u00e1 la obra hom\u00f3nima con direcci\u00f3n de Daniel Veronese.<\/p>\n<p>La n\u00f3mina incluye <strong>&#8220;Galgo&#8221;<\/strong> de Compa\u00f1\u00eda Lanotannegra Teatro de San Juan con direcci\u00f3n de Natacha S\u00e1ez; <strong>&#8220;Flores nuevas&#8221;<\/strong> de la cordobesa Compa\u00f1\u00eda El Cuenco Teatro con direcci\u00f3n de Nadir Medina; y &#8220;Lo que esconden los sombreros&#8221;, de Compa\u00f1\u00eda Marabunta de Mendoza, con direcci\u00f3n de Gabriela Vanina.<\/p>\n<div class=\"image\" id=\"image\" readability=\"7\"> <img src=\"http:\/\/cordobadirecto.com\/wp-content\/uploads\/2021\/09\/se-anunciaron-las-18-piezas-teatrales-que-se-veran-en-nevadas-escenicas-1.jpg\" alt=\"De un total de 313 piezas presentadas fueron seleccionadas 18.\" title=\"De un total de 313 piezas presentadas fueron seleccionadas 18.\"><\/p>\n<p>De un total de 313 piezas presentadas fueron seleccionadas 18.<\/p>\n<\/div>\n<p>Las propuestas patag\u00f3nicas llegar\u00e1n desde General Roca\/Fiske Menuco (<strong>&#8220;Cerca&#8221;<\/strong>, con direcci\u00f3n de Jos\u00e9 Ag\u00fcero y Adri\u00e1n Hern\u00e1ndez por la Compa\u00f1\u00eda Teatro al Vac\u00edo; y<strong> &#8220;Todo mi sano cuerpo te ofrezco&#8221;<\/strong>, con direcci\u00f3n de Mar\u00eda Robin por la Compa\u00f1\u00eda Basta Flora Teatro) y Lago Puelo (<strong>&#8220;Seis&#8221;<\/strong>, dirigida por Cristina Marti por Compa\u00f1\u00eda Marina Barbera).<\/p>\n<p>Adem\u00e1s habr\u00e1 una pieza de El Bols\u00f3n (<strong>&#8220;DeLirio&#8221;<\/strong>, por la compa\u00f1\u00eda hom\u00f3nima con direcci\u00f3n de Andrea Veggazzi) y otra de Santa Cruz (<strong>&#8220;Un suspiro&#8221;<\/strong>, a cargo de la Compa\u00f1\u00eda Teatro Lata de formas animadas).<\/p>\n<p>En clave internacional, Chile aportar\u00e1<strong> &#8220;Artificial&#8221;<\/strong>, de la Compa\u00f1\u00eda Teatro del Terror con direcci\u00f3n de Javier Ibarra Letelier; <strong>&#8220;Los Hap\u00eb &#8220;<\/strong>, con direcci\u00f3n de Marcelo Max Pertier; y<strong> &#8220;Correo&#8221;<\/strong> propuesta de la compa\u00f1\u00eda Gho con direcci\u00f3n de Paula Aros.<\/p>\n<p>Desde Montivideo, la compa\u00f1\u00eda Terrorismo Emocional acercar\u00e1 la obra hom\u00f3nima, con direcci\u00f3n de Alejandro Cotenti; Paraguay llegar\u00e1 de manera virtual con <strong>&#8220;Mujeres, sin\u00f3nimos y derivados&#8221;<\/strong> del grupo del mismo nombre con direcci\u00f3n de Javier Valdez; y <strong>&#8220;Proyecto Migrante&#8221;<\/strong> traer\u00e1 una coproducci\u00f3n de Nordisk Teatrelaoratorium que agrupa a artistas de Chile, Dinamarca y Argentina. <\/p>\n","protected":false},"excerpt":{"rendered":"<p>Propuesta de Argentina, Chile, Uruguay, Paraguay y Dinamarca en R\u00edo Negro. Nevadas Esc\u00e9nicas, nuevo nombre del festival de teatro de Bariloche que incorporar\u00e1 danza, circo, performance, teatro de objetos y m\u00fasica, celebrar\u00e1 su octava edici\u00f3n entre el 19 y el 28 de noviembre pr\u00f3ximos y ya confirm\u00f3 su oferta teatral con 18 puestas. A la [&hellip;]<\/p>\n","protected":false},"author":1,"featured_media":20575,"comment_status":"closed","ping_status":"closed","sticky":false,"template":"","format":"standard","meta":[],"categories":[20],"tags":[],"_links":{"self":[{"href":"http:\/\/cordobadirecto.com\/index.php\/wp-json\/wp\/v2\/posts\/20574"}],"collection":[{"href":"http:\/\/cordobadirecto.com\/index.php\/wp-json\/wp\/v2\/posts"}],"about":[{"href":"http:\/\/cordobadirecto.com\/index.php\/wp-json\/wp\/v2\/types\/post"}],"author":[{"embeddable":true,"href":"http:\/\/cordobadirecto.com\/index.php\/wp-json\/wp\/v2\/users\/1"}],"replies":[{"embeddable":true,"href":"http:\/\/cordobadirecto.com\/index.php\/wp-json\/wp\/v2\/comments?post=20574"}],"version-history":[{"count":0,"href":"http:\/\/cordobadirecto.com\/index.php\/wp-json\/wp\/v2\/posts\/20574\/revisions"}],"wp:featuredmedia":[{"embeddable":true,"href":"http:\/\/cordobadirecto.com\/index.php\/wp-json\/wp\/v2\/media\/20575"}],"wp:attachment":[{"href":"http:\/\/cordobadirecto.com\/index.php\/wp-json\/wp\/v2\/media?parent=20574"}],"wp:term":[{"taxonomy":"category","embeddable":true,"href":"http:\/\/cordobadirecto.com\/index.php\/wp-json\/wp\/v2\/categories?post=20574"},{"taxonomy":"post_tag","embeddable":true,"href":"http:\/\/cordobadirecto.com\/index.php\/wp-json\/wp\/v2\/tags?post=20574"}],"curies":[{"name":"wp","href":"https:\/\/api.w.org\/{rel}","templated":true}]}}