{"id":20589,"date":"2021-09-27T13:31:54","date_gmt":"2021-09-27T13:31:54","guid":{"rendered":"https:\/\/es.digitaltrends.com\/?p=870905"},"modified":"2021-09-27T13:31:54","modified_gmt":"2021-09-27T13:31:54","slug":"instagram-suspende-el-desarrollo-de-su-aplicacion-para-ninos","status":"publish","type":"post","link":"http:\/\/cordobadirecto.com\/index.php\/2021\/09\/27\/instagram-suspende-el-desarrollo-de-su-aplicacion-para-ninos\/","title":{"rendered":"Instagram suspende el desarrollo de su aplicaci\u00f3n para ni\u00f1os"},"content":{"rendered":"<div><img src=\"http:\/\/cordobadirecto.com\/wp-content\/uploads\/2021\/09\/instagram-suspende-el-desarrollo-de-su-aplicacion-para-ninos.jpg\" class=\"ff-og-image-inserted\"><\/div>\n<p>Instagram suspende el desarrollo de Instagram Kids, una versi\u00f3n de su <a href=\"https:\/\/es.digitaltrends.com\/entretenimiento\/only-fans-aplicacion-contenido-adultos\/\">aplicaci\u00f3n<\/a> dirigida a menores de 13 a\u00f1os.<\/p>\n<p>Este anuncio fue realizado por&nbsp;Adam Mosseri, director de <a href=\"https:\/\/es.digitaltrends.com\/sociales\/instagram-publicaciones-gente-no-sigues\/\">Instagram<\/a>, en un <a href=\"https:\/\/about.instagram.com\/blog\/announcements\/pausing-instagram-kids\" target=\"_blank\" rel=\"noopener\">blog<\/a> de la red social, en el que agreg\u00f3 que la compa\u00f1\u00eda propiedad <a href=\"https:\/\/es.digitaltrends.com\/noticias\/facebook-pondra-etiquetas-para-diferenciar-publicaciones-de-satira\/\">Facebook<\/a>&nbsp;continuar\u00e1 trabajando en experiencias supervisadas por los padres de los usuarios m\u00e1s j\u00f3venes.<\/p>\n<p>En la publicaci\u00f3n y en una serie de tuits, Mosseri explica b\u00e1sicamente que la culpa de esta decisi\u00f3n se debe a una mala interpretaci\u00f3n de los prop\u00f3sitos de la aplicaci\u00f3n por parte de los cr\u00edticos y los medios de comunicaci\u00f3n.<\/p>\n<blockquote class=\"h-lazy-embed\" data-width=\"500\" data-dnt=\"true\" data-initial-classes=\"twitter-tweet\" data-embed-name=\"twitter\" data-sdk-src=\"\/\/platform.twitter.com\/widgets.js\">\n<p lang=\"en\" dir=\"ltr\">We\u2019re pausing \u201cInstagram Kids\u201d, although we believe building it is the right thing to do. More here: <a href=\"https:\/\/t.co\/bwCyUn97So\">https:\/\/t.co\/bwCyUn97So<\/a><\/p>\n<p>&amp;mdash; Adam Mosseri \ud83d\ude37 (@mosseri) <a href=\"https:\/\/twitter.com\/mosseri\/status\/1442461230124322828?ref_src=twsrc%5Etfw\">September 27, 2021<\/a><\/p>\n<\/blockquote>\n<p>\u201cNunca fue concebida para ni\u00f1os peque\u00f1os, sino para preadolescentes (de 10 a 12 a\u00f1os)\u201d, se\u00f1ala. Mientras que en otro tuit, comenta que la noticia del proyecto \u201cse filtr\u00f3 mucho antes de que supi\u00e9ramos lo que iba a ser. La gente se tem\u00eda lo peor y ten\u00edamos pocas respuestas en ese momento. Est\u00e1 claro que tenemos que tomarnos m\u00e1s tiempo en esto\u201d.<\/p>\n<p>Hace algunas semanas, una publicaci\u00f3n de <em>The Wall Street Journal<\/em> tuvo acceso a una investigaci\u00f3n interna de Facebook, donde se advert\u00eda sobre el da\u00f1o que Instagram provocaba en la <a href=\"https:\/\/es.digitaltrends.com\/sociales\/facebook-instagram-toxico-adolescentes\/\">salud mental de las adolescentes<\/a>, sobre todo respecto a la percepci\u00f3n que ellas ten\u00edan de su imagen corporal.<\/p>\n<p>En el blog, Mosseri explic\u00f3 que el reportaje publicado por el medio \u201cplante\u00f3 muchas preguntas a la gente\u201d,&nbsp; y afirma que esas cr\u00edticas han ayudado a Instagram a introducir una serie de funciones contra el acoso.<\/p>\n<p>Cuando se anunci\u00f3 este proyecto de Instagram para ni\u00f1os, Facebook fue ampliamente criticado desde distintos grupos.<\/p>\n<p>La compa\u00f1\u00eda respondi\u00f3 a los comentarios y afirm\u00f3 que los j\u00f3venes ya eran activos en internet y que era mejor que su experiencia estuviera supervisada. La empresa tambi\u00e9n anticip\u00f3 que no mostrar\u00eda publicidad en esta nueva aplicaci\u00f3n.<\/p>\n<p>\u201cFacebook afirma que la creaci\u00f3n de un Instagram para ni\u00f1os ayudar\u00e1 a mantenerlos seguros en la plataforma\u201d, mencion\u00f3 Kathryn Montgomery, del Centro para la Democracia Digital, a <em>BBC News<\/em> en abril.<\/p>\n<p>\u201cEl verdadero objetivo de la compa\u00f1\u00eda es expandir su lucrativa y altamente rentable franquicia de Instagram a un grupo demogr\u00e1fico a\u00fan m\u00e1s joven, introduciendo a los ni\u00f1os en un poderoso entorno de medios sociales comercializados que plantea serias amenazas a su privacidad, salud y bienestar\u201d.<\/p>\n<h4 class=\"h-editors-recs-title\"> Recomendaciones del editor\t<\/h4>\n<p> <span id=\"publisher-md\" itemprop=\"publisher\" itemscope itemtype=\"https:\/\/schema.org\/Organization\"> <span itemprop=\"url\" itemtype=\"https:\/\/schema.org\/Url\" content=\"https:\/\/es.digitaltrends.com\"> <span itemprop=\"logo\" itemscope itemtype=\"https:\/\/schema.org\/ImageObject\"> <meta itemprop=\"url\" content=\"https:\/\/cdn.dtcn.com\/dt\/dt-logo-small.png\"> <meta itemprop=\"width\" content=\"0\"> <meta itemprop=\"height\" content=\"0\"> <\/span> <meta itemprop=\"name\" content=\"Digital Trends Espa\u00f1ol\"> <\/span> <span itemprop=\"image\" itemscope itemtype=\"https:\/\/schema.org\/ImageObject\"> <meta itemprop=\"url\" content=\"http:\/\/cordobadirecto.com\/wp-content\/uploads\/2021\/09\/instagram-suspende-el-desarrollo-de-su-aplicacion-para-ninos.jpg\"> <\/span> <\/span><\/p>\n","protected":false},"excerpt":{"rendered":"<p>Instagram suspende el desarrollo de Instagram Kids, una versi\u00f3n de su aplicaci\u00f3n dirigida a menores de 13 a\u00f1os. Este anuncio fue realizado por&nbsp;Adam Mosseri, director de Instagram, en un blog de la red social, en el que agreg\u00f3 que la compa\u00f1\u00eda propiedad Facebook&nbsp;continuar\u00e1 trabajando en experiencias supervisadas por los padres de los usuarios m\u00e1s j\u00f3venes. [&hellip;]<\/p>\n","protected":false},"author":1,"featured_media":20590,"comment_status":"closed","ping_status":"closed","sticky":false,"template":"","format":"standard","meta":[],"categories":[26],"tags":[],"_links":{"self":[{"href":"http:\/\/cordobadirecto.com\/index.php\/wp-json\/wp\/v2\/posts\/20589"}],"collection":[{"href":"http:\/\/cordobadirecto.com\/index.php\/wp-json\/wp\/v2\/posts"}],"about":[{"href":"http:\/\/cordobadirecto.com\/index.php\/wp-json\/wp\/v2\/types\/post"}],"author":[{"embeddable":true,"href":"http:\/\/cordobadirecto.com\/index.php\/wp-json\/wp\/v2\/users\/1"}],"replies":[{"embeddable":true,"href":"http:\/\/cordobadirecto.com\/index.php\/wp-json\/wp\/v2\/comments?post=20589"}],"version-history":[{"count":0,"href":"http:\/\/cordobadirecto.com\/index.php\/wp-json\/wp\/v2\/posts\/20589\/revisions"}],"wp:featuredmedia":[{"embeddable":true,"href":"http:\/\/cordobadirecto.com\/index.php\/wp-json\/wp\/v2\/media\/20590"}],"wp:attachment":[{"href":"http:\/\/cordobadirecto.com\/index.php\/wp-json\/wp\/v2\/media?parent=20589"}],"wp:term":[{"taxonomy":"category","embeddable":true,"href":"http:\/\/cordobadirecto.com\/index.php\/wp-json\/wp\/v2\/categories?post=20589"},{"taxonomy":"post_tag","embeddable":true,"href":"http:\/\/cordobadirecto.com\/index.php\/wp-json\/wp\/v2\/tags?post=20589"}],"curies":[{"name":"wp","href":"https:\/\/api.w.org\/{rel}","templated":true}]}}