{"id":20612,"date":"2021-09-27T23:04:10","date_gmt":"2021-09-27T23:04:10","guid":{"rendered":"https:\/\/cordoba.gob.ar\/?p=13798"},"modified":"2021-09-27T23:04:10","modified_gmt":"2021-09-27T23:04:10","slug":"llaryora-entrego-800-credenciales-a-feriantes-de-los-paseos-de-la-economia-popular","status":"publish","type":"post","link":"http:\/\/cordobadirecto.com\/index.php\/2021\/09\/27\/llaryora-entrego-800-credenciales-a-feriantes-de-los-paseos-de-la-economia-popular\/","title":{"rendered":"Llaryora entreg\u00f3 800 credenciales a feriantes de los Paseos de la Econom\u00eda Popular"},"content":{"rendered":"<div><img src=\"http:\/\/cordobadirecto.com\/wp-content\/uploads\/2021\/09\/llaryora-entrego-800-credenciales-a-feriantes-de-los-paseos-de-la-economia-popular.jpg\" class=\"ff-og-image-inserted\"><\/div>\n<ul>\n<li><strong>Los trabajadores acreditados podr\u00e1n acceder a capacitaciones financieras y ayudas econ\u00f3micas para potenciar sus emprendimientos.<\/strong><\/li>\n<li><strong>El intendente calific\u00f3 el acto de reconocimiento como <em>\u201cuna medida de justicia que hace a\u00f1os hab\u00eda que resolver\u201d.<\/em><\/strong><\/li>\n<\/ul>\n<hr>\n<p>En el Teatro Griego del Parque Sarmiento, el intendente de la ciudad, Mart\u00edn Llaryora, ofici\u00f3 el acto de entrega de 800 credenciales para emprendedores y feriantes de los Paseos de la Econom\u00eda Popular.<\/p>\n<p>La entrega de certificados tiene como objetivo reconocer el derecho de los trabajadores de estos sectores, fortaleciendo la generaci\u00f3n de proyectos de comercializaci\u00f3n de productos, artesan\u00edas y servicios para beneficiar a las familias que promueven las econom\u00edas Creativas y Comunitarias.<\/p>\n<p>Anteriormente, el sector ocupaba los espacios verdes sin las condiciones sanitarias y de infraestructura necesarias para ejercer la actividad, ni contaban con el apoyo o reconocimiento del Estado Municipal.<\/p>\n<p><em>\u201cLa Econom\u00eda Comunitaria es parte activa de la econom\u00eda de nuestra ciudad, lo \u00fanico que necesitaba para salir adelante era la decisi\u00f3n pol\u00edtica de reconocerlos de la manera que ustedes se merecen. Esta es una medida de justicia que hac\u00eda a\u00f1os hab\u00eda que resolver\u201d<\/em>, fueron las palabras del intendente Mart\u00edn Llaryora a los feriantes.<\/p>\n<p><em>\u201cA donde fuimos avanzando, en la revalorizaci\u00f3n de cada plaza y ante la incertidumbre por la permanencia en el espacio, les demostramos que nosotros estamos comprometidos a que les vaya mejor y que todas las pol\u00edticas aplicadas son para reforzar las ferias\u201d<\/em>, a\u00f1adi\u00f3.<\/p>\n<p>Daniel Passerini, viceintendente de la capital provincial, dijo: <em>\u201cEl reconocimiento de hoy tiene mucho que ver con la dignidad que solo da el trabajo. Ac\u00e1 hay un gobierno que cree en el Estado presente y la comunidad organizada y tenemos la oportunidad de tener un intendente como Mart\u00edn que toma decisiones, que ha formado un equipo que ejecuta esas decisiones y las pone en servicio de la gente\u201d.<\/em><\/p>\n<p>A su tiempo, el secretario de Pol\u00edticas Sociales, Inclusi\u00f3n y Convivencia, Ra\u00fal La Cava, expres\u00f3: <em>\u201cEstaba la necesidad de que llegara un intendente que dejara de tenerlos en la clandestinidad a los trabajadores y trabajadoras que est\u00e1n hoy ac\u00e1, sin ser perseguidos. Est\u00e1n llevando la creatividad en cada lugar de C\u00f3rdoba, y eso es la pol\u00edtica de Estado que el intendente siempre quiso\u201d.<\/em><\/p>\n<p>Al respecto, la subsecretaria de Planificaci\u00f3n y Gesti\u00f3n para una Ciudad Inclusiva, Liliana Montero, resalt\u00f3 que dentro de los m\u00e1s de 3.000 feriantes, el 87% son mujeres: <em>\u201cEsto es parte de la pol\u00edtica municipal del intendente Llaryora, que entiende que las pol\u00edticas de g\u00e9nero son aquellas que achican la brecha entre los hombres y las mujeres d\u00e1ndonos mejores y m\u00e1s oportunidades\u201d.<\/em><\/p>\n<p>Los trabajadores registrados podr\u00e1n acceder a la \u201cCapacitaci\u00f3n Financiera para Trabajadores Feriantes de la Econom\u00eda Popular\u201d que se desarrolla junto al Ministerio de Promoci\u00f3n del Empleo y de la Econom\u00eda Familiar, la Fundaci\u00f3n banco de C\u00f3rdoba y BANCOR. En dicho taller, se fomenta el emprendedurismo y los buenos h\u00e1bitos financieros, acompa\u00f1\u00e1ndolos para que sus proyectos se potencien y perduren en el tiempo. Actualmente hay 300 feriantes que participan de la capacitaci\u00f3n.<\/p>\n<p>Entre otros beneficios, los acreditados tienen la posibilidad de obtener ayudas econ\u00f3micas para impulsar sus proyectos.<\/p>\n<p>Laura, feriante del paseo Pueblo La Toma, coment\u00f3 que comenzaron a darle forma a la feria durante la pandemia: <em>\u201cMuchos nos hab\u00edamos quedado sin trabajo, fue una lucha dura. Pero gracias a la feria pudimos volver a tener ingresos, y con los carnet que est\u00e1n entregando nos vamos a sentir a\u00fan m\u00e1s seguras\u201d.<\/em><\/p>\n<p>Por su parte, su compa\u00f1era Griselda, destac\u00f3: <em>\u201cEstamos agradecidos a esta gesti\u00f3n, ya que es la primer vez que la Municipalidad reconoce a los vendedores que normalmente \u00e9ramos ambulantes como trabajadores de la econom\u00eda popular\u201d.<\/em><\/p>\n<p>Mart\u00edn, que tiene su trabajo en la plaza Rivadavia de Alta C\u00f3rdoba, se\u00f1al\u00f3 que la acreditaci\u00f3n le da la posibilidad de expandirse y poder mostrar los productos para insertarse a\u00fan m\u00e1s en el \u00e1mbito laboral.<\/p>\n<p>Recibieron su carnet los integrantes de los Paseos de la Econom\u00eda Popular de Vecinos Agrupados, Paseo de la Rep\u00fablica San Vicente, Paseo Aguaducho, La Toma, Alta C\u00f3rdoba, Los Naranjos, y de Villa El Libertador.<\/p>\n<p>El acto estuvo acompa\u00f1ado de un espect\u00e1culo musical a cargo de \u201cVivi Pozzeb\u00f3n y Las Tamboreras\u201d y un show humor\u00edstico de \u201cLa Bicho\u201d.<\/p>\n<p>A trav\u00e9s de la reciente creaci\u00f3n del Registro Municipal de Trabajadoras y Trabajadores Feriantes de la Econom\u00eda Social y Popular, la Municipalidad tiene conocimiento de los 3.234 feriantes que trabajando en los diversos emplazamientos y oficializ\u00f3 cada una de las 48 ferias de la ciudad, brindando mejores condiciones para la actividad y sus visitantes.<\/p>\n","protected":false},"excerpt":{"rendered":"<p>Los trabajadores acreditados podr\u00e1n acceder a capacitaciones financieras y ayudas econ\u00f3micas para potenciar sus emprendimientos. El intendente calific\u00f3 el acto de reconocimiento como \u201cuna medida de justicia que hace a\u00f1os hab\u00eda que resolver\u201d. En el Teatro Griego del Parque Sarmiento, el intendente de la ciudad, Mart\u00edn Llaryora, ofici\u00f3 el acto de entrega de 800 credenciales [&hellip;]<\/p>\n","protected":false},"author":1,"featured_media":20613,"comment_status":"closed","ping_status":"closed","sticky":false,"template":"","format":"standard","meta":[],"categories":[44],"tags":[],"_links":{"self":[{"href":"http:\/\/cordobadirecto.com\/index.php\/wp-json\/wp\/v2\/posts\/20612"}],"collection":[{"href":"http:\/\/cordobadirecto.com\/index.php\/wp-json\/wp\/v2\/posts"}],"about":[{"href":"http:\/\/cordobadirecto.com\/index.php\/wp-json\/wp\/v2\/types\/post"}],"author":[{"embeddable":true,"href":"http:\/\/cordobadirecto.com\/index.php\/wp-json\/wp\/v2\/users\/1"}],"replies":[{"embeddable":true,"href":"http:\/\/cordobadirecto.com\/index.php\/wp-json\/wp\/v2\/comments?post=20612"}],"version-history":[{"count":0,"href":"http:\/\/cordobadirecto.com\/index.php\/wp-json\/wp\/v2\/posts\/20612\/revisions"}],"wp:featuredmedia":[{"embeddable":true,"href":"http:\/\/cordobadirecto.com\/index.php\/wp-json\/wp\/v2\/media\/20613"}],"wp:attachment":[{"href":"http:\/\/cordobadirecto.com\/index.php\/wp-json\/wp\/v2\/media?parent=20612"}],"wp:term":[{"taxonomy":"category","embeddable":true,"href":"http:\/\/cordobadirecto.com\/index.php\/wp-json\/wp\/v2\/categories?post=20612"},{"taxonomy":"post_tag","embeddable":true,"href":"http:\/\/cordobadirecto.com\/index.php\/wp-json\/wp\/v2\/tags?post=20612"}],"curies":[{"name":"wp","href":"https:\/\/api.w.org\/{rel}","templated":true}]}}