{"id":20614,"date":"2021-09-27T22:52:18","date_gmt":"2021-09-27T22:52:18","guid":{"rendered":"https:\/\/cordoba.gob.ar\/?p=13795"},"modified":"2021-09-27T22:52:18","modified_gmt":"2021-09-27T22:52:18","slug":"la-noche-de-los-cementerios-la-municipalidad-presenta-una-nueva-propuesta-para-adentrarse-en-la-historia-y-cultura-de-la-ciudad","status":"publish","type":"post","link":"http:\/\/cordobadirecto.com\/index.php\/2021\/09\/27\/la-noche-de-los-cementerios-la-municipalidad-presenta-una-nueva-propuesta-para-adentrarse-en-la-historia-y-cultura-de-la-ciudad\/","title":{"rendered":"La Noche de los Cementerios: la Municipalidad presenta una nueva propuesta para adentrarse en la historia y cultura de la ciudad"},"content":{"rendered":"<div><img src=\"http:\/\/cordobadirecto.com\/wp-content\/uploads\/2021\/09\/la-noche-de-los-cementerios-la-municipalidad-presenta-una-nueva-propuesta-para-adentrarse-en-la-historia-y-cultura-de-la-ciudad.jpg\" class=\"ff-og-image-inserted\"><\/div>\n<ul>\n<li><strong>Se realizar\u00e1 este mi\u00e9rcoles de 17 a 00 hs en los cementerios San Vicente, San Jer\u00f3nimo y Del Salvador.<\/strong><\/li>\n<li><strong>La entrada ser\u00e1 libre y gratuita.<\/strong><\/li>\n<\/ul>\n<hr>\n<p>En el marco de las actividades previstas por el mes del turismo, y en v\u00edsperas de la celebraci\u00f3n de San Jer\u00f3nimo, la Municipalidad de C\u00f3rdoba invita a vecinos y visitantes a un paseo por los cementerios m\u00e1s importantes de la ciudad.<\/p>\n<p>La propuesta consiste en visitas por los cementerios San Vicente, San Jer\u00f3nimo y Del Salvador. Tambi\u00e9n habr\u00e1 recorridos por los cementerios Armenio, Israelita y Musulm\u00e1n, adem\u00e1s de un circuito de Masoner\u00eda.<\/p>\n<p>La iniciativa consiste en una oportunidad \u00fanica de adentrarse en los aspectos m\u00e1s relevantes de la historia pol\u00edtica, arquitect\u00f3nica, art\u00edstica y religiosa de nuestra ciudad.<\/p>\n<p>En esta nueva propuesta se podr\u00e1n realizar recorridos donde se repasar\u00e1n los hitos m\u00e1s relevantes de cada cementerio, las tumbas de reconocidos gobernadores de nuestra provincia, los mitos urbanos como La Ramonita de San Vicente, el cementerio de los disidentes religiosos e inmigrantes Del Salvador y el Cementerio San Jer\u00f3nimo, entre otros.<\/p>\n<p><em>\u201cEsta gesti\u00f3n trabaja en la puesta en valor de los cementerios municipales pensando en los vecinos, quienes merecen un lugar digno para ir a visitar a sus familiares. Pero tambi\u00e9n pensamos en la ciudad como potencia tur\u00edstica, que recupere y revalorice el inagotable patrimonio cultural, arquitect\u00f3nico e hist\u00f3rico de los Cementerios y ponerlos a disposici\u00f3n de todas las personas que residan y visiten C\u00f3rdoba\u201d<\/em>, explic\u00f3 el secretario de Gobierno, Miguel Siciliano.<\/p>\n<p>C\u00d3MO PARTICIPAR<\/p>\n<p>La actividad, organizada por la Secretar\u00eda de Gobierno en conjunto con sus distintas \u00e1reas, ser\u00e1 con entrada libre y gratuita.<\/p>\n<p>Las visitas guiadas se llevar\u00e1n a cabo de 17 a 18 horas en el Cementerio San Vicente, Israelita y Musulm\u00e1n; mientras que en el San Jer\u00f3nimo, Del Salvador y Armenio, se realizar\u00e1n de 19 a 00 horas, con grupos reducidos de 15 personas y salidas cada una hora, tomando como punto de partida las puertas de ingreso de cada cementerio.<\/p>\n<p>Muestra de fotos \u201cHabitando mundos\u201d<\/p>\n<p>Otro de los atractivos de La Noche de los Cementerios ser\u00e1 la muestra fotogr\u00e1fica \u201cHabitando mundos\u201d, con fotograf\u00edas tomadas por Julieta Ferrer\u00eda Castillo. La misma retrata a las y los trabajadores, visitantes y transe\u00fantes que forman la din\u00e1mica de estos lugares configurados por la tristeza, el dolor y la muerte, y estar\u00e1 ubicada en el hall central del Cementerio San Jer\u00f3nimo.<\/p>\n<p>Sobre los cementerios<\/p>\n<p>CEMENTERIO SAN VICENTE Y MEMORIAL A LOS DESAPARECIDOS<\/p>\n<p>El Cementerio de San Vicente es el m\u00e1s grande de la ciudad y naci\u00f3 a la luz de una tragedia: una epidemia de c\u00f3lera que se cobr\u00f3 cientos de vidas a finales del siglo XIX. Fue construido en una antigua colonia semi rural de migrantes, sobre los terrenos de Samuel Palacios, uno de los responsables del progreso del barrio. En 1888, fue bendecido por el Obispo de C\u00f3rdoba Reginaldo Toro. Tiempo despu\u00e9s, ya iniciado el siglo XX, se construyeron colindantes los cementerios Musulm\u00e1n e Israelita.<\/p>\n<p>Entre las tumbas famosas puestas en valor recientemente, se encuentra la de la \u201cRamonita\u201d Moreno. Asesinada el 10 de mayo de 1934, la violencia de su muerte a manos de su amante Raimundo Tel\u00e9sforo Morales encendi\u00f3 un culto popular que a\u00fan perdura. Su tumba re\u00fane las ofrendas de las personas que asiduamente van a visitarla.<\/p>\n<p>Dentro del cementerio funciona, desde 2006, el Memorial a los Desaparecidos, en el mismo lugar en el que se instal\u00f3 una fosa com\u00fan entre 1976 y 1977, durante la \u00faltima dictadura militar.<\/p>\n<p>CEMENTERIO SAN JER\u00d3NIMO<\/p>\n<p>Desde que una serie de epidemias comenzaron a azotar la ciudad, como la de escarlatina de 1838 o la de viruela de 1843, las previsiones sanitarias marcaron el inicio de diferentes pol\u00edticas higienistas. Una de ellas consisti\u00f3 en trasladar al cementerio San Jer\u00f3nimo a un sitio por entonces m\u00e1s alejado de la ciudad.<\/p>\n<p>Se discutieron distintos terrenos, sin embargo fue en 1843 cuando el Gobernador Manuel L\u00f3pez le encarg\u00f3 al jefe de Polic\u00eda que estableciera el cementerio en la zona oeste de la ciudad, en un lugar cercado con tapias, en las inmediaciones del Pueblito (un antiguo asentamiento ind\u00edgena).<\/p>\n<p>El 15 de septiembre de 1843 fue inaugurado y all\u00ed comenzaron a enterrar a los ni\u00f1os muertos por la epidemia de la viruela.<\/p>\n<p>Desde principio de a\u00f1o el Cementerio San Jer\u00f3nimo incorpor\u00f3 visitas guiadas gratuitas: \u201cRecorrido de gobernadores, intendentes y figuras de la vida pol\u00edtica\u201d, \u201cCircuito de mujeres destacadas\u201d, \u201cHistorias de amor y no tan amorosas\u201d, \u201cCircuito del cuarteto y la m\u00fasica popular cordobesa\u201d, \u201cRecorrido Hist\u00f3rico y Masoner\u00eda\u201d son algunas de las opciones.<\/p>\n<p>Los turnos se obtienen por whatsapp al n\u00famero: 351-537-6772, por mail visitaguiada.cementerios@gmail.com.<\/p>\n<p>El p\u00fablico general puede realizar estas visitas los d\u00edas s\u00e1bados en dos turnos, 11 y 15 horas; los domingos a las 11 horas. Los mi\u00e9rcoles a las 16, est\u00e1n destinados a visitas de colegios e instituciones (con reserva previa). Tambi\u00e9n se incorpor\u00f3 el servicio de int\u00e9rprete de Lengua de Se\u00f1as Argentina.<\/p>\n<p>CEMENTERIO DE LOS DISIDENTES O DEL SALVADOR<\/p>\n<p>Los cementerios de los disidentes surgen en la Argentina en respuesta a los inconvenientes que ten\u00edan los inmigrantes para inhumar a sus muertos, debido a que en aquella \u00e9poca no estaba permitido el entierro de los no cat\u00f3licos. La ciudad de C\u00f3rdoba no fue la excepci\u00f3n, y en 1864 el gobernador de la provincia don Roque Ferreyra decidi\u00f3 destinar un peque\u00f1o pedazo de tierra para tal fin. As\u00ed naci\u00f3 el \u201cCementerio de los disidentes\u201d, actualmente conocido como \u201cCementerio del Salvador \u201c, ubicado en Barrio Alberdi, en uno de los laterales del Cementerio San Jer\u00f3nimo. All\u00ed tambi\u00e9n se puede encontrar contenido sobre masoner\u00eda y simbolog\u00eda funeraria.<\/p>\n","protected":false},"excerpt":{"rendered":"<p>Se realizar\u00e1 este mi\u00e9rcoles de 17 a 00 hs en los cementerios San Vicente, San Jer\u00f3nimo y Del Salvador. La entrada ser\u00e1 libre y gratuita. En el marco de las actividades previstas por el mes del turismo, y en v\u00edsperas de la celebraci\u00f3n de San Jer\u00f3nimo, la Municipalidad de C\u00f3rdoba invita a vecinos y visitantes [&hellip;]<\/p>\n","protected":false},"author":1,"featured_media":20615,"comment_status":"closed","ping_status":"closed","sticky":false,"template":"","format":"standard","meta":[],"categories":[44],"tags":[],"_links":{"self":[{"href":"http:\/\/cordobadirecto.com\/index.php\/wp-json\/wp\/v2\/posts\/20614"}],"collection":[{"href":"http:\/\/cordobadirecto.com\/index.php\/wp-json\/wp\/v2\/posts"}],"about":[{"href":"http:\/\/cordobadirecto.com\/index.php\/wp-json\/wp\/v2\/types\/post"}],"author":[{"embeddable":true,"href":"http:\/\/cordobadirecto.com\/index.php\/wp-json\/wp\/v2\/users\/1"}],"replies":[{"embeddable":true,"href":"http:\/\/cordobadirecto.com\/index.php\/wp-json\/wp\/v2\/comments?post=20614"}],"version-history":[{"count":0,"href":"http:\/\/cordobadirecto.com\/index.php\/wp-json\/wp\/v2\/posts\/20614\/revisions"}],"wp:featuredmedia":[{"embeddable":true,"href":"http:\/\/cordobadirecto.com\/index.php\/wp-json\/wp\/v2\/media\/20615"}],"wp:attachment":[{"href":"http:\/\/cordobadirecto.com\/index.php\/wp-json\/wp\/v2\/media?parent=20614"}],"wp:term":[{"taxonomy":"category","embeddable":true,"href":"http:\/\/cordobadirecto.com\/index.php\/wp-json\/wp\/v2\/categories?post=20614"},{"taxonomy":"post_tag","embeddable":true,"href":"http:\/\/cordobadirecto.com\/index.php\/wp-json\/wp\/v2\/tags?post=20614"}],"curies":[{"name":"wp","href":"https:\/\/api.w.org\/{rel}","templated":true}]}}