{"id":20616,"date":"2021-09-28T15:28:21","date_gmt":"2021-09-28T15:28:21","guid":{"rendered":"https:\/\/puntoapunto.com.ar\/?p=316852"},"modified":"2021-09-28T15:28:21","modified_gmt":"2021-09-28T15:28:21","slug":"cordoba-recuperara-el-hub-aereo-desde-el-25-de-octubre","status":"publish","type":"post","link":"http:\/\/cordobadirecto.com\/index.php\/2021\/09\/28\/cordoba-recuperara-el-hub-aereo-desde-el-25-de-octubre\/","title":{"rendered":"C\u00f3rdoba recuperar\u00e1 el hub a\u00e9reo desde el 25 de octubre"},"content":{"rendered":"<div class=\"td-post-featured-image\"><a href=\"http:\/\/cordobadirecto.com\/wp-content\/uploads\/2021\/09\/cordoba-recuperara-el-hub-aereo-desde-el-25-de-octubre-8.jpg\" data-caption><img loading=\"lazy\" width=\"696\" height=\"435\" class=\"entry-thumb td-modal-image\" src=\"http:\/\/cordobadirecto.com\/wp-content\/uploads\/2021\/09\/cordoba-recuperara-el-hub-aereo-desde-el-25-de-octubre.jpg\" srcset=\"http:\/\/cordobadirecto.com\/wp-content\/uploads\/2021\/09\/cordoba-recuperara-el-hub-aereo-desde-el-25-de-octubre.jpg 696w, http:\/\/cordobadirecto.com\/wp-content\/uploads\/2021\/09\/cordoba-recuperara-el-hub-aereo-desde-el-25-de-octubre-2.jpg 300w, http:\/\/cordobadirecto.com\/wp-content\/uploads\/2021\/09\/cordoba-recuperara-el-hub-aereo-desde-el-25-de-octubre-3.jpg 1024w, http:\/\/cordobadirecto.com\/wp-content\/uploads\/2021\/09\/cordoba-recuperara-el-hub-aereo-desde-el-25-de-octubre-4.jpg 768w, http:\/\/cordobadirecto.com\/wp-content\/uploads\/2021\/09\/cordoba-recuperara-el-hub-aereo-desde-el-25-de-octubre-5.jpg 150w, http:\/\/cordobadirecto.com\/wp-content\/uploads\/2021\/09\/cordoba-recuperara-el-hub-aereo-desde-el-25-de-octubre-6.jpg 1068w, http:\/\/cordobadirecto.com\/wp-content\/uploads\/2021\/09\/cordoba-recuperara-el-hub-aereo-desde-el-25-de-octubre-7.jpg 672w, http:\/\/cordobadirecto.com\/wp-content\/uploads\/2021\/09\/cordoba-recuperara-el-hub-aereo-desde-el-25-de-octubre-8.jpg 1200w\" sizes=\"(max-width: 696px) 100vw, 696px\" alt title=\"trabajadores-aerolineas-argentinas-en-pista-con-avion-750x375@2x\"><\/a><\/div>\n<p>La informaci\u00f3n surgi\u00f3 durante el<strong> Congreso de Agentes de Viajes<\/strong> reunido en Tucum\u00e1n. Lo confirm\u00f3 el director<strong> Comercial de Aerol\u00edneas Argentinas<\/strong>, Fabi\u00e1n Lombardo, ante la presencia \u2013considerada r\u00e9cord\u2013 de m\u00e1s de 1.350 representantes del turismo que deliberaron el jueves y viernes pasado para analizar el futuro de la actividad frente a la salida de la pandemia.<\/p>\n<p>Recuperar el hub implica, en t\u00e9rminos de conectividad, la posibilidad de viajar desde el aeropuerto Taravella a 12 provincias argentinas conectando el norte y el sur del pa\u00eds sin tener que pasar por Buenos Aires.<\/p>\n<p>Se trata de<strong> satisfacer un fuerte y reiterado reclamo<\/strong> tanto de los operadores tur\u00edsticos cordobeses como de las autoridades provinciales, encabezadas por el presidente de la Agencia C\u00f3rdoba Turismo, <a href=\"https:\/\/puntoapunto.com.ar\/aviles-las-aerolineas-que-tenian-vuelos-internacionales-quieren-retomar-pero-nacion-no-nos-da-el-ok\/\" target=\"_blank\" rel=\"noopener\"><strong>Esteban Avil\u00e9s<\/strong><\/a>, quien estuvo presente en el encuentro de Tucum\u00e1n.<\/p>\n<p>Si bien al anunciarse la decisi\u00f3n no se fij\u00f3 una fecha cierta para la puesta en marcha del cronograma completo de vuelos, trascendi\u00f3 que <strong>la fecha inaugural ser\u00eda el 25 de octubre.<\/strong> Las primeras rutas a reabrir ser\u00edan a<strong> El Calafate y Ushuaia<\/strong>, con dos frecuencias semanales, y luego<strong> se ir\u00edan sumando otros vuelos hasta enero de 2022<\/strong>. De hecho, en el sistema de Aerol\u00edneas ya figuran los vuelos de noviembre, que se ir\u00e1n incrementando paulatinamente.<\/p>\n<p>El presidente de la Asociaci\u00f3n Cordobesa de Agencias de Viajes (Acav),<strong> <a href=\"https:\/\/puntoapunto.com.ar\/peralta-sin-conectividad-aerea-el-previaje-solo-nos-sirve-para-vender-a-futuro\/\" target=\"_blank\" rel=\"noopener\">Gustavo Peralta<\/a><\/strong>, indic\u00f3 a PERFIL C\u00d3RDOBA desde Tucum\u00e1n que \u201cel mismo Lombardo anunci\u00f3 que AR dispondr\u00e1<strong> tres aviones en el aeropuerto de C\u00f3rdoba, con sus correspondientes tripulaciones<\/strong>\u201d.<\/p>\n<h5><strong>Demanda creciente<\/strong><\/h5>\n<p>\u201cTambi\u00e9n dijo Lombardo \u2013agreg\u00f3 Gonz\u00e1lez\u2013 que<strong> la reactivaci\u00f3n del hub es producto del&nbsp; creciente incremento de las reservas<\/strong> para la temporada de verano venidera ya que, asegur\u00f3, el programa PreViaje ha cuadruplicado<strong> las b\u00fasquedas en la web de la empresa, que pasaron de 19.000 reservas diarias a 78.000<\/strong>\u201d.<\/p>\n<p>\u201cEs una buena noticia, lo mismo que el \u00e9xito del congreso; todo esto demuestra que<strong> la reactivaci\u00f3n del turismo es posible, nos da mucha esperanza y ganas de volver a trabajar<\/strong> como antes de la pandemia. Estamos convencidos que con los cuidados del caso, ya que todav\u00eda no se puede decir que estamos en la pospandemia, y cumpliendo con todos los protocolos, la actividad puede volver a desarrollarse y generar lo que siempre ha generado: <strong>trabajo y recursos econ\u00f3micos<\/strong>\u201d, afirm\u00f3.<\/p>\n<p>Por su parte, Avil\u00e9s se\u00f1al\u00f3: \u201cEsto es el resultado de&nbsp; la gesti\u00f3n permanente de C\u00f3rdoba y de otras provincias para recobrar la conectividad a\u00e9rea del pa\u00eds. Con lo anunciado hoy estamos recuperando parte del hub a\u00e9reo cordob\u00e9s y seguiremos insistiendo para lograr tener a pleno la oferta a\u00e9rea de la provincia.<strong> Es muy importante para la econom\u00eda provincial que C\u00f3rdoba recupere cuanto antes el hub a\u00e9reo<\/strong>\u201d,&nbsp;destac\u00f3 Avil\u00e9s.<\/p>\n<p>\u201c<strong>La convocatoria del congreso demuestra la fortaleza y convicci\u00f3n de todos los actores del turismo de gestionar en forma conjunta<\/strong>, entre sector p\u00fablico y el privado, el futuro de la actividad. C\u00f3rdoba dijo presente apoyando al sector privado que nunca baj\u00f3 los brazos y es protagonista de la reactivaci\u00f3n del turismo nacional\u201d, asegur\u00f3.<\/p>\n<h5><strong>Vuelos internacionales<\/strong><\/h5>\n<p>Tanto del sector oficial como el privado, contin\u00faan las gestiones para que la<strong> reapertura del hub C\u00f3rdoba incluya los vuelos internacionales.<\/strong> Las distintas empresas que vuelan desde el aeropuerto Taravella a distintos destinos del exterior est\u00e1n a la espera de una definici\u00f3n en ese sentido.<\/p>\n<p>Desde LATAM cursaron pedidos de autorizaci\u00f3n a la Anac para<strong> volar desde C\u00f3rdoba a Satiago de Chile, a Lima y a San Pablo<\/strong>, con entre<strong> tres y cuatro frecuencias semanales<\/strong>. Tambi\u00e9n <strong>Copa<\/strong>, cuya ruta C\u00f3rdoba \u2013 Panam\u00e1 es muy demandada no solo para viajes de turismo sino tambi\u00e9n de negocios y corporativos, est\u00e1 a la espera de que le sean autorizados vuelos desde esta provincia. Cabe recordar que los otros aeropuertos desde los que vuela Copa son <strong>Mendoza, Salta, Rosario y Ezeiza.<\/strong><\/p>\n<p>(Especial por <strong>Juan Erramouspe<\/strong> para Perfil C\u00f3rdoba)<\/p>\n<div class=\"saboxplugin-wrap\" itemtype=\"http:\/\/schema.org\/Person\" itemscope itemprop=\"author\">\n<div class=\"saboxplugin-tab\">\n<div class=\"saboxplugin-gravatar\"><img alt src=\"http:\/\/cordobadirecto.com\/wp-content\/uploads\/2021\/09\/cordoba-recuperara-el-hub-aereo-desde-el-25-de-octubre-1.jpg\" srcset=\"http:\/\/cordobadirecto.com\/wp-content\/uploads\/2021\/09\/cordoba-recuperara-el-hub-aereo-desde-el-25-de-octubre-9.jpg 2x\" class=\"avatar avatar-100 photo\" height=\"100\" width=\"100\" itemprop=\"image\" loading=\"lazy\"><\/div>\n<div class=\"saboxplugin-desc\" readability=\"6.5\">\n<div itemprop=\"description\" readability=\"8\">\n<p>Este articulo fue escrito por la redacci\u00f3n de Punto a Punto. Seguinos en todas nuestras redes sociales<\/p>\n<\/div>\n<\/div>\n<\/div>\n<\/div>\n","protected":false},"excerpt":{"rendered":"<p>La informaci\u00f3n surgi\u00f3 durante el Congreso de Agentes de Viajes reunido en Tucum\u00e1n. Lo confirm\u00f3 el director Comercial de Aerol\u00edneas Argentinas, Fabi\u00e1n Lombardo, ante la presencia \u2013considerada r\u00e9cord\u2013 de m\u00e1s de 1.350 representantes del turismo que deliberaron el jueves y viernes pasado para analizar el futuro de la actividad frente a la salida de la [&hellip;]<\/p>\n","protected":false},"author":1,"featured_media":20617,"comment_status":"closed","ping_status":"closed","sticky":false,"template":"","format":"standard","meta":[],"categories":[25,22],"tags":[],"_links":{"self":[{"href":"http:\/\/cordobadirecto.com\/index.php\/wp-json\/wp\/v2\/posts\/20616"}],"collection":[{"href":"http:\/\/cordobadirecto.com\/index.php\/wp-json\/wp\/v2\/posts"}],"about":[{"href":"http:\/\/cordobadirecto.com\/index.php\/wp-json\/wp\/v2\/types\/post"}],"author":[{"embeddable":true,"href":"http:\/\/cordobadirecto.com\/index.php\/wp-json\/wp\/v2\/users\/1"}],"replies":[{"embeddable":true,"href":"http:\/\/cordobadirecto.com\/index.php\/wp-json\/wp\/v2\/comments?post=20616"}],"version-history":[{"count":0,"href":"http:\/\/cordobadirecto.com\/index.php\/wp-json\/wp\/v2\/posts\/20616\/revisions"}],"wp:featuredmedia":[{"embeddable":true,"href":"http:\/\/cordobadirecto.com\/index.php\/wp-json\/wp\/v2\/media\/20617"}],"wp:attachment":[{"href":"http:\/\/cordobadirecto.com\/index.php\/wp-json\/wp\/v2\/media?parent=20616"}],"wp:term":[{"taxonomy":"category","embeddable":true,"href":"http:\/\/cordobadirecto.com\/index.php\/wp-json\/wp\/v2\/categories?post=20616"},{"taxonomy":"post_tag","embeddable":true,"href":"http:\/\/cordobadirecto.com\/index.php\/wp-json\/wp\/v2\/tags?post=20616"}],"curies":[{"name":"wp","href":"https:\/\/api.w.org\/{rel}","templated":true}]}}