{"id":206170,"date":"2026-08-28T14:50:35","date_gmt":"2026-08-28T14:50:35","guid":{"rendered":"https:\/\/www.ole.com.ar\/autos\/alessandro-tullio-piloto-argentino-record-historico-estados-unidos_0_EKwQVFdOZl.html"},"modified":"2026-08-28T14:50:35","modified_gmt":"2026-08-28T14:50:35","slug":"el-piloto-argentino-que-va-por-un-record-historico-en-estados-unidos","status":"publish","type":"post","link":"http:\/\/cordobadirecto.com\/index.php\/2026\/08\/28\/el-piloto-argentino-que-va-por-un-record-historico-en-estados-unidos\/","title":{"rendered":"El piloto argentino que va por un r\u00e9cord hist\u00f3rico en Estados Unidos"},"content":{"rendered":"<div id=\"element-body-0\" class=\"sc-df222161-0 hNvwjb\" readability=\"37.116554054054\">\n<p>En el \u00e1mbito automovil\u00edstico, la atenci\u00f3n de los argentinos est\u00e1 puesta en Europa, especialmente esta semana con <a href=\"https:\/\/www.ole.com.ar\/autos\/video-alegria-franco-colapinto-confirmacion-ppiloto-titular-alpine-2027-formula-1-apoyo-argentinso-darles-merecen_0_4nXgWjoo2Q.html\" target=\"_self\" title=\"la renovaci\u00f3n de Franco Colapinto en Alpine para 2027\" alt=\"la renovaci\u00f3n de Franco Colapinto en Alpine para 2027\" rel=\"noopener\">la renovaci\u00f3n de Franco Colapinto en Alpine para 2027<\/a>. No obstante, hay razones para pispear qu\u00e9 pasa en otras partes del mundo, y este finde habr\u00e1 una excusa inmejorable para mirar hacia Estados Unidos: <strong><a href=\"https:\/\/www.ole.com.ar\/tema\/alessandro-de-tullio.html\" title=\"Alessandro de Tullio\" alt=\"Alessandro de Tullio\" class=\"slug\">Alessandro de Tullio<\/a>, piloto de Indy NXT (escal\u00f3n previo a <a href=\"https:\/\/www.ole.com.ar\/tema\/indycar.html\" title=\"Indycar\" alt=\"Indycar\" class=\"slug\">IndyCar<\/a>), ir\u00e1 por un r\u00e9cord hist\u00f3rico de la categor\u00eda.<\/strong> De cara al inicio de la actividad en Milwaukee, por la pen\u00faltima fecha del campeonato, el pibe de 20 a\u00f1os habl\u00f3 con <strong>Ol\u00e9<\/strong> y palpit\u00f3 esa b\u00fasqueda.<\/p>\n<\/div>\n<div id=\"element-body-2\" class=\"sc-df222161-0 hNvwjb\" readability=\"40\">\n<p>A tres carreras del final, porque habr\u00e1 una en este \u00f3valo at\u00edpico -as\u00ed lo describi\u00f3 el propio ADT- y dos en Laguna Seca, <strong>el nacido en Miami ir\u00e1 por la marca de pole positions en una misma temporada.<\/strong> Hasta ahora, cuenta con ocho <strong> <\/strong> y el r\u00e9cord le pertenece al mexicano <strong>Pato O&#8217;Ward<\/strong>, figura del campeonato superior, <strong>que en 2018 consigui\u00f3 nueve.<\/strong><\/p>\n<\/div>\n<div id=\"element-body-3\" class=\"sc-df222161-0 hNvwjb\" readability=\"45\">\n<p>Indy NXT, anteriormente conocida como Indy Lights, es el certamen que promovi\u00f3 a las m\u00e1ximas estrellas a la categor\u00eda reina y este registro lo meter\u00eda en la historia (solo hace falta decir que pasaron corredores como <strong>Scott Dixon y Tony Kanaan<\/strong>). A pesar del significado que tiene, De Tullio tratar\u00e1 de mantenerse al margen y de poner la atenci\u00f3n en la pista, como le dijo a este diario: <strong>&#8220;Es especial, pero no es algo que voy pensando arriba del auto.<\/strong> Despu\u00e9s de la temporada, lo ves y dec\u00eds: &#8216;S\u00ed, est\u00e1 bueno&#8217;, pero durante la temporada no voy pensando en r\u00e9cords. A m\u00ed me gusta ganar carreras; las poles est\u00e1n buen\u00edsimas, es algo que define tambi\u00e9n que el piloto es r\u00e1pido, <strong>pero siempre voy por la pole sin importar si hay un r\u00e9cord por delante o no&#8221;.<\/strong><\/p>\n<\/div>\n<div class=\"sc-c0843421-0 iNysjD image-embed\" id=\"element-body-4\"><img alt=\"Por cada pole se pega un sticker en el aler\u00f3n trasero. Ya tiene unos cuantos...\" loading=\"lazy\" width=\"720\" height=\"100\" decoding=\"async\" data-nimg=\"1\" src=\"http:\/\/cordobadirecto.com\/wp-content\/uploads\/2026\/08\/el-piloto-argentino-que-va-por-un-record-historico-en-estados-unidos.jpg\"><span class=\"epigraphe\">Por cada pole se pega un sticker en el aler\u00f3n trasero. Ya tiene unos cuantos&#8230;<\/span><\/div>\n<div id=\"element-body-5\" class=\"sc-df222161-0 hNvwjb\" readability=\"46\">\n<p>Con esa mentalidad, le fue muy bien esta temporada, si bien no termin\u00f3 de traducirlo a la general por distintas razones (marcha 6\u00b0, a 98 puntos del l\u00edder), algo que le qued\u00f3 picando: &#8220;Estoy contento con el a\u00f1o que hice. Tuve varias carreras en las que merec\u00ed mucho m\u00e1s, y cuando vea d\u00f3nde termin\u00e9, <strong>seguramente voy a sentir que merec\u00ed m\u00e1s<\/strong> por la velocidad que tuve, cosas que pasaron que estuvieron fuera de mi control&#8230; <strong>Llevamos 14 carreras, faltan 3, hice 8 poles y largu\u00e9 en primera fila 12 veces, as\u00ed que eso es incre\u00edble.<\/strong> En las carreras pasan cosas que simplemente suceden y me costaron muchos puntos, pero hay que mirar el lado positivo y estar contentos&#8221;.<\/p>\n<\/div>\n<div id=\"element-body-6\" class=\"sc-df222161-0 hNvwjb\" readability=\"39\">\n<p>\u00bfLa impresi\u00f3n que caus\u00f3 basta para pasar directamente a IndyCar? En t\u00e9rminos de rendimiento, pareciera que s\u00ed, pero Alessandro no quiere hablar antes de tiempo: &#8221; <strong>El sue\u00f1o es estar en un IndyCar<\/strong>, y si puedo saltar hoy o ma\u00f1ana ser\u00eda el sue\u00f1o cumplido, pero no s\u00e9 qu\u00e9 va a pasar el a\u00f1o que viene. <strong>Es algo que seguimos conversando y estamos en discusiones con mucha gente que forma parte del ambiente para definirlo<\/strong>&#8220;.<\/p>\n<\/div>\n<div class=\"sc-c0843421-0 iNysjD image-embed\" id=\"element-body-7\"><img alt=\"Alessandro de Tullio viene de ganar en Portland. (IG)\" loading=\"lazy\" width=\"720\" height=\"100\" decoding=\"async\" data-nimg=\"1\" src=\"http:\/\/cordobadirecto.com\/wp-content\/uploads\/2026\/08\/el-piloto-argentino-que-va-por-un-record-historico-en-estados-unidos-1.jpg\"><span class=\"epigraphe\">Alessandro de Tullio viene de ganar en Portland. (IG)<\/span><\/div>\n<p><h2>Alessandro de Tullio ir\u00e1 por el r\u00e9cord de poles en Indy NXT: cu\u00e1ndo, d\u00f3nde y c\u00f3mo verlo<\/h2>\n<\/p>\n<div id=\"element-body-9\" class=\"sc-df222161-0 hNvwjb\" readability=\"41\">\n<p>De Tullio, que viene de ganar en Portland, comenzar\u00e1 a girar en el \u00f3valo de Milwaukee desde este s\u00e1bado. Despu\u00e9s de la pr\u00e1ctica, que iniciar\u00e1 a las 10.00, <strong>ir\u00e1 por la pole position a las 13.30 de Argentina.<\/strong> La clasificaci\u00f3n, al igual que la carrera del domingo a las 12.00, ser\u00e1 transmitida por <strong>Disney+ Premium<\/strong>.<\/p>\n<\/div>\n<div id=\"element-body-10\" class=\"sc-a7166897-0 eTTZWU\" readability=\"31.5\">\n<section readability=\"3\"><picture><img alt=\"La alegr\u00eda de Franco Colapinto tras ser confirmado por Alpine para 2027: &quot;Quiero darles a todos los argentinos lo que se merecen&quot;\" loading=\"lazy\" width=\"290\" height=\"290\" decoding=\"async\" data-nimg=\"1\" src=\"http:\/\/cordobadirecto.com\/wp-content\/uploads\/2026\/08\/el-piloto-argentino-que-va-por-un-record-historico-en-estados-unidos-2.jpg\"><\/picture>\n<p><span>Mir\u00e1 tambi\u00e9n<\/span><\/p>\n<hr>\n<h3>La alegr\u00eda de Franco Colapinto tras ser confirmado por Alpine para 2027: &#8220;Quiero darles a todos los argentinos lo que se merecen&#8221;<\/h3>\n<\/p>\n<\/section>\n<\/div>\n<div id=\"element-body-11\" class=\"sc-a7166897-0 eTTZWU\" readability=\"31\">\n<section readability=\"2\"><picture><img alt=\"Flavio Briatore: &quot;Franco Colapinto pertenece a la F\u00f3rmula 1 y a este equipo&quot; \" loading=\"lazy\" width=\"290\" height=\"290\" decoding=\"async\" data-nimg=\"1\" src=\"http:\/\/cordobadirecto.com\/wp-content\/uploads\/2026\/08\/el-piloto-argentino-que-va-por-un-record-historico-en-estados-unidos-3.jpg\"><\/picture>\n<p><span>Mir\u00e1 tambi\u00e9n<\/span><\/p>\n<hr>\n<h3>Flavio Briatore: &#8220;Franco Colapinto pertenece a la F\u00f3rmula 1 y a este equipo&#8221;<br \/>\n<\/h3>\n<\/p>\n<\/section>\n<\/div>\n<div id=\"element-body-12\" class=\"sc-a7166897-0 eTTZWU\" readability=\"31.5\">\n<section readability=\"3\"><picture><img alt=\"El club de los 4: Franco Colapinto y una marca argentina que tard\u00f3 d\u00e9cadas en la F\u00f3rmula 1\" loading=\"lazy\" width=\"290\" height=\"290\" decoding=\"async\" data-nimg=\"1\" src=\"http:\/\/cordobadirecto.com\/wp-content\/uploads\/2026\/08\/el-piloto-argentino-que-va-por-un-record-historico-en-estados-unidos-4.jpg\"><\/picture>\n<p><span>Mir\u00e1 tambi\u00e9n<\/span><\/p>\n<hr>\n<h3>El club de los 4: Franco Colapinto y una marca argentina que tard\u00f3 d\u00e9cadas en la F\u00f3rmula 1<\/h3>\n<\/p>\n<\/section>\n<\/div>\n","protected":false},"excerpt":{"rendered":"<p>En el \u00e1mbito automovil\u00edstico, la atenci\u00f3n de los argentinos est\u00e1 puesta en Europa, especialmente esta semana con la renovaci\u00f3n de Franco Colapinto en Alpine para 2027. No obstante, hay razones para pispear qu\u00e9 pasa en otras partes del mundo, y este finde habr\u00e1 una excusa inmejorable para mirar hacia Estados Unidos: Alessandro de Tullio, piloto [&hellip;]<\/p>\n","protected":false},"author":1,"featured_media":206171,"comment_status":"closed","ping_status":"closed","sticky":false,"template":"","format":"standard","meta":[],"categories":[21],"tags":[],"_links":{"self":[{"href":"http:\/\/cordobadirecto.com\/index.php\/wp-json\/wp\/v2\/posts\/206170"}],"collection":[{"href":"http:\/\/cordobadirecto.com\/index.php\/wp-json\/wp\/v2\/posts"}],"about":[{"href":"http:\/\/cordobadirecto.com\/index.php\/wp-json\/wp\/v2\/types\/post"}],"author":[{"embeddable":true,"href":"http:\/\/cordobadirecto.com\/index.php\/wp-json\/wp\/v2\/users\/1"}],"replies":[{"embeddable":true,"href":"http:\/\/cordobadirecto.com\/index.php\/wp-json\/wp\/v2\/comments?post=206170"}],"version-history":[{"count":0,"href":"http:\/\/cordobadirecto.com\/index.php\/wp-json\/wp\/v2\/posts\/206170\/revisions"}],"wp:featuredmedia":[{"embeddable":true,"href":"http:\/\/cordobadirecto.com\/index.php\/wp-json\/wp\/v2\/media\/206171"}],"wp:attachment":[{"href":"http:\/\/cordobadirecto.com\/index.php\/wp-json\/wp\/v2\/media?parent=206170"}],"wp:term":[{"taxonomy":"category","embeddable":true,"href":"http:\/\/cordobadirecto.com\/index.php\/wp-json\/wp\/v2\/categories?post=206170"},{"taxonomy":"post_tag","embeddable":true,"href":"http:\/\/cordobadirecto.com\/index.php\/wp-json\/wp\/v2\/tags?post=206170"}],"curies":[{"name":"wp","href":"https:\/\/api.w.org\/{rel}","templated":true}]}}