{"id":20625,"date":"2021-09-28T21:29:22","date_gmt":"2021-09-28T21:29:22","guid":{"rendered":"https:\/\/cordoba.gob.ar\/?p=13858"},"modified":"2021-09-28T21:29:22","modified_gmt":"2021-09-28T21:29:22","slug":"cooperativas-locales-trabajaran-en-la-refaccion-y-mantenimiento-de-centros-vecinales","status":"publish","type":"post","link":"http:\/\/cordobadirecto.com\/index.php\/2021\/09\/28\/cooperativas-locales-trabajaran-en-la-refaccion-y-mantenimiento-de-centros-vecinales\/","title":{"rendered":"Cooperativas locales trabajar\u00e1n en la refacci\u00f3n y mantenimiento de Centros Vecinales"},"content":{"rendered":"<div><img src=\"http:\/\/cordobadirecto.com\/wp-content\/uploads\/2021\/09\/cooperativas-locales-trabajaran-en-la-refaccion-y-mantenimiento-de-centros-vecinales.jpg\" class=\"ff-og-image-inserted\"><\/div>\n<ul>\n<li><strong>Adem\u00e1s, la Universidad Nacional de C\u00f3rdoba dictar\u00e1 talleres de capacitaci\u00f3n en oficios destinados a estas cooperativas de trabajo.<\/strong><\/li>\n<\/ul>\n<hr>\n<p>La Municipalidad de C\u00f3rdoba, a trav\u00e9s de la Secretar\u00eda de Participaci\u00f3n Ciudadana, firm\u00f3 convenios con dos Cooperativas de Trabajo para llevar adelante las obras de puesta en valor de distintos Centros Vecinales de la ciudad.<\/p>\n<p>A trav\u00e9s de este convenio, las cooperativas de Trabajo \u201cRodillon Limitada\u201d y \u201cTrabajadores y Trabajadoras de la Econom\u00eda Popular Limitada\u201d realizar\u00e1n tareas de construcci\u00f3n, refacci\u00f3n y mantenimiento en las sedes de los Centros Vecinales que hayan recibido fondos municipales para construcci\u00f3n y\/o refacci\u00f3n de sus edificios institucionales.<\/p>\n<p>Adem\u00e1s, ambas cooperativas realizar\u00e1n trabajos en los diferentes barrios de la ciudad que est\u00e9n contemplados dentro del Presupuesto Participativo Barrial.<\/p>\n<p>Al respecto, Juan Domingo Viola, secretario de Participaci\u00f3n Ciudadana indic\u00f3: <em>\u201cEsta iniciativa simboliza el modo en que queremos trabajar, vinculando a todas las instituciones y organizaciones sociales, instituciones educativas en conjunto con el municipio para tratar de sacar a C\u00f3rdoba adelante\u201d.<\/em><\/p>\n<p><em>\u201cEn estos tiempos dif\u00edciles por los que estamos atravesando, existe una necesidad que es de trabajo y de darle mejor infraestructura a los Centros Vecinales. Esta es una puerta que se abre para estos trabajadores y tambi\u00e9n para tener mano de obra r\u00e1pida para que los vecinalistas puedan hacer las refacciones y obras que necesitan en sus sedes\u201d. <\/em>\u201c<em>Vamos a hacer una prueba piloto y las cuadrillas van a comenzar a trabajar de manera en 10 Centros Vecinales<\/em>\u201d, finaliz\u00f3.<\/p>\n<p>En tanto la directora de la Cooperativas Rodillon Limitadas, Guadalupe Marysol Heredia, manifest\u00f3: <em>\u201cReivindicamos estos espacios donde las cooperativas son parte de un proceso\u201d.<\/em><\/p>\n<p>TALLERES DE CAPACITACI\u00d3N<\/p>\n<p>La Secretar\u00eda de Participaci\u00f3n Ciudadana firm\u00f3 un convenio con la Universidad Nacional de C\u00f3rdoba para desarrollar talleres de capacitaci\u00f3n en oficios destinada a los integrantes de ambas Cooperativas de Trabajo.<\/p>\n<p>Al respecto, el secretario de Extensi\u00f3n, de la UNC, Conrado Storani, indic\u00f3: <em>\u201cLos centros vecinales deben ser el anclaje para que la universidad pueda estar presente\u201d.<\/em><\/p>\n<p>Con estas acciones, el Municipio busca recuperar la participaci\u00f3n ciudadana respondiendo a demandas y necesidades de diferentes sedes institucionales que brindan servicios, sirvan como lugares de reuni\u00f3n y contenci\u00f3n, siendo un radar de necesidades de nuestros vecinos.<\/p>\n<p>Adem\u00e1s, se generan y ampl\u00edan oportunidades laborales e instalan capacidades en las comunidades para potenciar la autogesti\u00f3n barrial.<\/p>\n<p>Cabe recordar que la Municipalidad de C\u00f3rdoba entreg\u00f3 un monto de $20, 5 millones durante este a\u00f1o 2021, a 72 Centros Vecinales y Comisiones de Vecinos destinadas a construcci\u00f3n de sedes, refacci\u00f3n o ampliaci\u00f3n y construcci\u00f3n de ba\u00f1os para personas con discapacidad.<\/p>\n","protected":false},"excerpt":{"rendered":"<p>Adem\u00e1s, la Universidad Nacional de C\u00f3rdoba dictar\u00e1 talleres de capacitaci\u00f3n en oficios destinados a estas cooperativas de trabajo. La Municipalidad de C\u00f3rdoba, a trav\u00e9s de la Secretar\u00eda de Participaci\u00f3n Ciudadana, firm\u00f3 convenios con dos Cooperativas de Trabajo para llevar adelante las obras de puesta en valor de distintos Centros Vecinales de la ciudad. A trav\u00e9s [&hellip;]<\/p>\n","protected":false},"author":1,"featured_media":20626,"comment_status":"closed","ping_status":"closed","sticky":false,"template":"","format":"standard","meta":[],"categories":[44],"tags":[],"_links":{"self":[{"href":"http:\/\/cordobadirecto.com\/index.php\/wp-json\/wp\/v2\/posts\/20625"}],"collection":[{"href":"http:\/\/cordobadirecto.com\/index.php\/wp-json\/wp\/v2\/posts"}],"about":[{"href":"http:\/\/cordobadirecto.com\/index.php\/wp-json\/wp\/v2\/types\/post"}],"author":[{"embeddable":true,"href":"http:\/\/cordobadirecto.com\/index.php\/wp-json\/wp\/v2\/users\/1"}],"replies":[{"embeddable":true,"href":"http:\/\/cordobadirecto.com\/index.php\/wp-json\/wp\/v2\/comments?post=20625"}],"version-history":[{"count":0,"href":"http:\/\/cordobadirecto.com\/index.php\/wp-json\/wp\/v2\/posts\/20625\/revisions"}],"wp:featuredmedia":[{"embeddable":true,"href":"http:\/\/cordobadirecto.com\/index.php\/wp-json\/wp\/v2\/media\/20626"}],"wp:attachment":[{"href":"http:\/\/cordobadirecto.com\/index.php\/wp-json\/wp\/v2\/media?parent=20625"}],"wp:term":[{"taxonomy":"category","embeddable":true,"href":"http:\/\/cordobadirecto.com\/index.php\/wp-json\/wp\/v2\/categories?post=20625"},{"taxonomy":"post_tag","embeddable":true,"href":"http:\/\/cordobadirecto.com\/index.php\/wp-json\/wp\/v2\/tags?post=20625"}],"curies":[{"name":"wp","href":"https:\/\/api.w.org\/{rel}","templated":true}]}}