{"id":206291,"date":"2026-08-29T18:50:28","date_gmt":"2026-08-29T18:50:28","guid":{"rendered":"https:\/\/www.ole.com.ar\/autos\/moto3-aragon-marco-morelli-rozo-primera-pole-mundial-valentin-perrone-larga-go_0_5ouyDdDmFo.html"},"modified":"2026-08-29T18:50:28","modified_gmt":"2026-08-29T18:50:28","slug":"moto3-en-aragon-marco-morelli-rozo-su-primera-pole-en-el-mundial","status":"publish","type":"post","link":"http:\/\/cordobadirecto.com\/index.php\/2026\/08\/29\/moto3-en-aragon-marco-morelli-rozo-su-primera-pole-en-el-mundial\/","title":{"rendered":"Moto3 en Arag\u00f3n: Marco Morelli roz\u00f3 su primera pole en el Mundial"},"content":{"rendered":"<div id=\"element-body-0\" class=\"sc-df222161-0 hNvwjb\" readability=\"34.646643109541\">\n<p><strong><a href=\"https:\/\/www.ole.com.ar\/tema\/marco-morelli.html\" title=\"Marco Morelli\" alt=\"Marco Morelli\" class=\"slug\">Marco Morelli<\/a> <\/strong> estuvo a un suspiro de hacer historia en <strong>Arag\u00f3n.<\/strong> <strong>El Gladiador roz\u00f3 su primera pole en el Mundial de <a href=\"https:\/\/www.ole.com.ar\/tema\/moto3.html\" title=\"Moto3\" alt=\"Moto3\" class=\"slug\">Moto3<\/a>,<\/strong> pero David Almansa se la arrebat\u00f3 sobre el cierre por apenas 0,033. De todos modos, <strong> el argentino termin\u00f3 2\u00b0 y largar\u00e1 por primera vez desde la primera fila.<\/strong><\/p>\n<\/div>\n<div id=\"element-body-1\" class=\"sc-df222161-0 hNvwjb\" readability=\"36\">\n<p><strong>El trabajo de Morelli fue de menor a mayor durante todo el fin de semana en Espa\u00f1a. <\/strong> El viernes arranc\u00f3 12\u00b0 en el primer entrenamiento libre y luego avanz\u00f3 al 11\u00b0 lugar en la pr\u00e1ctica clasificatoria, resultado que le permiti\u00f3 meterse directamente en la Q2. Ya este s\u00e1bado dio otro salto: fue 3\u00b0 en el segundo entrenamiento libre <strong>y confirm\u00f3 su buen ritmo en la qualy.<\/strong><\/p>\n<\/div>\n<div id=\"element-body-2\" class=\"sc-df222161-0 hNvwjb\" readability=\"40\">\n<p>La clasificaci\u00f3n fue enredada, bien al estilo de Moto3: ca\u00eddas, banderas amarillas y varios pilotos esperando una rueda para buscar su mejor vuelta. Morelli hab\u00eda quedado 7\u00b0 con su primer registro, pero sobre el cierre vol\u00f3. <strong>Con el reloj ya en cero, marc\u00f3 1m56s380 y desplaz\u00f3 de la cima a su compa\u00f1ero M\u00e1ximo Quiles, actual l\u00edder del Mundial con 231 puntos.<\/strong><\/p>\n<\/div>\n<div class=\"sc-c0843421-0 iNysjD image-embed\" id=\"element-body-3\"><img alt=\"Marco Morelli junto al poleman David Almansa y M\u00e1ximo Quiles, tras clasificarse 2\u00b0 en Arag\u00f3n.\n(@marcomorelli95 en IG).\" loading=\"lazy\" width=\"720\" height=\"100\" decoding=\"async\" data-nimg=\"1\" src=\"http:\/\/cordobadirecto.com\/wp-content\/uploads\/2026\/08\/moto3-en-aragon-marco-morelli-rozo-su-primera-pole-en-el-mundial.jpg\"><span class=\"epigraphe\">Marco Morelli junto al poleman David Almansa y M\u00e1ximo Quiles, tras clasificarse 2\u00b0 en Arag\u00f3n.<br \/>\n(@marcomorelli95 en IG).<\/span><\/div>\n<div id=\"element-body-4\" class=\"sc-df222161-0 hNvwjb\" readability=\"40\">\n<p>Sin embargo, cuando parec\u00eda que la pole pod\u00eda quedar en manos del argentino, apareci\u00f3 Almansa. <strong>El espa\u00f1ol clav\u00f3 un 1m56s347 en su \u00faltimo intento y se qued\u00f3 con el primer lugar por apenas 0,033 sobre Morelli, <\/strong> quien igualmente consigui\u00f3 su mejor posici\u00f3n de largada en el Mundial: hasta ahora, su mejor registro hab\u00eda sido un 4\u00b0 puesto en la quinta fecha en el GP de Francia de este a\u00f1o.<\/p>\n<\/div>\n<div id=\"element-body-5\" class=\"sc-df222161-0 hNvwjb\" readability=\"36\">\n<p><strong>\u201cPrimera l\u00ednea para ma\u00f1ana. Hemos dado ese pasito respecto a ayer,<\/strong> fuimos competitivos, pero falta pulir detalles\u201d, escribi\u00f3 Marco en sus redes tras la gran clasificaci\u00f3n.<\/p>\n<\/div>\n<div id=\"element-body-6\" class=\"sc-df222161-0 hNvwjb\" readability=\"36\">\n<p>La primera fila la completar\u00e1 Quiles, quien marc\u00f3 1m56s390 y termin\u00f3 apenas 0,010 detr\u00e1s de Morelli. <strong>El espa\u00f1ol lleg\u00f3 a Arag\u00f3n en plena recuperaci\u00f3n de la fractura de clav\u00edcula derecha que sufri\u00f3 durante la clasificaci\u00f3n del GP de Gran Breta\u00f1a<\/strong> y que le impidi\u00f3 disputar aquella carrera.<\/p>\n<\/div>\n<div id=\"element-body-7\" class=\"sc-df222161-0 hNvwjb\" readability=\"37\">\n<p><strong>Por su parte, Perrone no pudo redondear una buena vuelta despu\u00e9s de haber mostrado un gran ritmo el viernes.<\/strong> El Coyote, que viene de conseguir un 3\u00b0 puesto en Silverstone y hab\u00eda sido 3\u00b0 en la pr\u00e1ctica clasificatoria, <strong>qued\u00f3 envuelto en el tr\u00e1fico durante la Q2.<\/strong><\/p>\n<\/div>\n<div id=\"element-body-8\" class=\"sc-df222161-0 hNvwjb\" readability=\"38\">\n<p><strong>El argentino de la KTM del Tech3 marc\u00f3 1m56s790, termin\u00f3 9\u00b0, a 0,443 de Almansa,<\/strong> y largar\u00e1 desde la tercera fila. Desde all\u00ed buscar\u00e1 una buena partida para engancharse r\u00e1pidamente en el habitual lote de punta de Moto3 y volver a pelear por los puestos de podio.<\/p>\n<\/div>\n<div class=\"sc-c0843421-0 iNysjD image-embed\" id=\"element-body-9\"><img alt=\"Valent\u00edn Perrone largar\u00e1 9\u00b0 este domingo en Arag\u00f3n en Moto3.\n(@valentinperrone73 en IG).\" loading=\"lazy\" width=\"720\" height=\"100\" decoding=\"async\" data-nimg=\"1\" src=\"http:\/\/cordobadirecto.com\/wp-content\/uploads\/2026\/08\/moto3-en-aragon-marco-morelli-rozo-su-primera-pole-en-el-mundial-1.jpg\"><span class=\"epigraphe\">Valent\u00edn Perrone largar\u00e1 9\u00b0 este domingo en Arag\u00f3n en Moto3.<br \/>\n(@valentinperrone73 en IG).<\/span><\/div>\n<p><h2>Cu\u00e1ndo y por d\u00f3nde ver el GP de Arag\u00f3n de Moto3<\/h2>\n<\/p>\n<div id=\"element-body-11\" class=\"sc-df222161-0 hNvwjb\" readability=\"35\">\n<p><strong>La carrera del GP de Arag\u00f3n se disputar\u00e1 este domingo desde las 6, <\/strong> a 17 vueltas, y ser\u00e1 transmitida por Disney+ Premium.<\/p>\n<\/div>\n<div id=\"element-body-12\" class=\"sc-a7166897-0 eTTZWU\" readability=\"31.5\">\n<section readability=\"3\"><picture><img alt=\"La alegr\u00eda de Franco Colapinto tras ser confirmado por Alpine para 2027: &quot;Quiero darles a todos los argentinos lo que se merecen&quot;\" loading=\"lazy\" width=\"290\" height=\"290\" decoding=\"async\" data-nimg=\"1\" src=\"http:\/\/cordobadirecto.com\/wp-content\/uploads\/2026\/08\/moto3-en-aragon-marco-morelli-rozo-su-primera-pole-en-el-mundial-2.jpg\"><\/picture>\n<p><span>Mir\u00e1 tambi\u00e9n<\/span><\/p>\n<hr>\n<h3>La alegr\u00eda de Franco Colapinto tras ser confirmado por Alpine para 2027: &#8220;Quiero darles a todos los argentinos lo que se merecen&#8221;<\/h3>\n<\/p>\n<\/section>\n<\/div>\n<div id=\"element-body-13\" class=\"sc-a7166897-0 eTTZWU\" readability=\"31\">\n<section readability=\"2\"><picture><img alt=\"El piloto argentino que va por un r\u00e9cord hist\u00f3rico en Estados Unidos\" loading=\"lazy\" width=\"290\" height=\"290\" decoding=\"async\" data-nimg=\"1\" src=\"http:\/\/cordobadirecto.com\/wp-content\/uploads\/2026\/08\/moto3-en-aragon-marco-morelli-rozo-su-primera-pole-en-el-mundial-3.jpg\"><\/picture>\n<p><span>Mir\u00e1 tambi\u00e9n<\/span><\/p>\n<hr>\n<h3>El piloto argentino que va por un r\u00e9cord hist\u00f3rico en Estados Unidos<\/h3>\n<\/p>\n<\/section>\n<\/div>\n<div id=\"element-body-14\" class=\"sc-a7166897-0 eTTZWU\" readability=\"31\">\n<section readability=\"2\"><picture><img alt=\"\u00a1Tambi\u00e9n tiene campeonas del mundo! El aporte de River a Las Leonas\" loading=\"lazy\" width=\"290\" height=\"290\" decoding=\"async\" data-nimg=\"1\" src=\"http:\/\/cordobadirecto.com\/wp-content\/uploads\/2026\/08\/moto3-en-aragon-marco-morelli-rozo-su-primera-pole-en-el-mundial-4.jpg\"><\/picture>\n<p><span>Mir\u00e1 tambi\u00e9n<\/span><\/p>\n<hr>\n<h3>\u00a1Tambi\u00e9n tiene campeonas del mundo! El aporte de River a Las Leonas<\/h3>\n<\/p>\n<\/section>\n<\/div>\n","protected":false},"excerpt":{"rendered":"<p>Marco Morelli estuvo a un suspiro de hacer historia en Arag\u00f3n. El Gladiador roz\u00f3 su primera pole en el Mundial de Moto3, pero David Almansa se la arrebat\u00f3 sobre el cierre por apenas 0,033. De todos modos, el argentino termin\u00f3 2\u00b0 y largar\u00e1 por primera vez desde la primera fila. El trabajo de Morelli fue [&hellip;]<\/p>\n","protected":false},"author":1,"featured_media":206292,"comment_status":"closed","ping_status":"closed","sticky":false,"template":"","format":"standard","meta":[],"categories":[21],"tags":[],"_links":{"self":[{"href":"http:\/\/cordobadirecto.com\/index.php\/wp-json\/wp\/v2\/posts\/206291"}],"collection":[{"href":"http:\/\/cordobadirecto.com\/index.php\/wp-json\/wp\/v2\/posts"}],"about":[{"href":"http:\/\/cordobadirecto.com\/index.php\/wp-json\/wp\/v2\/types\/post"}],"author":[{"embeddable":true,"href":"http:\/\/cordobadirecto.com\/index.php\/wp-json\/wp\/v2\/users\/1"}],"replies":[{"embeddable":true,"href":"http:\/\/cordobadirecto.com\/index.php\/wp-json\/wp\/v2\/comments?post=206291"}],"version-history":[{"count":0,"href":"http:\/\/cordobadirecto.com\/index.php\/wp-json\/wp\/v2\/posts\/206291\/revisions"}],"wp:featuredmedia":[{"embeddable":true,"href":"http:\/\/cordobadirecto.com\/index.php\/wp-json\/wp\/v2\/media\/206292"}],"wp:attachment":[{"href":"http:\/\/cordobadirecto.com\/index.php\/wp-json\/wp\/v2\/media?parent=206291"}],"wp:term":[{"taxonomy":"category","embeddable":true,"href":"http:\/\/cordobadirecto.com\/index.php\/wp-json\/wp\/v2\/categories?post=206291"},{"taxonomy":"post_tag","embeddable":true,"href":"http:\/\/cordobadirecto.com\/index.php\/wp-json\/wp\/v2\/tags?post=206291"}],"curies":[{"name":"wp","href":"https:\/\/api.w.org\/{rel}","templated":true}]}}