{"id":206293,"date":"2026-08-31T18:54:12","date_gmt":"2026-08-31T18:54:12","guid":{"rendered":"https:\/\/www.ole.com.ar\/futbol-ascenso\/ferro-caballito-estudiantes-primeranacional_0_jMybmFzVst.html"},"modified":"2026-08-31T18:54:12","modified_gmt":"2026-08-31T18:54:12","slug":"ferro-empato-perdio-un-poco-de-terreno-pero-sigue-en-la-cima-del-nacional","status":"publish","type":"post","link":"http:\/\/cordobadirecto.com\/index.php\/2026\/08\/31\/ferro-empato-perdio-un-poco-de-terreno-pero-sigue-en-la-cima-del-nacional\/","title":{"rendered":"Ferro empat\u00f3, perdi\u00f3 un poco de terreno pero sigue en la cima del Nacional"},"content":{"rendered":"<div id=\"element-body-0\" class=\"sc-df222161-0 hNvwjb\" readability=\"34.404761904762\">\n<p>La fe mueve monta\u00f1as y tambi\u00e9n mueve a <a href=\"https:\/\/www.ole.com.ar\/tema\/ferro.html\" title=\"Ferro\" alt=\"Ferro\" class=\"slug\">Ferro<\/a>. La <strong>esperanza por lograr el sue\u00f1o<\/strong> que se viene postergando desde hace m\u00e1s de un cuarto de siglo es el motor principal de este equipo. Lo refleja desde el <strong>regreso de Juan Manuel Sara a Caballito<\/strong>. Y en su visita a Caseros, lo volvi\u00f3 a evidenciar.<\/p>\n<\/div>\n<div id=\"element-body-1\" class=\"sc-df222161-0 hNvwjb\" readability=\"36.471512770138\">\n<p>El Verde tuvo un encuentro de locos contra <a href=\"https:\/\/www.ole.com.ar\/tema\/estudiantes-de-caseros.html\" title=\"Estudiantes de Caseros\" alt=\"Estudiantes de Caseros\" class=\"slug\">Estudiantes<\/a>. <strong>Empez\u00f3 perdiendo, logr\u00f3 darlo vuelta para ilusionarse<\/strong> con escaparse a\u00fan m\u00e1s en lo m\u00e1s alto de la Zona A de la <a href=\"https:\/\/www.ole.com.ar\/tema\/primera-nacional.html\" title=\"Primera Nacional\" alt=\"Primera Nacional\" class=\"slug\">Primera Nacional<\/a> (le sacaba ocho puntos a <a href=\"https:\/\/www.ole.com.ar\/tema\/deportivo-moron.html\" title=\"Deportivo Mor\u00f3n\" alt=\"Deportivo Mor\u00f3n\" class=\"slug\">Mor\u00f3n<\/a> con el 1-1 parcial frente a San Miguel), pero <strong>la igualdad del Pincha y la posterior victoria del Gallito llev\u00f3 a que la brecha se acortara<\/strong> (ahora la diferencia es de cuatro unidades). Sin embargo, m\u00e1s all\u00e1 de la bronca por la oportunidad desperdiciada, <strong>se qued\u00f3 con un empate positivo<\/strong>.<\/p>\n<\/div>\n<div id=\"element-body-2\" class=\"sc-df222161-0 hNvwjb\" readability=\"37\">\n<p><strong>Estudiantes cont\u00f3 con un mejor arranque<\/strong>. Se adapt\u00f3 al desarrollo del juego, incomod\u00f3 a su rival y <strong>consigui\u00f3 ponerse en ventaja por medio de Fernando Dur\u00e9<\/strong> luego de un cabezazo de Jorge Ben\u00edtez tras una pelota parada. Fue <strong>un baldazo de agua fr\u00eda para un Oeste<\/strong> que sinti\u00f3 la <strong>ausencia de Felipe Obradovich y Lautaro Parisi<\/strong>, <strong>dos piezas clave dentro del 11 ideal de Sara<\/strong> que no pudieron estar por diferentes lesiones musculares. Letal.<\/p>\n<\/div>\n<div id=\"element-body-3\" class=\"sc-df222161-0 hNvwjb\" readability=\"35\">\n<p>El puntero del grupo hizo un clic en el complemento a partir del <strong>ingreso decisivo de Franco Garc\u00eda<\/strong>. El delantero entr\u00f3 enchufado y le <strong>cambi\u00f3 la cara al equipo<\/strong> con su personalidad y sus goles. <strong>Dos apariciones en el \u00e1rea hicieron que Ferro diera vuelta el duelo<\/strong> y que dejara atr\u00e1s la floja imagen de la primera etapa.<\/p>\n<\/div>\n<div id=\"element-body-4\" class=\"sc-df222161-0 hNvwjb\" readability=\"30.397350993377\">\n<p>Sin embargo, una <strong>mala salida de <a href=\"https:\/\/www.ole.com.ar\/tema\/fernando-monetti.html\" title=\"Fernando Monetti\" alt=\"Fernando Monetti\" class=\"slug\">Fernando Monetti<\/a><\/strong> (choc\u00f3 con Dar\u00edo Rostagno) dej\u00f3 el arco libre para que <strong>Ezequiel Almir\u00f3n pusiera el 2-2 definitivo<\/strong>.<\/p>\n<\/div>\n<p><h2>Hubo banca <\/h2>\n<\/p>\n<div id=\"element-body-6\" class=\"sc-df222161-0 hNvwjb\" readability=\"36\">\n<p>Miles de hinchas del Verdolaga dijeron presente en el estadio Ciudad de Caseros. Hubo recibida especial al equipo, cantaron durante todo el duelo y arm\u00f3 una fiesta tras el 2-2 con Estudiantes. La presencia de visitantes, otra vez fue un \u00e9xito en el Nacional. Que siga as\u00ed.<\/p>\n<\/div>\n<div class=\"sc-c0843421-0 iNysjD image-embed\" id=\"element-body-7\"><img alt=\"Los hinchas de Oeste dijeron presente en Caseros. (Foto: Prensa Ferro)\" loading=\"lazy\" width=\"720\" height=\"100\" decoding=\"async\" data-nimg=\"1\" src=\"http:\/\/cordobadirecto.com\/wp-content\/uploads\/2026\/08\/ferro-empato-perdio-un-poco-de-terreno-pero-sigue-en-la-cima-del-nacional.jpg\"><span class=\"epigraphe\">Los hinchas de Oeste dijeron presente en Caseros. (Foto: Prensa Ferro)<\/span><\/div>\n<p><h2>Sabor agridulce<\/h2>\n<\/p>\n<div id=\"element-body-9\" class=\"sc-df222161-0 hNvwjb\" readability=\"36\">\n<p>\u201cSe nos fue al final y se nos terminan yendo dos puntos Duele un poco, pero lo importante es no perder\u201d, sostuvo Garc\u00eda, la figura de Oeste luego de convertir un doblete en el 2-2 en Caseros.<\/p>\n<\/div>\n<div id=\"element-body-11\" class=\"sc-a7166897-0 eTTZWU\" readability=\"32\">\n<section readability=\"4\"><picture><img alt=\"Con el triunfo ante Banfield, as\u00ed est\u00e1 la carrera de River para meterse en las Copas 2027\" loading=\"lazy\" width=\"290\" height=\"290\" decoding=\"async\" data-nimg=\"1\" src=\"http:\/\/cordobadirecto.com\/wp-content\/uploads\/2026\/08\/ferro-empato-perdio-un-poco-de-terreno-pero-sigue-en-la-cima-del-nacional-1.jpg\"><\/picture>\n<p><span>Mir\u00e1 tambi\u00e9n<\/span><\/p>\n<hr>\n<h3>Con el triunfo ante Banfield, as\u00ed est\u00e1 la carrera de River para meterse en las Copas 2027<\/h3>\n<\/p>\n<\/section>\n<\/div>\n<div id=\"element-body-12\" class=\"sc-a7166897-0 eTTZWU\" readability=\"32\">\n<section readability=\"4\"><picture><img alt=\"Despu\u00e9s de las pol\u00e9micas arbitrales, \u00bfqui\u00e9n dirige V\u00e9lez vs Boca por la Copa Argentina? \" loading=\"lazy\" width=\"290\" height=\"290\" decoding=\"async\" data-nimg=\"1\" src=\"http:\/\/cordobadirecto.com\/wp-content\/uploads\/2026\/08\/ferro-empato-perdio-un-poco-de-terreno-pero-sigue-en-la-cima-del-nacional-2.jpg\"><\/picture>\n<p><span>Mir\u00e1 tambi\u00e9n<\/span><\/p>\n<hr>\n<h3>Despu\u00e9s de las pol\u00e9micas arbitrales, \u00bfqui\u00e9n dirige V\u00e9lez vs Boca por la Copa Argentina?<br \/>\n<\/h3>\n<\/p>\n<\/section>\n<\/div>\n<div id=\"element-body-13\" class=\"sc-a7166897-0 eTTZWU\" readability=\"31\">\n<section readability=\"2\"><picture><img alt=\"Video: los groser\u00edsimos errores del refer\u00ed Felipe Viola en Mor\u00f3n - San Miguel \" loading=\"lazy\" width=\"290\" height=\"290\" decoding=\"async\" data-nimg=\"1\" src=\"http:\/\/cordobadirecto.com\/wp-content\/uploads\/2026\/08\/ferro-empato-perdio-un-poco-de-terreno-pero-sigue-en-la-cima-del-nacional-3.jpg\"><\/picture>\n<p><span>Mir\u00e1 tambi\u00e9n<\/span><\/p>\n<hr>\n<h3>Video: los groser\u00edsimos errores del refer\u00ed Felipe Viola en Mor\u00f3n &#8211; San Miguel <\/h3>\n<\/p>\n<\/section>\n<\/div>\n","protected":false},"excerpt":{"rendered":"<p>La fe mueve monta\u00f1as y tambi\u00e9n mueve a Ferro. La esperanza por lograr el sue\u00f1o que se viene postergando desde hace m\u00e1s de un cuarto de siglo es el motor principal de este equipo. Lo refleja desde el regreso de Juan Manuel Sara a Caballito. Y en su visita a Caseros, lo volvi\u00f3 a evidenciar. [&hellip;]<\/p>\n","protected":false},"author":1,"featured_media":206294,"comment_status":"closed","ping_status":"closed","sticky":false,"template":"","format":"standard","meta":[],"categories":[21],"tags":[],"_links":{"self":[{"href":"http:\/\/cordobadirecto.com\/index.php\/wp-json\/wp\/v2\/posts\/206293"}],"collection":[{"href":"http:\/\/cordobadirecto.com\/index.php\/wp-json\/wp\/v2\/posts"}],"about":[{"href":"http:\/\/cordobadirecto.com\/index.php\/wp-json\/wp\/v2\/types\/post"}],"author":[{"embeddable":true,"href":"http:\/\/cordobadirecto.com\/index.php\/wp-json\/wp\/v2\/users\/1"}],"replies":[{"embeddable":true,"href":"http:\/\/cordobadirecto.com\/index.php\/wp-json\/wp\/v2\/comments?post=206293"}],"version-history":[{"count":0,"href":"http:\/\/cordobadirecto.com\/index.php\/wp-json\/wp\/v2\/posts\/206293\/revisions"}],"wp:featuredmedia":[{"embeddable":true,"href":"http:\/\/cordobadirecto.com\/index.php\/wp-json\/wp\/v2\/media\/206294"}],"wp:attachment":[{"href":"http:\/\/cordobadirecto.com\/index.php\/wp-json\/wp\/v2\/media?parent=206293"}],"wp:term":[{"taxonomy":"category","embeddable":true,"href":"http:\/\/cordobadirecto.com\/index.php\/wp-json\/wp\/v2\/categories?post=206293"},{"taxonomy":"post_tag","embeddable":true,"href":"http:\/\/cordobadirecto.com\/index.php\/wp-json\/wp\/v2\/tags?post=206293"}],"curies":[{"name":"wp","href":"https:\/\/api.w.org\/{rel}","templated":true}]}}