{"id":206300,"date":"2026-08-31T12:34:40","date_gmt":"2026-08-31T12:34:40","guid":{"rendered":"https:\/\/cordoba.gob.ar\/?p=93660"},"modified":"2026-08-31T12:34:40","modified_gmt":"2026-08-31T12:34:40","slug":"la-historieta-en-la-feria-del-libro-subte-convoca-a-nuevos-expositores-para-su-edicion-2026","status":"publish","type":"post","link":"http:\/\/cordobadirecto.com\/index.php\/2026\/08\/31\/la-historieta-en-la-feria-del-libro-subte-convoca-a-nuevos-expositores-para-su-edicion-2026\/","title":{"rendered":"La Historieta en la Feria del Libro: SUBTE convoca a nuevos expositores para su edici\u00f3n 2026"},"content":{"rendered":"<div><img src=\"http:\/\/cordobadirecto.com\/wp-content\/uploads\/2026\/09\/la-historieta-en-la-feria-del-libro-subte-convoca-a-nuevos-expositores-para-su-edicion-2026.jpg\" class=\"ff-og-image-inserted\"><\/div>\n<ul>\n<li><strong>Hasta el 8 de septiembre estar\u00e1 abierto el llamado para historietistas, ilustradores y editoriales vinculadas a la narrativa gr\u00e1fica que quieran participar del ciclo SUBTE.<\/strong><\/li>\n<li><strong>Las propuestas seleccionadas contar\u00e1n con un stand gratuito para exhibir y vender sus publicaciones en el marco de la FLC.<\/strong><\/li>\n<\/ul>\n<hr>\n<p>La Secretar\u00eda de Fortalecimiento Vecinal, Cultura y Deportes de la Municipalidad de C\u00f3rdoba, invita a historietistas, ilustradores y editoriales a postularse para participar de SUBTE, un emblem\u00e1tico espacio dedicado a la historieta dentro de la Feria del Libro C\u00f3rdoba 2026.<\/p>\n<p data-prosemirror-content-type=\"node\" data-prosemirror-node-name=\"paragraph\" data-prosemirror-node-block=\"true\">Con diez ediciones de trayectoria, el ciclo re\u00fane cada a\u00f1o a artistas, editoriales y lectores en torno a la narrativa gr\u00e1fica, con una propuesta que busca promover la circulaci\u00f3n, difusi\u00f3n y comercializaci\u00f3n de publicaciones vinculadas al g\u00e9nero.<\/p>\n<p data-prosemirror-content-type=\"node\" data-prosemirror-node-name=\"paragraph\" data-prosemirror-node-block=\"true\">La convocatoria permanecer\u00e1 abierta hasta el martes 8 de septiembre y est\u00e1 destinada a personas historietistas e ilustradoras mayores de 18 a\u00f1os, adem\u00e1s de editoriales vinculadas a la historieta.<\/p>\n<p data-prosemirror-content-type=\"node\" data-prosemirror-node-name=\"paragraph\" data-prosemirror-node-block=\"true\">Quienes sean seleccionados podr\u00e1n participar con un stand gratuito para exhibir y vender sus publicaciones y materiales gr\u00e1ficos durante el s\u00e1bado 7 y domingo 8 de noviembre.<\/p>\n<p data-prosemirror-content-type=\"node\" data-prosemirror-node-name=\"paragraph\" data-prosemirror-node-block=\"true\">La actividad tendr\u00e1 lugar en la Carpa Azul, ubicada sobre el Paseo Sobremonte, en la Supermanzana de la Intendencia, como parte de la programaci\u00f3n de la Feria del Libro C\u00f3rdoba 2026.<\/p>\n<p data-prosemirror-content-type=\"node\" data-prosemirror-node-name=\"paragraph\" data-prosemirror-node-block=\"true\">Adem\u00e1s de la feria, SUBTE contar\u00e1 con talleres, charlas y actividades abiertas al p\u00fablico, consolidando un espacio destinado al encuentro entre quienes producen historieta y quienes se acercan a conocer y disfrutar de la narrativa gr\u00e1fica.<\/p>\n<p data-prosemirror-content-type=\"node\" data-prosemirror-node-name=\"paragraph\" data-prosemirror-node-block=\"true\">La selecci\u00f3n estar\u00e1 a cargo de la Editorial Municipal de C\u00f3rdoba junto al equipo curatorial del ciclo, que elegir\u00e1n hasta 15 expositores.<\/p>\n<p data-prosemirror-content-type=\"node\" data-prosemirror-node-name=\"paragraph\" data-prosemirror-node-block=\"true\">&nbsp;Entre los criterios de evaluaci\u00f3n se tendr\u00e1n en cuenta la originalidad de las publicaciones, la diversidad de t\u00e9cnicas y tem\u00e1ticas, la pertinencia del material para el p\u00fablico general y su coherencia con la propuesta de la Feria del Libro. Asimismo, tendr\u00e1n preferencia las propuestas que presenten historietas publicadas.<\/p>\n<p data-prosemirror-content-type=\"node\" data-prosemirror-node-name=\"paragraph\" data-prosemirror-node-block=\"true\">Las bases y condiciones y el formulario de participaci\u00f3n se pueden encontrar en el <a href=\"https:\/\/docs.google.com\/forms\/d\/e\/1FAIpQLSc19qcjwQNWq17H7tQvv4GrayxHI6cQbJxUtHZ9ywnPPF1hyg\/viewform?pli=1\">siguiente formulario.<\/a><\/p>\n<p data-prosemirror-content-type=\"node\" data-prosemirror-node-name=\"paragraph\" data-prosemirror-node-block=\"true\">Los resultados ser\u00e1n comunicados por correo electr\u00f3nico durante los siete d\u00edas posteriores al cierre de la convocatoria. Para realizar consultas, las personas interesadas pueden escribir a <a href=\"mailto:espaciosubte@gmail.com\" data-prosemirror-content-type=\"mark\" data-prosemirror-mark-name=\"link\">espaciosubte@gmail.com<\/a><\/p>\n<p data-prosemirror-content-type=\"node\" data-prosemirror-node-name=\"paragraph\" data-prosemirror-node-block=\"true\"><strong data-prosemirror-content-type=\"mark\" data-prosemirror-mark-name=\"strong\">Sobre la FLC 2026<\/strong><\/p>\n<p data-prosemirror-content-type=\"node\" data-prosemirror-node-name=\"paragraph\" data-prosemirror-node-block=\"true\">La 40\u00aa Feria del Libro C\u00f3rdoba se realizar\u00e1 del 30 de octubre al 15 de noviembre en la Supermanzana de la Intendencia. Bajo el lema \u201cUna ciudad que lee, escribe y edita\u201d, la consigna de este a\u00f1o es \u201cLeer la memoria, escribir el presente y editar el futuro\u201d. Durante 17 d\u00edas, la ciudad celebrar\u00e1 cuatro d\u00e9cadas de una feria que a\u00f1o a a\u00f1o nos re\u00fane en torno a la literatura, con una agenda especial para compartir y reencontrarnos con los libros. La edici\u00f3n contar\u00e1 con la curadur\u00eda de Graciela Ferrero e Ibero Mart\u00ednez, Jujuy como ciudad invitada y Alemania y Francia como pa\u00edses invitados.<\/p>\n","protected":false},"excerpt":{"rendered":"<p>Hasta el 8 de septiembre estar\u00e1 abierto el llamado para historietistas, ilustradores y editoriales vinculadas a la narrativa gr\u00e1fica que quieran participar del ciclo SUBTE. Las propuestas seleccionadas contar\u00e1n con un stand gratuito para exhibir y vender sus publicaciones en el marco de la FLC. La Secretar\u00eda de Fortalecimiento Vecinal, Cultura y Deportes de la [&hellip;]<\/p>\n","protected":false},"author":1,"featured_media":206301,"comment_status":"closed","ping_status":"closed","sticky":false,"template":"","format":"standard","meta":[],"categories":[44],"tags":[],"_links":{"self":[{"href":"http:\/\/cordobadirecto.com\/index.php\/wp-json\/wp\/v2\/posts\/206300"}],"collection":[{"href":"http:\/\/cordobadirecto.com\/index.php\/wp-json\/wp\/v2\/posts"}],"about":[{"href":"http:\/\/cordobadirecto.com\/index.php\/wp-json\/wp\/v2\/types\/post"}],"author":[{"embeddable":true,"href":"http:\/\/cordobadirecto.com\/index.php\/wp-json\/wp\/v2\/users\/1"}],"replies":[{"embeddable":true,"href":"http:\/\/cordobadirecto.com\/index.php\/wp-json\/wp\/v2\/comments?post=206300"}],"version-history":[{"count":0,"href":"http:\/\/cordobadirecto.com\/index.php\/wp-json\/wp\/v2\/posts\/206300\/revisions"}],"wp:featuredmedia":[{"embeddable":true,"href":"http:\/\/cordobadirecto.com\/index.php\/wp-json\/wp\/v2\/media\/206301"}],"wp:attachment":[{"href":"http:\/\/cordobadirecto.com\/index.php\/wp-json\/wp\/v2\/media?parent=206300"}],"wp:term":[{"taxonomy":"category","embeddable":true,"href":"http:\/\/cordobadirecto.com\/index.php\/wp-json\/wp\/v2\/categories?post=206300"},{"taxonomy":"post_tag","embeddable":true,"href":"http:\/\/cordobadirecto.com\/index.php\/wp-json\/wp\/v2\/tags?post=206300"}],"curies":[{"name":"wp","href":"https:\/\/api.w.org\/{rel}","templated":true}]}}