{"id":206302,"date":"2026-08-31T12:08:37","date_gmt":"2026-08-31T12:08:37","guid":{"rendered":"https:\/\/cordoba.gob.ar\/?p=93149"},"modified":"2026-08-31T12:08:37","modified_gmt":"2026-08-31T12:08:37","slug":"inscripciones-abiertas-para-el-ciclo-lectivo-2027-en-jardines-y-escuelas-municipales","status":"publish","type":"post","link":"http:\/\/cordobadirecto.com\/index.php\/2026\/08\/31\/inscripciones-abiertas-para-el-ciclo-lectivo-2027-en-jardines-y-escuelas-municipales\/","title":{"rendered":"Inscripciones abiertas para el ciclo lectivo 2027 en jardines y escuelas municipales"},"content":{"rendered":"<div><img src=\"http:\/\/cordobadirecto.com\/wp-content\/uploads\/2026\/09\/inscripciones-abiertas-para-el-ciclo-lectivo-2027-en-jardines-y-escuelas-municipales.jpg\" class=\"ff-og-image-inserted\"><\/div>\n<p data-prosemirror-content-type=\"node\" data-prosemirror-node-name=\"paragraph\" data-prosemirror-node-block=\"true\" data-pm-slice=\"1 1 []\">La Municipalidad de C\u00f3rdoba, a trav\u00e9s de la Subsecretar\u00eda de Educaci\u00f3n Inicial, Primaria y Modalidades, abri\u00f3 el proceso de pre-matriculaci\u00f3n y matriculaci\u00f3n para el ciclo lectivo 2027 en los jardines y escuelas municipales.<\/p>\n<p data-prosemirror-content-type=\"node\" data-prosemirror-node-name=\"paragraph\" data-prosemirror-node-block=\"true\">Al momento de concretar la matriculaci\u00f3n, las familias deber\u00e1n presentar fotocopia del DNI del alumno o alumna, carnet de vacunaci\u00f3n completo, Informe de Trayectoria Escolar (ITE) y, en los casos que corresponda, pase de otra escuela y certificaci\u00f3n m\u00e9dica o Certificado \u00danico de Salud (CUS).<\/p>\n<p data-prosemirror-content-type=\"node\" data-prosemirror-node-name=\"paragraph\" data-prosemirror-node-block=\"true\">El per\u00edodo est\u00e1 destinado a aspirantes para salas de 1, 2, 3, 4 y 5 a\u00f1os, y para 1\u00ba grado en aquellas escuelas que no cuenten con salas de 4 y 5 a\u00f1os, adem\u00e1s de la inscripci\u00f3n a otros grados que dispongan de vacantes. Por su parte, los estudiantes que ya cursan en una instituci\u00f3n municipal durante 2026 y contin\u00faen en 2027 no deber\u00e1n realizar ninguna gesti\u00f3n, ya que su continuidad se gestiona de manera interna.<\/p>\n<p data-prosemirror-content-type=\"node\" data-prosemirror-node-name=\"paragraph\" data-prosemirror-node-block=\"true\">En caso de que la demanda supere las vacantes disponibles en alg\u00fan establecimiento, se aplicar\u00e1n criterios de prioridad definidos por la Secretar\u00eda de Educaci\u00f3n. Se priorizar\u00e1 a quienes tengan hermanos o hermanas cursando en la instituci\u00f3n, a los egresados de Jardines Municipales que aspiren a ingresar al Nivel Primario y a los estudiantes cuyo domicilio real se encuentre dentro de un radio de cinco cuadras del establecimiento.<\/p>\n<p data-prosemirror-content-type=\"node\" data-prosemirror-node-name=\"paragraph\" data-prosemirror-node-block=\"true\">Si la demanda persiste luego de aplicar estos filtros, se definir\u00e1 el ingreso mediante sorteo. Para el Nivel Inicial, el sorteo general del sistema se realizar\u00e1 el 2 de diciembre a las 10:00 horas, mientras que para el Nivel Primario se llevar\u00e1 a cabo durante el mes de febrero, en fecha a confirmar.<\/p>\n<p data-prosemirror-content-type=\"node\" data-prosemirror-node-name=\"paragraph\" data-prosemirror-node-block=\"true\">La Municipalidad invita a las familias a acercarse a las instituciones educativas correspondientes para solicitar mayor informaci\u00f3n sobre vacantes y requisitos espec\u00edficos del proceso.<\/p>\n","protected":false},"excerpt":{"rendered":"<p>La Municipalidad de C\u00f3rdoba, a trav\u00e9s de la Subsecretar\u00eda de Educaci\u00f3n Inicial, Primaria y Modalidades, abri\u00f3 el proceso de pre-matriculaci\u00f3n y matriculaci\u00f3n para el ciclo lectivo 2027 en los jardines y escuelas municipales. Al momento de concretar la matriculaci\u00f3n, las familias deber\u00e1n presentar fotocopia del DNI del alumno o alumna, carnet de vacunaci\u00f3n completo, Informe [&hellip;]<\/p>\n","protected":false},"author":1,"featured_media":206303,"comment_status":"closed","ping_status":"closed","sticky":false,"template":"","format":"standard","meta":[],"categories":[44],"tags":[],"_links":{"self":[{"href":"http:\/\/cordobadirecto.com\/index.php\/wp-json\/wp\/v2\/posts\/206302"}],"collection":[{"href":"http:\/\/cordobadirecto.com\/index.php\/wp-json\/wp\/v2\/posts"}],"about":[{"href":"http:\/\/cordobadirecto.com\/index.php\/wp-json\/wp\/v2\/types\/post"}],"author":[{"embeddable":true,"href":"http:\/\/cordobadirecto.com\/index.php\/wp-json\/wp\/v2\/users\/1"}],"replies":[{"embeddable":true,"href":"http:\/\/cordobadirecto.com\/index.php\/wp-json\/wp\/v2\/comments?post=206302"}],"version-history":[{"count":0,"href":"http:\/\/cordobadirecto.com\/index.php\/wp-json\/wp\/v2\/posts\/206302\/revisions"}],"wp:featuredmedia":[{"embeddable":true,"href":"http:\/\/cordobadirecto.com\/index.php\/wp-json\/wp\/v2\/media\/206303"}],"wp:attachment":[{"href":"http:\/\/cordobadirecto.com\/index.php\/wp-json\/wp\/v2\/media?parent=206302"}],"wp:term":[{"taxonomy":"category","embeddable":true,"href":"http:\/\/cordobadirecto.com\/index.php\/wp-json\/wp\/v2\/categories?post=206302"},{"taxonomy":"post_tag","embeddable":true,"href":"http:\/\/cordobadirecto.com\/index.php\/wp-json\/wp\/v2\/tags?post=206302"}],"curies":[{"name":"wp","href":"https:\/\/api.w.org\/{rel}","templated":true}]}}