{"id":206351,"date":"2026-09-01T08:15:08","date_gmt":"2026-09-01T08:15:08","guid":{"rendered":"http:\/\/cordobadirecto.com\/index.php\/2026\/09\/01\/con-presencia-bahiense-racing-vencio-al-bayer-leverkusen-en-el-debut-del-mundial-de\/"},"modified":"2026-09-01T08:15:08","modified_gmt":"2026-09-01T08:15:08","slug":"con-presencia-bahiense-racing-vencio-al-bayer-leverkusen-en-el-debut-del-mundial-de","status":"publish","type":"post","link":"http:\/\/cordobadirecto.com\/index.php\/2026\/09\/01\/con-presencia-bahiense-racing-vencio-al-bayer-leverkusen-en-el-debut-del-mundial-de\/","title":{"rendered":"Con presencia bahiense, Racing venci\u00f3 al Bayer Leverkusen en el debut del Mundial de &#8230;"},"content":{"rendered":"<p>&#8230; <b>C\u00f3rdoba<\/b>, Espa\u00f1a. La Academia venci\u00f3 al Bayer &#8230; Propietario: Diario La <b>Nueva<\/b> SRL | Director: Gustavo Fabi\u00e1n El\u00edas | Rodr\u00edguez 55, Bah\u00eda Blanca, <\/p>\n","protected":false},"excerpt":{"rendered":"<p>&#8230; C\u00f3rdoba, Espa\u00f1a. La Academia venci\u00f3 al Bayer &#8230; Propietario: Diario La Nueva SRL | Director: Gustavo Fabi\u00e1n El\u00edas | Rodr\u00edguez 55, Bah\u00eda Blanca,<\/p>\n","protected":false},"author":1,"featured_media":0,"comment_status":"closed","ping_status":"closed","sticky":false,"template":"","format":"standard","meta":[],"categories":[40],"tags":[],"_links":{"self":[{"href":"http:\/\/cordobadirecto.com\/index.php\/wp-json\/wp\/v2\/posts\/206351"}],"collection":[{"href":"http:\/\/cordobadirecto.com\/index.php\/wp-json\/wp\/v2\/posts"}],"about":[{"href":"http:\/\/cordobadirecto.com\/index.php\/wp-json\/wp\/v2\/types\/post"}],"author":[{"embeddable":true,"href":"http:\/\/cordobadirecto.com\/index.php\/wp-json\/wp\/v2\/users\/1"}],"replies":[{"embeddable":true,"href":"http:\/\/cordobadirecto.com\/index.php\/wp-json\/wp\/v2\/comments?post=206351"}],"version-history":[{"count":0,"href":"http:\/\/cordobadirecto.com\/index.php\/wp-json\/wp\/v2\/posts\/206351\/revisions"}],"wp:attachment":[{"href":"http:\/\/cordobadirecto.com\/index.php\/wp-json\/wp\/v2\/media?parent=206351"}],"wp:term":[{"taxonomy":"category","embeddable":true,"href":"http:\/\/cordobadirecto.com\/index.php\/wp-json\/wp\/v2\/categories?post=206351"},{"taxonomy":"post_tag","embeddable":true,"href":"http:\/\/cordobadirecto.com\/index.php\/wp-json\/wp\/v2\/tags?post=206351"}],"curies":[{"name":"wp","href":"https:\/\/api.w.org\/{rel}","templated":true}]}}