{"id":206352,"date":"2026-09-01T16:44:28","date_gmt":"2026-09-01T16:44:28","guid":{"rendered":"https:\/\/www.ole.com.ar\/autos\/franco-colapinto-vuelve-monza-formula1_0_DPxFMkxw0e.html"},"modified":"2026-09-01T16:44:28","modified_gmt":"2026-09-01T16:44:28","slug":"franco-colapinto-vuelve-a-correr-monza-con-buenas-recuerdos-y-noticias","status":"publish","type":"post","link":"http:\/\/cordobadirecto.com\/index.php\/2026\/09\/01\/franco-colapinto-vuelve-a-correr-monza-con-buenas-recuerdos-y-noticias\/","title":{"rendered":"Franco Colapinto vuelve a correr Monza con buenas recuerdos y noticias"},"content":{"rendered":"<div id=\"element-body-0\" class=\"sc-df222161-0 hNvwjb\" readability=\"34.350282485876\">\n<p><strong><a href=\"https:\/\/www.ole.com.ar\/tema\/franco-colapinto.html\" title=\"Franco Colapinto\" alt=\"Franco Colapinto\" class=\"slug\">Franco Colapinto<\/a> vuelve a uno de los circuitos m\u00e1s importantes de su carrera<\/strong>. Este fin de semana, la <strong><a href=\"https:\/\/www.ole.com.ar\/tema\/formula-1.html\" title=\"F\u00f3rmula 1\" alt=\"F\u00f3rmula 1\" class=\"slug\">F\u00f3rmula 1<\/a><\/strong> desembarca en Monza para disputar el <strong>Gran Premio de Italia<\/strong> y el argentino tendr\u00e1 una motivaci\u00f3n especial: <strong>fue justamente en el m\u00edtico Aut\u00f3dromo Nazionale donde hizo su debut en la M\u00e1xima, en 2024<\/strong>, cuando todav\u00eda era piloto de <strong><a href=\"https:\/\/www.ole.com.ar\/tema\/williams.html\" title=\"Williams\" alt=\"Williams\" class=\"slug\">Williams<\/a><\/strong>.<\/p>\n<\/div>\n<div id=\"element-body-1\" class=\"sc-df222161-0 hNvwjb\" readability=\"35.129213483146\">\n<p>Dos a\u00f1os despu\u00e9s, <strong>Colapinto regresar\u00e1 a aquel escenario<\/strong> ya <strong>consolidado como piloto de <a href=\"https:\/\/www.ole.com.ar\/tema\/alpine.html\" title=\"Alpine\" alt=\"Alpine\" class=\"slug\">Alpine<\/a><\/strong> y con una noticia que le dio un impulso extra antes de la carrera: <strong>el equipo confirm\u00f3 que continuar\u00e1 junto a <a href=\"https:\/\/www.ole.com.ar\/tema\/pierre-gasly.html\" title=\"Pierre Gasly\" alt=\"Pierre Gasly\" class=\"slug\">Pierre Gasly<\/a> durante la temporada 2027<\/strong>. Ahora, <strong>buscar\u00e1 aprovechar el recuerdo de aquel estreno<\/strong> y <strong>las mejoras que tendr\u00e1 por primera vez en su A526<\/strong>.<\/p>\n<\/div>\n<div class=\"sc-c0843421-0 iNysjD image-embed\" id=\"element-body-2\"><img alt=\"El Alpine de Franco Colapinto.\" loading=\"lazy\" width=\"720\" height=\"100\" decoding=\"async\" data-nimg=\"1\" src=\"http:\/\/cordobadirecto.com\/wp-content\/uploads\/2026\/09\/franco-colapinto-vuelve-a-correr-monza-con-buenas-recuerdos-y-noticias.jpg\"><span class=\"epigraphe\">El Alpine de Franco Colapinto.<\/span><\/div>\n<div id=\"element-body-3\" class=\"sc-df222161-0 hNvwjb\" readability=\"38\">\n<p>\u201cEsas \u00faltimas semanas fueron bastante ocupadas para m\u00ed desde que volvimos a correr en Zandvoort despu\u00e9s del par\u00f3n de verano\u201d, comenz\u00f3 Colapinto en la previa del Gran Premio. Y sigui\u00f3 con una de las noticias m\u00e1s importantes de estos \u00faltimos d\u00edas: <strong>\u201cEstoy encantado de que, en el intervalo previo a Monza, el equipo haya confirmado que me quedar\u00e9 el pr\u00f3ximo a\u00f1o junto a Pierre.<\/strong> <strong>Quiero reiterar mi agradecimiento a Flavio (Briatore) y Steve (Nielsen) por la confianza y se siente incre\u00edble continuar con este equipo durante otra temporada\u201d.<\/strong><\/p>\n<\/div>\n<div id=\"element-body-4\" class=\"sc-df222161-0 hNvwjb\" readability=\"36\">\n<p>El argentino destac\u00f3 adem\u00e1s la <strong>evoluci\u00f3n que tuvo durante el a\u00f1o<\/strong>: \u201c <strong>Hemos logrado muchos avances importantes<\/strong> este a\u00f1o, tanto con el auto como con mi conducci\u00f3n, as\u00ed que estoy muy contento de que eso haya sido reconocido y <strong>seguir\u00e9 haciendo todo lo posible por este equipo<\/strong>\u201d.<\/p>\n<\/div>\n<div id=\"element-body-5\" class=\"sc-df222161-0 hNvwjb\" readability=\"36\">\n<p>Pero ahora <strong>el foco est\u00e1 puesto exclusivamente en la carrera de este fin de semana <\/strong> en un lugar que guarda un significado particular para \u00e9l. <strong>\u201cPor ahora, nuestro enfoque total est\u00e1 en Monza y en nuestra posici\u00f3n en el campeonato\u201d<\/strong>, explic\u00f3.<\/p>\n<\/div>\n<div class=\"sc-c0843421-0 iNysjD image-embed\" id=\"element-body-6\"><img alt=\"Pierre Gasly y Franco Colapinto, confirmados para el 2027 en Alpine.\" loading=\"lazy\" width=\"720\" height=\"100\" decoding=\"async\" data-nimg=\"1\" src=\"http:\/\/cordobadirecto.com\/wp-content\/uploads\/2026\/09\/franco-colapinto-vuelve-a-correr-monza-con-buenas-recuerdos-y-noticias-1.jpg\"><span class=\"epigraphe\">Pierre Gasly y Franco Colapinto, confirmados para el 2027 en Alpine.<\/span><\/div>\n<div id=\"element-body-7\" class=\"sc-df222161-0 hNvwjb\" readability=\"33\">\n<p>Y agreg\u00f3: <strong>\u201cHice mi debut en la F1 en este circuito<\/strong> y siempre es un placer correr aqu\u00ed frente a los aficionados italianos\u201d.<\/p>\n<\/div>\n<p><h2><strong>Colapinto y un Alpine con novedades<\/strong><\/h2>\n<\/p>\n<div id=\"element-body-9\" class=\"sc-df222161-0 hNvwjb\" readability=\"34\">\n<p>La carrera italiana tambi\u00e9n representar\u00e1 un <strong>estreno t\u00e9cnico para Colapinto<\/strong>. El <strong>paquete de mejoras que Alpine introdujo<\/strong> en Zandvoort estuvo en el auto de Gasly en la fecha anterior y <strong>ahora llegar\u00e1 al monoplaza del argentino<\/strong>.<\/p>\n<\/div>\n<div id=\"element-body-10\" class=\"sc-df222161-0 hNvwjb\" readability=\"37\">\n<p>\u201cEste ser\u00e1 mi <strong>primer fin de semana con nuestro nuevo paquete de mejoras<\/strong>, que <strong>Pierre utiliz\u00f3 la \u00faltima vez<\/strong>, y estoy deseando utilizarlo desde el viernes y competir con \u00e9l este fin de semana\u201d, cont\u00f3.<\/p>\n<\/div>\n<div id=\"element-body-11\" class=\"sc-df222161-0 hNvwjb\" readability=\"34\">\n<p>El argentino se mostr\u00f3 esperanzado con el rendimiento que pueda entregar la actualizaci\u00f3n: \u201c <strong>El paso adelante parec\u00eda prometedor<\/strong> y <strong>trabajaremos duro para adaptarnos a los cambios lo m\u00e1s r\u00e1pido posible<\/strong>\u201d.<\/p>\n<\/div>\n<div id=\"element-body-12\" class=\"sc-df222161-0 hNvwjb\" readability=\"37\">\n<p>Adem\u00e1s, Colapinto analiz\u00f3 las caracter\u00edsticas del hist\u00f3rico circuito italiano y lo que pueden generar los autos de esta generaci\u00f3n: \u201c <strong>Monza ser\u00e1 una carrera muy interesante<\/strong> con esta generaci\u00f3n de autos; las <strong>largas rectas combinadas con zonas de frenada muy fuertes<\/strong> <strong>podr\u00edan producir mucha acci\u00f3n<\/strong>, as\u00ed que nos aseguraremos de <strong>prepararnos de la mejor manera posible<\/strong> para <strong>conseguir un resultado positivo en el \u00faltimo doblete europeo<\/strong>\u201d.<\/p>\n<\/div>\n<div class=\"sc-c0843421-0 iNysjD image-embed\" id=\"element-body-13\"><img alt=\"Franco Colapinto con la ropa de Williams antes de debutar en la F1 en el 2024 en Monza.\" loading=\"lazy\" width=\"720\" height=\"100\" decoding=\"async\" data-nimg=\"1\" src=\"http:\/\/cordobadirecto.com\/wp-content\/uploads\/2026\/09\/franco-colapinto-vuelve-a-correr-monza-con-buenas-recuerdos-y-noticias-2.jpg\"><span class=\"epigraphe\">Franco Colapinto con la ropa de Williams antes de debutar en la F1 en el 2024 en Monza.<\/span><\/div>\n<div id=\"element-body-14\" class=\"sc-df222161-0 hNvwjb\" readability=\"39\">\n<p><strong>Monza, conocido como el \u201cTemplo de la Velocidad\u201d<\/strong>, es <strong>uno de los trazados m\u00e1s veloces y tradicionales del calendario<\/strong>. <strong>Sus largas rectas, las frenadas fuertes y sectores como la Variante del Rettifilo, la Variante della Roggia y las curvas de Lesmo<\/strong> suelen generar carreras de rebufos y adelantamientos.<\/p>\n<\/div>\n<div id=\"element-body-15\" class=\"sc-df222161-0 hNvwjb\" readability=\"35\">\n<p>Adem\u00e1s de Colapinto, <strong>Gasly tambi\u00e9n llega con un recuerdo especial<\/strong>: <strong>fue en Monza donde consigui\u00f3 en 2020 su primera y hasta ahora \u00fanica victoria en la F\u00f3rmula 1<\/strong>, <strong>con AlphaTauri<\/strong>.<\/p>\n<\/div>\n<div id=\"element-body-16\" class=\"sc-df222161-0 hNvwjb\" readability=\"39\">\n<p>Para Alpine, <strong>el objetivo ser\u00e1 repetir la buena sensaci\u00f3n que dej\u00f3 el paquete de mejoras en Zandvoort<\/strong> y <strong>conseguir puntos con sus dos autos (Gasly sum\u00f3 dos, uno en la Sprint y otro en la carrera)<\/strong>. Para Colapinto, ser\u00e1 adem\u00e1s <strong>un regreso cargado de simbolismo<\/strong>: al circuito donde todo comenz\u00f3, pero ahora con la tranquilidad de saber que su historia en la F\u00f3rmula 1 continuar\u00e1.<\/p>\n<\/div>\n<div id=\"element-body-17\" class=\"sc-a7166897-0 eTTZWU\" readability=\"31.5\">\n<section readability=\"3\"><picture><img alt=\"Obra clave en el G\u00e1lvez: se demoli\u00f3 la tribuna de la horquilla para trabajar en el trazado de F\u00f3rmula 1\" loading=\"lazy\" width=\"290\" height=\"290\" decoding=\"async\" data-nimg=\"1\" src=\"http:\/\/cordobadirecto.com\/wp-content\/uploads\/2026\/09\/franco-colapinto-vuelve-a-correr-monza-con-buenas-recuerdos-y-noticias-3.jpg\"><\/picture>\n<p><span>Mir\u00e1 tambi\u00e9n<\/span><\/p>\n<hr>\n<h3>Obra clave en el G\u00e1lvez: se demoli\u00f3 la tribuna de la horquilla para trabajar en el trazado de F\u00f3rmula 1<\/h3>\n<\/p>\n<\/section>\n<\/div>\n<div id=\"element-body-18\" class=\"sc-a7166897-0 eTTZWU\" readability=\"31\">\n<section readability=\"2\"><picture><img alt=\"Milei aceler\u00f3 por la F\u00f3rmula 1: \u201cQueremos ver a Colapinto en el pa\u00eds\u201d\" loading=\"lazy\" width=\"290\" height=\"290\" decoding=\"async\" data-nimg=\"1\" src=\"http:\/\/cordobadirecto.com\/wp-content\/uploads\/2026\/09\/franco-colapinto-vuelve-a-correr-monza-con-buenas-recuerdos-y-noticias-4.jpg\"><\/picture>\n<p><span>Mir\u00e1 tambi\u00e9n<\/span><\/p>\n<hr>\n<h3>Milei aceler\u00f3 por la F\u00f3rmula 1: \u201cQueremos ver a Colapinto en el pa\u00eds\u201d<\/h3>\n<\/p>\n<\/section>\n<\/div>\n<div id=\"element-body-19\" class=\"sc-a7166897-0 eTTZWU\" readability=\"31\">\n<section readability=\"2\"><picture><img alt=\"Ferrari y un homenaje especial a Michael Schumacher para el pr\u00f3ximo GP de Monza\" loading=\"lazy\" width=\"290\" height=\"290\" decoding=\"async\" data-nimg=\"1\" src=\"http:\/\/cordobadirecto.com\/wp-content\/uploads\/2026\/09\/franco-colapinto-vuelve-a-correr-monza-con-buenas-recuerdos-y-noticias-5.jpg\"><\/picture>\n<p><span>Mir\u00e1 tambi\u00e9n<\/span><\/p>\n<hr>\n<h3>Ferrari y un homenaje especial a Michael Schumacher para el pr\u00f3ximo GP de Monza<\/h3>\n<\/p>\n<\/section>\n<\/div>\n","protected":false},"excerpt":{"rendered":"<p>Franco Colapinto vuelve a uno de los circuitos m\u00e1s importantes de su carrera. Este fin de semana, la F\u00f3rmula 1 desembarca en Monza para disputar el Gran Premio de Italia y el argentino tendr\u00e1 una motivaci\u00f3n especial: fue justamente en el m\u00edtico Aut\u00f3dromo Nazionale donde hizo su debut en la M\u00e1xima, en 2024, cuando todav\u00eda [&hellip;]<\/p>\n","protected":false},"author":1,"featured_media":206353,"comment_status":"closed","ping_status":"closed","sticky":false,"template":"","format":"standard","meta":[],"categories":[21],"tags":[],"_links":{"self":[{"href":"http:\/\/cordobadirecto.com\/index.php\/wp-json\/wp\/v2\/posts\/206352"}],"collection":[{"href":"http:\/\/cordobadirecto.com\/index.php\/wp-json\/wp\/v2\/posts"}],"about":[{"href":"http:\/\/cordobadirecto.com\/index.php\/wp-json\/wp\/v2\/types\/post"}],"author":[{"embeddable":true,"href":"http:\/\/cordobadirecto.com\/index.php\/wp-json\/wp\/v2\/users\/1"}],"replies":[{"embeddable":true,"href":"http:\/\/cordobadirecto.com\/index.php\/wp-json\/wp\/v2\/comments?post=206352"}],"version-history":[{"count":0,"href":"http:\/\/cordobadirecto.com\/index.php\/wp-json\/wp\/v2\/posts\/206352\/revisions"}],"wp:featuredmedia":[{"embeddable":true,"href":"http:\/\/cordobadirecto.com\/index.php\/wp-json\/wp\/v2\/media\/206353"}],"wp:attachment":[{"href":"http:\/\/cordobadirecto.com\/index.php\/wp-json\/wp\/v2\/media?parent=206352"}],"wp:term":[{"taxonomy":"category","embeddable":true,"href":"http:\/\/cordobadirecto.com\/index.php\/wp-json\/wp\/v2\/categories?post=206352"},{"taxonomy":"post_tag","embeddable":true,"href":"http:\/\/cordobadirecto.com\/index.php\/wp-json\/wp\/v2\/tags?post=206352"}],"curies":[{"name":"wp","href":"https:\/\/api.w.org\/{rel}","templated":true}]}}