{"id":206354,"date":"2026-08-31T20:12:41","date_gmt":"2026-08-31T20:12:41","guid":{"rendered":"https:\/\/www.ole.com.ar\/autos\/obra-clave-autodromo-galvez-demolio-tribuna-horquilla-formula-1_0_fglU4zZs8x.html"},"modified":"2026-08-31T20:12:41","modified_gmt":"2026-08-31T20:12:41","slug":"obra-clave-en-el-galvez-se-demolio-la-tribuna-de-la-horquilla-para-trabajar-en-el-trazado-de-formula-1","status":"publish","type":"post","link":"http:\/\/cordobadirecto.com\/index.php\/2026\/08\/31\/obra-clave-en-el-galvez-se-demolio-la-tribuna-de-la-horquilla-para-trabajar-en-el-trazado-de-formula-1\/","title":{"rendered":"Obra clave en el G\u00e1lvez: se demoli\u00f3 la tribuna de la horquilla para trabajar en el trazado de F\u00f3rmula 1"},"content":{"rendered":"<div id=\"element-body-0\" class=\"sc-df222161-0 hNvwjb\" readability=\"28.244210526316\">\n<p><strong>Se vienen meses especiales para el deporte motor en Argentina.<\/strong> En el horizonte, el <a href=\"https:\/\/www.ole.com.ar\/tema\/motogp.html\" title=\"MotoGP\" alt=\"MotoGP\" class=\"slug\">MotoGP<\/a> empieza a hacer ruido de cara a visitar un <a href=\"https:\/\/www.ole.com.ar\/tema\/autodromo-oscar-y-juan-galvez.html\" title=\"Aut\u00f3dromo Oscar y Juan G\u00e1lvez\" alt=\"Aut\u00f3dromo Oscar y Juan G\u00e1lvez\" class=\"slug\">aut\u00f3dromo Oscar y Juan G\u00e1lvez<\/a> renovado en abril, y este mismo lunes se le dio inicio al <a href=\"https:\/\/www.ole.com.ar\/autos\/presidente-fia-mohammed-ben-sulayem-congreso-argentina_0_qi0oQ17JbV.html\" target=\"_self\" title=\"Congreso Americano de la FIA en Buenos Aires\" alt=\"Congreso Americano de la FIA en Buenos Aires\" rel=\"noopener\">Congreso Americano de la FIA en Buenos Aires<\/a>, con la presencia de <a href=\"https:\/\/www.ole.com.ar\/autos\/milei-congreso-fia-discurso-formula-1-argentina-colapinto_0_D3ZFL6aAmG.html\" target=\"_self\" title=\"Javier Milei hablando del retorno de la F\u00f3rmula 1\" alt=\"Javier Milei hablando del retorno de la F\u00f3rmula 1\" rel=\"noopener\">Javier Milei hablando del retorno de la F\u00f3rmula 1<\/a>. Para que ese sue\u00f1o se materialice, <strong>hab\u00eda una obra clave por llevar a cabo en el circuito porte\u00f1o<\/strong> y ya empez\u00f3 a trabajarse en ello.<\/p>\n<\/div>\n<div id=\"element-body-1\" class=\"sc-df222161-0 hNvwjb\" readability=\"37\">\n<p>Esta semana se complet\u00f3 <strong>la demolici\u00f3n total de la tribuna ubicada en la zona de la Horquilla<\/strong> que permitir\u00e1 extender el trazado del circuito para que se pueda correr con la m\u00e1xima exigencia internacional de la M\u00e1xima. Para el Gran Premio de motociclismo, esa secci\u00f3n no era necesaria -ni ser\u00e1 utilizada-, <strong>pero es obligatoria para que el trazado pase a estar homologado como Grado 1 de la FIA.<\/strong><\/p>\n<\/div>\n<div class=\"sc-c0843421-0 iNysjD image-embed\" id=\"element-body-2\"><img alt=\"La tribuna en pleno proceso de demolici\u00f3n. (Prensa GCBA)\" loading=\"lazy\" width=\"720\" height=\"100\" decoding=\"async\" data-nimg=\"1\" src=\"http:\/\/cordobadirecto.com\/wp-content\/uploads\/2026\/09\/obra-clave-en-el-galvez-se-demolio-la-tribuna-de-la-horquilla-para-trabajar-en-el-trazado-de-formula-1.jpg\"><span class=\"epigraphe\">La tribuna en pleno proceso de demolici\u00f3n. (Prensa GCBA)<\/span><\/div>\n<div id=\"element-body-3\" class=\"sc-df222161-0 hNvwjb\" readability=\"36\">\n<p>Este proceso se suma a las distintas obras que la Ciudad viene desarrollando en el aut\u00f3dromo, con intervenciones sobre sectores de la pista y la infraestructura general, <strong>adem\u00e1s del proyecto para la construcci\u00f3n de un nuevo kart\u00f3dromo con est\u00e1ndares de homologaci\u00f3n internacional.<\/strong><\/p>\n<\/div>\n<div id=\"element-body-4\" class=\"sc-df222161-0 hNvwjb\" readability=\"39\">\n<p>\u201cEstamos transformando el aut\u00f3dromo para que vuelva a estar a la altura de los grandes eventos internacionales. Esta obra nos permite extender el circuito y seguir avanzando hacia el objetivo de contar con <strong>una pista preparada para recibir, eventualmente, a la F\u00f3rmula 1 en Buenos Aires<\/strong>&#8220;, expres\u00f3 <strong>Fabi\u00e1n Turnes<\/strong>, secretario de deportes.<\/p>\n<\/div>\n<div class=\"sc-c0843421-0 iNysjD image-embed\" id=\"element-body-5\"><img alt=\"La tribuna ya demolida. (Prensa GCBA)\" loading=\"lazy\" width=\"720\" height=\"100\" decoding=\"async\" data-nimg=\"1\" src=\"http:\/\/cordobadirecto.com\/wp-content\/uploads\/2026\/09\/obra-clave-en-el-galvez-se-demolio-la-tribuna-de-la-horquilla-para-trabajar-en-el-trazado-de-formula-1-1.jpg\"><span class=\"epigraphe\">La tribuna ya demolida. (Prensa GCBA)<\/span><\/div>\n<div id=\"element-body-6\" class=\"sc-df222161-0 hNvwjb\" readability=\"36\">\n<p>La transformaci\u00f3n del Oscar y Juan G\u00e1lvez adquiere adem\u00e1s una dimensi\u00f3n especial en el marco de <strong>Buenos Aires Capital Mundial del Deporte 2027<\/strong>, reconocimiento internacional que potencia el objetivo de la Ciudad de seguir incorporando y recuperando escenarios capaces de albergar eventos deportivos de relevancia mundial.<\/p>\n<\/div>\n<p><h2>As\u00ed fue el proceso de demolici\u00f3n de la tribuna de la horquilla<\/h2>\n<\/p>\n<div id=\"element-body-8\" class=\"sc-8712cf2e-1 brsVwg\"><figcaption class=\"JWvideoNota_title\">\n<p>Cr\u00e9dito: Prensa GCBA<\/p>\n<\/figcaption><\/div>\n<div id=\"element-body-9\" class=\"sc-a7166897-0 eTTZWU\" readability=\"31\">\n<section readability=\"2\"><picture><img alt=\"Milei aceler\u00f3 por la F\u00f3rmula 1: \u201cQueremos ver a Colapinto en el pa\u00eds\u201d\" loading=\"lazy\" width=\"290\" height=\"290\" decoding=\"async\" data-nimg=\"1\" src=\"http:\/\/cordobadirecto.com\/wp-content\/uploads\/2026\/09\/obra-clave-en-el-galvez-se-demolio-la-tribuna-de-la-horquilla-para-trabajar-en-el-trazado-de-formula-1-2.jpg\"><\/picture>\n<p><span>Mir\u00e1 tambi\u00e9n<\/span><\/p>\n<hr>\n<h3>Milei aceler\u00f3 por la F\u00f3rmula 1: \u201cQueremos ver a Colapinto en el pa\u00eds\u201d<\/h3>\n<\/p>\n<\/section>\n<\/div>\n<div id=\"element-body-10\" class=\"sc-a7166897-0 eTTZWU\" readability=\"32\">\n<section readability=\"4\"><picture><img alt=\"El presidente de la FIA vendr\u00e1 a un congreso en Argentina y anticip\u00f3: &quot;Cuando est\u00e9n listos, estaremos listos&quot;\" loading=\"lazy\" width=\"290\" height=\"290\" decoding=\"async\" data-nimg=\"1\" src=\"http:\/\/cordobadirecto.com\/wp-content\/uploads\/2026\/09\/obra-clave-en-el-galvez-se-demolio-la-tribuna-de-la-horquilla-para-trabajar-en-el-trazado-de-formula-1-3.jpg\"><\/picture>\n<p><span>Mir\u00e1 tambi\u00e9n<\/span><\/p>\n<hr>\n<h3>El presidente de la FIA vendr\u00e1 a un congreso en Argentina y anticip\u00f3: &#8220;Cuando est\u00e9n listos, estaremos listos&#8221;<\/h3>\n<\/p>\n<\/section>\n<\/div>\n<div id=\"element-body-11\" class=\"sc-a7166897-0 eTTZWU\" readability=\"32\">\n<section readability=\"4\"><picture><img alt=\"Tras la renovaci\u00f3n de Colapinto con Alpine, c\u00f3mo qued\u00f3 la parrilla de la F1 para 2027\" loading=\"lazy\" width=\"290\" height=\"290\" decoding=\"async\" data-nimg=\"1\" src=\"http:\/\/cordobadirecto.com\/wp-content\/uploads\/2026\/09\/obra-clave-en-el-galvez-se-demolio-la-tribuna-de-la-horquilla-para-trabajar-en-el-trazado-de-formula-1-4.jpg\"><\/picture>\n<p><span>Mir\u00e1 tambi\u00e9n<\/span><\/p>\n<hr>\n<h3>Tras la renovaci\u00f3n de Colapinto con Alpine, c\u00f3mo qued\u00f3 la parrilla de la F1 para 2027<\/h3>\n<\/p>\n<\/section>\n<\/div>\n","protected":false},"excerpt":{"rendered":"<p>Se vienen meses especiales para el deporte motor en Argentina. En el horizonte, el MotoGP empieza a hacer ruido de cara a visitar un aut\u00f3dromo Oscar y Juan G\u00e1lvez renovado en abril, y este mismo lunes se le dio inicio al Congreso Americano de la FIA en Buenos Aires, con la presencia de Javier Milei [&hellip;]<\/p>\n","protected":false},"author":1,"featured_media":206355,"comment_status":"closed","ping_status":"closed","sticky":false,"template":"","format":"standard","meta":[],"categories":[21],"tags":[],"_links":{"self":[{"href":"http:\/\/cordobadirecto.com\/index.php\/wp-json\/wp\/v2\/posts\/206354"}],"collection":[{"href":"http:\/\/cordobadirecto.com\/index.php\/wp-json\/wp\/v2\/posts"}],"about":[{"href":"http:\/\/cordobadirecto.com\/index.php\/wp-json\/wp\/v2\/types\/post"}],"author":[{"embeddable":true,"href":"http:\/\/cordobadirecto.com\/index.php\/wp-json\/wp\/v2\/users\/1"}],"replies":[{"embeddable":true,"href":"http:\/\/cordobadirecto.com\/index.php\/wp-json\/wp\/v2\/comments?post=206354"}],"version-history":[{"count":0,"href":"http:\/\/cordobadirecto.com\/index.php\/wp-json\/wp\/v2\/posts\/206354\/revisions"}],"wp:featuredmedia":[{"embeddable":true,"href":"http:\/\/cordobadirecto.com\/index.php\/wp-json\/wp\/v2\/media\/206355"}],"wp:attachment":[{"href":"http:\/\/cordobadirecto.com\/index.php\/wp-json\/wp\/v2\/media?parent=206354"}],"wp:term":[{"taxonomy":"category","embeddable":true,"href":"http:\/\/cordobadirecto.com\/index.php\/wp-json\/wp\/v2\/categories?post=206354"},{"taxonomy":"post_tag","embeddable":true,"href":"http:\/\/cordobadirecto.com\/index.php\/wp-json\/wp\/v2\/tags?post=206354"}],"curies":[{"name":"wp","href":"https:\/\/api.w.org\/{rel}","templated":true}]}}