{"id":206365,"date":"2026-09-02T00:04:58","date_gmt":"2026-09-02T00:04:58","guid":{"rendered":"http:\/\/cordobadirecto.com\/index.php\/2026\/09\/02\/san-miguel-anuncio-la-salida-de-su-tecnico-y-ya-tiene-al-sucesor\/"},"modified":"2026-09-02T00:04:58","modified_gmt":"2026-09-02T00:04:58","slug":"san-miguel-anuncio-la-salida-de-su-tecnico-y-ya-tiene-al-sucesor","status":"publish","type":"post","link":"http:\/\/cordobadirecto.com\/index.php\/2026\/09\/02\/san-miguel-anuncio-la-salida-de-su-tecnico-y-ya-tiene-al-sucesor\/","title":{"rendered":"San Miguel anunci\u00f3 la salida de su t\u00e9cnico y ya tiene al sucesor"},"content":{"rendered":"<div>\n<p>La reciente derrota del Trueno Verde ante Mor\u00f3n en la Primera Nacional le puso punto final al ciclo de Mat\u00edas M\u00f3dolo al frente del equipo. El club ya anunci\u00f3 a su reemplazante.<\/p>\n<\/div>\n","protected":false},"excerpt":{"rendered":"<p>La reciente derrota del Trueno Verde ante Mor\u00f3n en la Primera Nacional le puso punto final al ciclo de Mat\u00edas M\u00f3dolo al frente del equipo. El club ya anunci\u00f3 a su reemplazante.<\/p>\n","protected":false},"author":1,"featured_media":0,"comment_status":"closed","ping_status":"closed","sticky":false,"template":"","format":"standard","meta":[],"categories":[21],"tags":[],"_links":{"self":[{"href":"http:\/\/cordobadirecto.com\/index.php\/wp-json\/wp\/v2\/posts\/206365"}],"collection":[{"href":"http:\/\/cordobadirecto.com\/index.php\/wp-json\/wp\/v2\/posts"}],"about":[{"href":"http:\/\/cordobadirecto.com\/index.php\/wp-json\/wp\/v2\/types\/post"}],"author":[{"embeddable":true,"href":"http:\/\/cordobadirecto.com\/index.php\/wp-json\/wp\/v2\/users\/1"}],"replies":[{"embeddable":true,"href":"http:\/\/cordobadirecto.com\/index.php\/wp-json\/wp\/v2\/comments?post=206365"}],"version-history":[{"count":0,"href":"http:\/\/cordobadirecto.com\/index.php\/wp-json\/wp\/v2\/posts\/206365\/revisions"}],"wp:attachment":[{"href":"http:\/\/cordobadirecto.com\/index.php\/wp-json\/wp\/v2\/media?parent=206365"}],"wp:term":[{"taxonomy":"category","embeddable":true,"href":"http:\/\/cordobadirecto.com\/index.php\/wp-json\/wp\/v2\/categories?post=206365"},{"taxonomy":"post_tag","embeddable":true,"href":"http:\/\/cordobadirecto.com\/index.php\/wp-json\/wp\/v2\/tags?post=206365"}],"curies":[{"name":"wp","href":"https:\/\/api.w.org\/{rel}","templated":true}]}}