{"id":206367,"date":"2026-09-01T22:09:30","date_gmt":"2026-09-01T22:09:30","guid":{"rendered":"http:\/\/cordobadirecto.com\/index.php\/2026\/09\/01\/hernan-lacunza-critico-el-rumbo-del-empleo-y-advirtio-que-el-gobierno-le-pone-muletas-a\/"},"modified":"2026-09-01T22:09:30","modified_gmt":"2026-09-01T22:09:30","slug":"hernan-lacunza-critico-el-rumbo-del-empleo-y-advirtio-que-el-gobierno-le-pone-muletas-a","status":"publish","type":"post","link":"http:\/\/cordobadirecto.com\/index.php\/2026\/09\/01\/hernan-lacunza-critico-el-rumbo-del-empleo-y-advirtio-que-el-gobierno-le-pone-muletas-a\/","title":{"rendered":"Hern\u00e1n Lacunza critic\u00f3 el rumbo del empleo y advirti\u00f3 que el Gobierno le pone &quot;muletas&quot; a &#8230;"},"content":{"rendered":"<p>El precandidato presidencial del PRO y director del Banco de <b>C\u00f3rdoba<\/b> analiz\u00f3 en La Voz En Vivo el plan econ\u00f3mico de Javier Milei, cuestion\u00f3 las&nbsp;&#8230; <\/p>\n","protected":false},"excerpt":{"rendered":"<p>El precandidato presidencial del PRO y director del Banco de C\u00f3rdoba analiz\u00f3 en La Voz En Vivo el plan econ\u00f3mico de Javier Milei, cuestion\u00f3 las&nbsp;&#8230;<\/p>\n","protected":false},"author":1,"featured_media":0,"comment_status":"closed","ping_status":"closed","sticky":false,"template":"","format":"standard","meta":[],"categories":[40],"tags":[],"_links":{"self":[{"href":"http:\/\/cordobadirecto.com\/index.php\/wp-json\/wp\/v2\/posts\/206367"}],"collection":[{"href":"http:\/\/cordobadirecto.com\/index.php\/wp-json\/wp\/v2\/posts"}],"about":[{"href":"http:\/\/cordobadirecto.com\/index.php\/wp-json\/wp\/v2\/types\/post"}],"author":[{"embeddable":true,"href":"http:\/\/cordobadirecto.com\/index.php\/wp-json\/wp\/v2\/users\/1"}],"replies":[{"embeddable":true,"href":"http:\/\/cordobadirecto.com\/index.php\/wp-json\/wp\/v2\/comments?post=206367"}],"version-history":[{"count":0,"href":"http:\/\/cordobadirecto.com\/index.php\/wp-json\/wp\/v2\/posts\/206367\/revisions"}],"wp:attachment":[{"href":"http:\/\/cordobadirecto.com\/index.php\/wp-json\/wp\/v2\/media?parent=206367"}],"wp:term":[{"taxonomy":"category","embeddable":true,"href":"http:\/\/cordobadirecto.com\/index.php\/wp-json\/wp\/v2\/categories?post=206367"},{"taxonomy":"post_tag","embeddable":true,"href":"http:\/\/cordobadirecto.com\/index.php\/wp-json\/wp\/v2\/tags?post=206367"}],"curies":[{"name":"wp","href":"https:\/\/api.w.org\/{rel}","templated":true}]}}