{"id":206408,"date":"2026-09-02T03:43:40","date_gmt":"2026-09-02T03:43:40","guid":{"rendered":"http:\/\/cordobadirecto.com\/index.php\/2026\/09\/02\/nunca-estuve-en-afganistan-los-6-millones-de-deportados-obligados-a-empezar-de-nuevo-bajo-el-taliban\/"},"modified":"2026-09-02T03:43:40","modified_gmt":"2026-09-02T03:43:40","slug":"nunca-estuve-en-afganistan-los-6-millones-de-deportados-obligados-a-empezar-de-nuevo-bajo-el-taliban","status":"publish","type":"post","link":"http:\/\/cordobadirecto.com\/index.php\/2026\/09\/02\/nunca-estuve-en-afganistan-los-6-millones-de-deportados-obligados-a-empezar-de-nuevo-bajo-el-taliban\/","title":{"rendered":"&#8220;Nunca estuve en Afganist\u00e1n&#8221;: los 6 millones de deportados obligados a empezar de nuevo bajo el Talib\u00e1n"},"content":{"rendered":"<div>El n\u00famero de personas obligadas a regresar este a\u00f1o desde Pakist\u00e1n e Ir\u00e1n a Afganist\u00e1n sum\u00f3 otro mill\u00f3n. La BBC habl\u00f3 con algunas de ellas.<\/div>\n","protected":false},"excerpt":{"rendered":"<p>El n\u00famero de personas obligadas a regresar este a\u00f1o desde Pakist\u00e1n e Ir\u00e1n a Afganist\u00e1n sum\u00f3 otro mill\u00f3n. La BBC habl\u00f3 con algunas de ellas.<\/p>\n","protected":false},"author":1,"featured_media":0,"comment_status":"closed","ping_status":"closed","sticky":false,"template":"","format":"standard","meta":[],"categories":[24],"tags":[],"_links":{"self":[{"href":"http:\/\/cordobadirecto.com\/index.php\/wp-json\/wp\/v2\/posts\/206408"}],"collection":[{"href":"http:\/\/cordobadirecto.com\/index.php\/wp-json\/wp\/v2\/posts"}],"about":[{"href":"http:\/\/cordobadirecto.com\/index.php\/wp-json\/wp\/v2\/types\/post"}],"author":[{"embeddable":true,"href":"http:\/\/cordobadirecto.com\/index.php\/wp-json\/wp\/v2\/users\/1"}],"replies":[{"embeddable":true,"href":"http:\/\/cordobadirecto.com\/index.php\/wp-json\/wp\/v2\/comments?post=206408"}],"version-history":[{"count":0,"href":"http:\/\/cordobadirecto.com\/index.php\/wp-json\/wp\/v2\/posts\/206408\/revisions"}],"wp:attachment":[{"href":"http:\/\/cordobadirecto.com\/index.php\/wp-json\/wp\/v2\/media?parent=206408"}],"wp:term":[{"taxonomy":"category","embeddable":true,"href":"http:\/\/cordobadirecto.com\/index.php\/wp-json\/wp\/v2\/categories?post=206408"},{"taxonomy":"post_tag","embeddable":true,"href":"http:\/\/cordobadirecto.com\/index.php\/wp-json\/wp\/v2\/tags?post=206408"}],"curies":[{"name":"wp","href":"https:\/\/api.w.org\/{rel}","templated":true}]}}