{"id":206411,"date":"2026-09-02T12:05:25","date_gmt":"2026-09-02T12:05:25","guid":{"rendered":"http:\/\/cordobadirecto.com\/index.php\/2026\/09\/02\/proyectos-municipales-avanzan-a-la-instancia-provincial-de-la-feria-de-ciencias-2026\/"},"modified":"2026-09-02T12:05:25","modified_gmt":"2026-09-02T12:05:25","slug":"proyectos-municipales-avanzan-a-la-instancia-provincial-de-la-feria-de-ciencias-2026","status":"publish","type":"post","link":"http:\/\/cordobadirecto.com\/index.php\/2026\/09\/02\/proyectos-municipales-avanzan-a-la-instancia-provincial-de-la-feria-de-ciencias-2026\/","title":{"rendered":"Proyectos municipales avanzan a la instancia provincial de la Feria de Ciencias 2026"},"content":{"rendered":"<div>\n<ul>\n<li data-prosemirror-content-type=\"node\" data-prosemirror-node-name=\"paragraph\" data-prosemirror-node-block=\"true\"><strong>Nueve proyectos de jardines y escuelas municipales fueron seleccionados para la instancia provincial.<\/strong><\/li>\n<\/ul>\n<hr>\n<p data-prosemirror-content-type=\"node\" data-prosemirror-node-name=\"paragraph\" data-prosemirror-node-block=\"true\">Estudiantes de jardines y escuelas municipales de C\u00f3rdoba fueron reconocidos por sus proyectos en la instancia regional de la 58.\u00aa Feria de Ciencias, Tecnolog\u00edas, Artes, Movimiento e Innovaci\u00f3n C\u00f3rdoba 2026 y avanzaron a la instancia provincial.<\/p>\n<p data-prosemirror-content-type=\"node\" data-prosemirror-node-name=\"paragraph\" data-prosemirror-node-block=\"true\">En la etapa regional, el Sistema Educativo Municipal present\u00f3 24 proyectos, 7 correspondientes al Nivel Inicial y 17 al Nivel Primario, lo que represent\u00f3 el 40% de las propuestas de Inicial y Primaria de la Regi\u00f3n Capital. De ese total, 9 proyectos fueron seleccionados para continuar en la instancia provincial, con una tasa de promoci\u00f3n del 37,5%.<\/p>\n<p data-prosemirror-content-type=\"node\" data-prosemirror-node-name=\"paragraph\" data-prosemirror-node-block=\"true\">Entre los proyectos que participar\u00e1n de manera presencial se encuentran \u201cEl misterio de la granada\u201d, del Jard\u00edn Municipal Sue\u00f1o de Colores; \u201c\u00bfPuede un lim\u00f3n encender una luz?\u201d, de la Escuela Municipal Gobernador Doctor Arturo Zanichelli; y \u201cPeque\u00f1os Anfitriones\u201d, de la Escuela Municipal Estado de Libia, dentro del eje cient\u00edfico.<\/p>\n<p data-prosemirror-content-type=\"node\" data-prosemirror-node-name=\"paragraph\" data-prosemirror-node-block=\"true\">Tambi\u00e9n fueron seleccionados \u201cEl bosque que habla\u201d, de la Escuela Municipal Dra. Alicia Moreau, en el eje art\u00edstico, y \u201cGeometr\u00eda en acci\u00f3n: aprender haciendo\u201d, de la Escuela Municipal Dr. Carlos A. Becerra, en el eje matem\u00e1tico.<\/p>\n<p data-prosemirror-content-type=\"node\" data-prosemirror-node-name=\"paragraph\" data-prosemirror-node-block=\"true\">Asimismo, fueron distinguidos para participar de la instancia provincial en formato virtual proyectos del Jard\u00edn Municipal Portal de Bel\u00e9n, la Escuela Municipal Dr. Jorge Orgaz, la Escuela Municipal Doctor Donato Latella Fr\u00edas y el Anexo Manuel Belgrano Emilio Baquero Lazcano, con propuestas vinculadas a las ciencias, el ambiente y el cambio clim\u00e1tico.<\/p>\n<p data-prosemirror-content-type=\"node\" data-prosemirror-node-name=\"paragraph\" data-prosemirror-node-block=\"true\">En el Nivel Primario, el 41,2% de los proyectos municipales logr\u00f3 avanzar a la instancia provincial, un resultado que refleja el trabajo de estudiantes y equipos docentes en propuestas que promueven la investigaci\u00f3n, la experimentaci\u00f3n, la resoluci\u00f3n de problemas y el trabajo interdisciplinario.<\/p>\n<p data-prosemirror-content-type=\"node\" data-prosemirror-node-name=\"paragraph\" data-prosemirror-node-block=\"true\">La instancia provincial se realizar\u00e1 el pr\u00f3ximo 8 de septiembre en la ciudad de C\u00f3rdoba y reunir\u00e1 a los proyectos destacados de las distintas regiones. De all\u00ed surgir\u00e1n las propuestas que representar\u00e1n a la provincia en la instancia nacional.<\/p>\n<p>La entrada <a href=\"https:\/\/cordoba.gob.ar\/feria-ciencias-2026-provincial\/\">Proyectos municipales avanzan a la instancia provincial de la Feria de Ciencias 2026<\/a> se public\u00f3 primero en <a href=\"https:\/\/cordoba.gob.ar\/\">Municipalidad de C\u00f3rdoba.<\/a>.<\/p>\n<\/div>\n","protected":false},"excerpt":{"rendered":"<p>Nueve proyectos de jardines y escuelas municipales fueron seleccionados para la instancia provincial. Estudiantes de jardines y escuelas municipales de C\u00f3rdoba fueron reconocidos por sus proyectos en la instancia regional de la 58.\u00aa Feria de Ciencias, Tecnolog\u00edas, Artes, Movimiento e Innovaci\u00f3n C\u00f3rdoba 2026 y avanzaron a la instancia provincial. En la etapa regional, el Sistema [&hellip;]<\/p>\n","protected":false},"author":1,"featured_media":0,"comment_status":"closed","ping_status":"closed","sticky":false,"template":"","format":"standard","meta":[],"categories":[44],"tags":[],"_links":{"self":[{"href":"http:\/\/cordobadirecto.com\/index.php\/wp-json\/wp\/v2\/posts\/206411"}],"collection":[{"href":"http:\/\/cordobadirecto.com\/index.php\/wp-json\/wp\/v2\/posts"}],"about":[{"href":"http:\/\/cordobadirecto.com\/index.php\/wp-json\/wp\/v2\/types\/post"}],"author":[{"embeddable":true,"href":"http:\/\/cordobadirecto.com\/index.php\/wp-json\/wp\/v2\/users\/1"}],"replies":[{"embeddable":true,"href":"http:\/\/cordobadirecto.com\/index.php\/wp-json\/wp\/v2\/comments?post=206411"}],"version-history":[{"count":0,"href":"http:\/\/cordobadirecto.com\/index.php\/wp-json\/wp\/v2\/posts\/206411\/revisions"}],"wp:attachment":[{"href":"http:\/\/cordobadirecto.com\/index.php\/wp-json\/wp\/v2\/media?parent=206411"}],"wp:term":[{"taxonomy":"category","embeddable":true,"href":"http:\/\/cordobadirecto.com\/index.php\/wp-json\/wp\/v2\/categories?post=206411"},{"taxonomy":"post_tag","embeddable":true,"href":"http:\/\/cordobadirecto.com\/index.php\/wp-json\/wp\/v2\/tags?post=206411"}],"curies":[{"name":"wp","href":"https:\/\/api.w.org\/{rel}","templated":true}]}}