{"id":206412,"date":"2026-09-02T09:38:13","date_gmt":"2026-09-02T09:38:13","guid":{"rendered":"http:\/\/cordobadirecto.com\/index.php\/2026\/09\/02\/las-pymes-de-biodiesel-reclaman-un-cupo-en-la-nueva-ley-y-alertan-por-el-posible-cierre-de-plantas\/"},"modified":"2026-09-02T09:38:13","modified_gmt":"2026-09-02T09:38:13","slug":"las-pymes-de-biodiesel-reclaman-un-cupo-en-la-nueva-ley-y-alertan-por-el-posible-cierre-de-plantas","status":"publish","type":"post","link":"http:\/\/cordobadirecto.com\/index.php\/2026\/09\/02\/las-pymes-de-biodiesel-reclaman-un-cupo-en-la-nueva-ley-y-alertan-por-el-posible-cierre-de-plantas\/","title":{"rendered":"Las pymes de biodi\u00e9sel reclaman un cupo en la <b>nueva<\/b> ley y alertan por el posible cierre de plantas"},"content":{"rendered":"<p><b>C\u00d3RDOBA<\/b>.- Con la comisi\u00f3n del Senado a punto de sacar un despacho de &#8230; econ\u00f3mico y ambiental\u201d: tras detectar el picudo rojo en Entre R\u00edos&nbsp;&#8230; <\/p>\n","protected":false},"excerpt":{"rendered":"<p>C\u00d3RDOBA.- Con la comisi\u00f3n del Senado a punto de sacar un despacho de &#8230; econ\u00f3mico y ambiental\u201d: tras detectar el picudo rojo en Entre R\u00edos&nbsp;&#8230;<\/p>\n","protected":false},"author":1,"featured_media":0,"comment_status":"closed","ping_status":"closed","sticky":false,"template":"","format":"standard","meta":[],"categories":[40],"tags":[],"_links":{"self":[{"href":"http:\/\/cordobadirecto.com\/index.php\/wp-json\/wp\/v2\/posts\/206412"}],"collection":[{"href":"http:\/\/cordobadirecto.com\/index.php\/wp-json\/wp\/v2\/posts"}],"about":[{"href":"http:\/\/cordobadirecto.com\/index.php\/wp-json\/wp\/v2\/types\/post"}],"author":[{"embeddable":true,"href":"http:\/\/cordobadirecto.com\/index.php\/wp-json\/wp\/v2\/users\/1"}],"replies":[{"embeddable":true,"href":"http:\/\/cordobadirecto.com\/index.php\/wp-json\/wp\/v2\/comments?post=206412"}],"version-history":[{"count":0,"href":"http:\/\/cordobadirecto.com\/index.php\/wp-json\/wp\/v2\/posts\/206412\/revisions"}],"wp:attachment":[{"href":"http:\/\/cordobadirecto.com\/index.php\/wp-json\/wp\/v2\/media?parent=206412"}],"wp:term":[{"taxonomy":"category","embeddable":true,"href":"http:\/\/cordobadirecto.com\/index.php\/wp-json\/wp\/v2\/categories?post=206412"},{"taxonomy":"post_tag","embeddable":true,"href":"http:\/\/cordobadirecto.com\/index.php\/wp-json\/wp\/v2\/tags?post=206412"}],"curies":[{"name":"wp","href":"https:\/\/api.w.org\/{rel}","templated":true}]}}