{"id":206417,"date":"2026-09-02T16:35:15","date_gmt":"2026-09-02T16:35:15","guid":{"rendered":"https:\/\/www.ole.com.ar\/autos\/colapinto-lautaro-martinez-inter-alpine-visita-gp-italia_0_WwN8WRguGq.html"},"modified":"2026-09-02T16:35:15","modified_gmt":"2026-09-02T16:35:15","slug":"franco-colapinto-visito-a-lautaro-martinez-antes-del-gp-de-italia","status":"publish","type":"post","link":"http:\/\/cordobadirecto.com\/index.php\/2026\/09\/02\/franco-colapinto-visito-a-lautaro-martinez-antes-del-gp-de-italia\/","title":{"rendered":"Franco Colapinto visit\u00f3 a Lautaro Mart\u00ednez antes del GP de Italia"},"content":{"rendered":"<div id=\"element-body-0\" class=\"sc-df222161-0 hNvwjb\" readability=\"28.742209631728\">\n<p><a href=\"https:\/\/www.ole.com.ar\/autos\/gp-gran-premio-italia-monza-dias-horarios-ver-franco-colapinto-tv_0_WhX4LfPLCi.html\" target=\"_self\" title=\"Se viene un nuevo Gran Premio de la F\u00f3rmula 1, con Franco Colapinto como protagonista\" alt=\"Se viene un nuevo Gran Premio de la F\u00f3rmula 1, con Franco Colapinto como protagonista\" rel=\"noopener\">Se viene un nuevo Gran Premio de la F\u00f3rmula 1, con Franco Colapinto como protagonista<\/a>. Este mi\u00e9rcoles, antes de centrarse en lo que ser\u00e1 una nueva participaci\u00f3n en la M\u00e1xima, <strong>el pilarense aprovech\u00f3 la cercan\u00eda entre Monza (donde se correr\u00e1 la competencia) y Mil\u00e1n (a unos 15 kil\u00f3metros) <\/strong> para visitar a un campe\u00f3n del mundo: Lautaro Mart\u00ednez.<\/p>\n<\/div>\n<div id=\"element-body-1\" class=\"sc-df222161-0 hNvwjb\" readability=\"40\">\n<p><strong>Colapinto, vestido con la ropa de Alpine, pas\u00f3 por el centro de entrenamiento de Inter para saludar al Toro<\/strong>. Muy buena onda entre ambos. Captados por las c\u00e1maras, hubo un saludo, foto,s intercambio de palabras y vestimentas <strong>. Es que el piloto se llev\u00f3 la 10 de Mart\u00ednez y el goleador recibi\u00f3 una chomba de Franco. Lindo recuerdo para los dos. <\/strong><\/p>\n<\/div>\n<p><h2><strong>El encuentro entre Lautaro y Colapinto<\/strong><\/h2>\n<\/p>\n<div id=\"element-body-3\" class=\"sc-8712cf2e-1 brsVwg\" readability=\"31\"><figcaption class=\"JWvideoNota_title\" readability=\"2\">\n<p>Fuente: Alpine Instagram.\t<\/p>\n<\/figcaption><\/div>\n<p><h2><strong>Cu\u00e1ndo juega Lautaro con Inter<\/strong><\/h2>\n<\/p>\n<div id=\"element-body-5\" class=\"sc-df222161-0 hNvwjb\" readability=\"37\">\n<p><strong>El s\u00e1bado recibir\u00e1 a Napoli por la tercera fecha de la Serie A, donde suma puntaje perfecto<\/strong>. Ser\u00e1 a partir de las 13.00. Luego, el martes 8, visitar\u00e1 a Real Madrid en el inicio de la fase de liga de la Champions. <\/p>\n<\/div>\n<div class=\"sc-c0843421-0 iNysjD image-embed\" id=\"element-body-6\"><img alt=\"Franco y el Toro (Alpine).\" loading=\"lazy\" width=\"720\" height=\"100\" decoding=\"async\" data-nimg=\"1\" src=\"http:\/\/cordobadirecto.com\/wp-content\/uploads\/2026\/09\/franco-colapinto-visito-a-lautaro-martinez-antes-del-gp-de-italia.jpg\"><span class=\"epigraphe\">Franco y el Toro (Alpine).<\/span><\/div>\n<p><h2><strong>D\u00edas, horarios y c\u00f3mo ver a Colapinto por TV<\/strong><\/h2>\n<\/p>\n<div id=\"element-body-8\" class=\"sc-df222161-0 hNvwjb\" readability=\"40\">\n<p>El pilarense llega a este fin de semana tras asegurar su continuidad en Alpine para 2027 y finalizar 14\u00b0 en Pa\u00edses Bajos. Esta renovaci\u00f3n, confirmada justo antes del Gran Premio de Italia, disip\u00f3 las dudas sobre su futuro y le permite enfocarse por completo en el asfalto italiano. <strong>Actualmente, Colapinto marcha 12\u00b0 en el campeonato con 19 puntos, a 223 unidades del l\u00edder, Kimi Antonelli(242).<\/strong><\/p>\n<\/div>\n<div id=\"element-body-9\" class=\"sc-df222161-0 hNvwjb\" readability=\"38\">\n<p><strong>El GP de Italia se disputar\u00e1 del 4 al 6 de septiembre y tendr\u00e1 el formato tradicional de F1, sin carrera Sprint. <\/strong> La actividad comenzar\u00e1 con las dos pr\u00e1cticas del viernes, continuar\u00e1 el s\u00e1bado con el tercer entrenamiento y la clasificaci\u00f3n, y finalizar\u00e1 el domingo con la carrera principal. Toda la acci\u00f3n se podr\u00e1 ver en vivo a trav\u00e9s de Disney+ Premium y Fox Sports.<\/p>\n<\/div>\n<div id=\"element-body-10\" class=\"sc-df222161-0 hNvwjb\">\n<p><strong>Viernes 4 de septiembre<\/strong><\/p>\n<\/div>\n<div id=\"element-body-11\" class=\"sc-df222161-0 hNvwjb\">\n<p>Pr\u00e1ctica Libre 1: 7.30<\/p>\n<\/div>\n<div id=\"element-body-12\" class=\"sc-df222161-0 hNvwjb\">\n<p>Pr\u00e1ctica Libre 2: 11<\/p>\n<\/div>\n<div id=\"element-body-13\" class=\"sc-df222161-0 hNvwjb\">\n<p><strong>S\u00e1bado 5 de septiembre<\/strong><\/p>\n<\/div>\n<div id=\"element-body-14\" class=\"sc-df222161-0 hNvwjb\">\n<p>Pr\u00e1ctica Libre 3: 7.30<\/p>\n<\/div>\n<div id=\"element-body-15\" class=\"sc-df222161-0 hNvwjb\">\n<p>Clasificaci\u00f3n: 11<\/p>\n<\/div>\n<div id=\"element-body-16\" class=\"sc-df222161-0 hNvwjb\">\n<p><strong>Domingo 6 de septiembre<\/strong><\/p>\n<\/div>\n<div id=\"element-body-17\" class=\"sc-df222161-0 hNvwjb\">\n<p>Carrera: 10<\/p>\n<\/div>\n<p><h2><strong>C\u00f3mo es el circuito del GP de Italia<\/strong><\/h2>\n<\/p>\n<div id=\"element-body-19\" class=\"sc-df222161-0 hNvwjb\" readability=\"43\">\n<p><strong>El Autodromo Nazionale di Monza tiene un significado especial para el piloto argentino: en 2024, hizo su debut en la F1, cuando todav\u00eda era piloto de Williams. <\/strong> Conocido por sus extensas rectas y frenadas brutas, este emblem\u00e1tico trazado posee una extensi\u00f3n de 5,793 kil\u00f3metros, 11 curvas y registra una de las velocidades promedio m\u00e1s altas de la temporada (250,706 km\/h). La carrera del domingo contar\u00e1 con 53 vueltas, para cubrir una distancia total de 306,720 km.<\/p>\n<\/div>\n<div id=\"element-body-20\" class=\"sc-df222161-0 hNvwjb\" readability=\"37\">\n<p>Los autos recorren a fondo aproximadamente el 80% de una vuelta y alcanzan su velocidad m\u00e1xima en la recta principal, de 1,1 kil\u00f3metros. El r\u00e9cord de vuelta en carrera pertenece a Lando Norris, quien en 2025 marc\u00f3 un tiempo de 1m20s901.<\/p>\n<\/div>\n<div class=\"sc-c0843421-0 iNysjD image-embed\" id=\"element-body-21\"><img alt=\"Franco Colapinto, Flavio Briatore y Pierre Gasly. (Foto: Alpine)\" loading=\"lazy\" width=\"720\" height=\"100\" decoding=\"async\" data-nimg=\"1\" src=\"http:\/\/cordobadirecto.com\/wp-content\/uploads\/2026\/09\/franco-colapinto-visito-a-lautaro-martinez-antes-del-gp-de-italia-1.jpg\"><span class=\"epigraphe\">Franco Colapinto, Flavio Briatore y Pierre Gasly. (Foto: Alpine)<\/span><\/div>\n<p><h2><strong>El antecedente de Colapinto en Monza<\/strong><\/h2>\n<\/p>\n<div id=\"element-body-23\" class=\"sc-df222161-0 hNvwjb\" readability=\"39\">\n<p><strong>El argentino ya sabe lo que es correr en este escenario: en la edici\u00f3n anterior finaliz\u00f3 17\u00b0, en una carrera que tuvo a Max Verstappen (Red Bull) como ganador<\/strong>. Sin embargo, esta nueva visita a Italia llega en un contexto muy diferente para Colapinto. El piloto afrontar\u00e1 el compromiso con la tranquilidad de haber asegurado su asiento en Alpine para 2027 y, adem\u00e1s, estrenar\u00e1 en su monoplaza A526 el paquete de mejoras que Gasly ya utiliz\u00f3 en Pa\u00edses Bajos.<\/p>\n<\/div>\n<div id=\"element-body-24\" class=\"sc-df222161-0 hNvwjb\" readability=\"36\">\n<p>Despu\u00e9s de Zandvoort, Monza ser\u00e1 el pr\u00f3ximo escenario para el argentino. Y con un circuito en el que la velocidad y la precisi\u00f3n en las frenadas son fundamentales, cada sesi\u00f3n tendr\u00e1 un peso importante desde el primer momento del viernes.<\/p>\n<\/div>\n<div id=\"element-body-25\" class=\"sc-a7166897-0 eTTZWU\" readability=\"31.5\">\n<section readability=\"3\"><picture><img alt=\"C\u00f3mo ser\u00e1n las mejoras del Alpine de Colapinto en este GP de Monza para ir por los puntos\" loading=\"lazy\" width=\"290\" height=\"290\" decoding=\"async\" data-nimg=\"1\" src=\"http:\/\/cordobadirecto.com\/wp-content\/uploads\/2026\/09\/franco-colapinto-visito-a-lautaro-martinez-antes-del-gp-de-italia-2.jpg\"><\/picture>\n<p><span>Mir\u00e1 tambi\u00e9n<\/span><\/p>\n<hr>\n<h3>C\u00f3mo ser\u00e1n las mejoras del Alpine de Colapinto en este GP de Monza para ir por los puntos<\/h3>\n<\/p>\n<\/section>\n<\/div>\n<div id=\"element-body-26\" class=\"sc-a7166897-0 eTTZWU\" readability=\"31.5\">\n<section readability=\"3\"><picture><img alt=\"Atento, Colapinto: Alpine y el cambio de pilotos que inform\u00f3 para el GP de Monza\" loading=\"lazy\" width=\"290\" height=\"290\" decoding=\"async\" data-nimg=\"1\" src=\"http:\/\/cordobadirecto.com\/wp-content\/uploads\/2026\/09\/franco-colapinto-visito-a-lautaro-martinez-antes-del-gp-de-italia-3.jpg\"><\/picture>\n<p><span>Mir\u00e1 tambi\u00e9n<\/span><\/p>\n<hr>\n<h3>Atento, Colapinto: Alpine y el cambio de pilotos que inform\u00f3 para el GP de Monza<\/h3>\n<\/p>\n<\/section>\n<\/div>\n","protected":false},"excerpt":{"rendered":"<p>Se viene un nuevo Gran Premio de la F\u00f3rmula 1, con Franco Colapinto como protagonista. Este mi\u00e9rcoles, antes de centrarse en lo que ser\u00e1 una nueva participaci\u00f3n en la M\u00e1xima, el pilarense aprovech\u00f3 la cercan\u00eda entre Monza (donde se correr\u00e1 la competencia) y Mil\u00e1n (a unos 15 kil\u00f3metros) para visitar a un campe\u00f3n del mundo: [&hellip;]<\/p>\n","protected":false},"author":1,"featured_media":206418,"comment_status":"closed","ping_status":"closed","sticky":false,"template":"","format":"standard","meta":[],"categories":[21],"tags":[],"_links":{"self":[{"href":"http:\/\/cordobadirecto.com\/index.php\/wp-json\/wp\/v2\/posts\/206417"}],"collection":[{"href":"http:\/\/cordobadirecto.com\/index.php\/wp-json\/wp\/v2\/posts"}],"about":[{"href":"http:\/\/cordobadirecto.com\/index.php\/wp-json\/wp\/v2\/types\/post"}],"author":[{"embeddable":true,"href":"http:\/\/cordobadirecto.com\/index.php\/wp-json\/wp\/v2\/users\/1"}],"replies":[{"embeddable":true,"href":"http:\/\/cordobadirecto.com\/index.php\/wp-json\/wp\/v2\/comments?post=206417"}],"version-history":[{"count":0,"href":"http:\/\/cordobadirecto.com\/index.php\/wp-json\/wp\/v2\/posts\/206417\/revisions"}],"wp:featuredmedia":[{"embeddable":true,"href":"http:\/\/cordobadirecto.com\/index.php\/wp-json\/wp\/v2\/media\/206418"}],"wp:attachment":[{"href":"http:\/\/cordobadirecto.com\/index.php\/wp-json\/wp\/v2\/media?parent=206417"}],"wp:term":[{"taxonomy":"category","embeddable":true,"href":"http:\/\/cordobadirecto.com\/index.php\/wp-json\/wp\/v2\/categories?post=206417"},{"taxonomy":"post_tag","embeddable":true,"href":"http:\/\/cordobadirecto.com\/index.php\/wp-json\/wp\/v2\/tags?post=206417"}],"curies":[{"name":"wp","href":"https:\/\/api.w.org\/{rel}","templated":true}]}}