{"id":206419,"date":"2026-09-02T13:49:27","date_gmt":"2026-09-02T13:49:27","guid":{"rendered":"https:\/\/www.ole.com.ar\/autos\/cambio-pilotos-alpine-practica-aaron-colapinto-monza_0_P5sIHkRtOy.html"},"modified":"2026-09-02T13:49:27","modified_gmt":"2026-09-02T13:49:27","slug":"atento-colapinto-alpine-y-el-cambio-de-pilotos-que-informo-para-el-gp-de-monza","status":"publish","type":"post","link":"http:\/\/cordobadirecto.com\/index.php\/2026\/09\/02\/atento-colapinto-alpine-y-el-cambio-de-pilotos-que-informo-para-el-gp-de-monza\/","title":{"rendered":"Atento, Colapinto: Alpine y el cambio de pilotos que inform\u00f3 para el GP de Monza"},"content":{"rendered":"<div id=\"element-body-0\" class=\"sc-df222161-0 hNvwjb\" readability=\"32.61744966443\">\n<p><strong><a href=\"https:\/\/www.ole.com.ar\/tema\/alpine.html\" title=\"Alpine\" alt=\"Alpine\" class=\"slug\">Alpine<\/a><\/strong> tendr\u00e1 una cara diferente en su auto durante el arranque del Gran Premio de Italia. <strong><a href=\"https:\/\/www.ole.com.ar\/tema\/pierre-gasly.html\" title=\"Pierre Gasly\" alt=\"Pierre Gasly\" class=\"slug\">Pierre Gasly<\/a> no saldr\u00e1 a pista<\/strong> en la FP1 de Monza: <strong>su A526 ser\u00e1 conducido por Paul Aron<\/strong>, el piloto reserva de la escuder\u00eda, <strong>como parte del programa de la <a href=\"https:\/\/www.ole.com.ar\/tema\/formula-1.html\" title=\"F\u00f3rmula 1\" alt=\"F\u00f3rmula 1\" class=\"slug\">F\u00f3rmula 1<\/a> para darle experiencia a los j\u00f3venes<\/strong>.<\/p>\n<\/div>\n<div id=\"element-body-1\" class=\"sc-df222161-0 hNvwjb\" readability=\"32.777777777778\">\n<p>No ser\u00e1 una situaci\u00f3n nueva para Alpine. <strong>Aron ya se subi\u00f3 al auto de <a href=\"https:\/\/www.ole.com.ar\/tema\/franco-colapinto.html\" title=\"Franco Colapinto\" alt=\"Franco Colapinto\" class=\"slug\">Franco Colapinto<\/a> en la primera pr\u00e1ctica del GP de Hungr\u00eda<\/strong>, por lo que ahora <strong>tendr\u00e1 la oportunidad de manejar el monoplaza de Gasly<\/strong> y sumar otra experiencia en un circuito de F1.<\/p>\n<\/div>\n<div class=\"sc-c0843421-0 iNysjD image-embed\" id=\"element-body-2\"><img alt=\"En Monza se rompe la dupla al inicio del viernes.\" loading=\"lazy\" width=\"720\" height=\"100\" decoding=\"async\" data-nimg=\"1\" src=\"http:\/\/cordobadirecto.com\/wp-content\/uploads\/2026\/09\/atento-colapinto-alpine-y-el-cambio-de-pilotos-que-informo-para-el-gp-de-monza.jpg\"><span class=\"epigraphe\">En Monza se rompe la dupla al inicio del viernes.<\/span><\/div>\n<div id=\"element-body-3\" class=\"sc-df222161-0 hNvwjb\" readability=\"38\">\n<p>La medida tambi\u00e9n forma parte de una obligaci\u00f3n reglamentaria: durante la temporada, <strong>cada piloto titular debe ceder su auto en dos sesiones de entrenamientos libres<\/strong> a un piloto joven que cumpla con los requisitos establecidos por la categor\u00eda. En Alpine, tanto <strong>Gasly como Colapinto ya cumplieron una de esas dos sesiones<\/strong>, por lo que <strong>todav\u00eda deber\u00e1n hacerlo una vez m\u00e1s cada uno antes de que termine el campeonato<\/strong>.<\/p>\n<\/div>\n<p><h2><strong>Aron<\/strong>, tambi\u00e9n con trabajo para <strong>Colapinto<\/strong><\/h2>\n<\/p>\n<div id=\"element-body-5\" class=\"sc-df222161-0 hNvwjb\" readability=\"35\">\n<p>La presencia del estonio tendr\u00e1 adem\u00e1s un objetivo importante para Alpine. <strong>Aron ya prob\u00f3 en el simulador el nuevo paquete de mejoras<\/strong> que el equipo estren\u00f3 con Gasly en Zandvoort, el mismo que <strong>Colapinto utilizar\u00e1 este fin de semana en Monza<\/strong>.<\/p>\n<\/div>\n<div id=\"element-body-6\" class=\"sc-df222161-0 hNvwjb\" readability=\"35\">\n<p>\u201cEstoy <strong>deseando volver a conducir<\/strong> en los entrenamientos libres 1 con el equipo este fin de semana. Estoy <strong>agradecido al equipo por darme la oportunidad<\/strong> de volver al volante tan pronto\u201d, cont\u00f3 Aron.<\/p>\n<\/div>\n<div id=\"element-body-7\" class=\"sc-df222161-0 hNvwjb\" readability=\"35\">\n<p>Y agreg\u00f3: \u201c <strong>Espero poder aprovechar esta oportunidad<\/strong>, especialmente <strong>ayudando al equipo a comparar nuestro \u00faltimo paquete de mejoras<\/strong>, que <strong>ya lo he probado en el simulador<\/strong>\u201d.<\/p>\n<\/div>\n<div id=\"element-body-8\" class=\"sc-df222161-0 hNvwjb\" readability=\"34\">\n<p>Su trabajo no terminar\u00e1 cuando finalice la FP1. El viernes por la noche <strong>regresar\u00e1 al simulador de Alpine en Enstone<\/strong> para <strong>seguir colaborando con los ingenieros<\/strong> y <strong>ayudar a definir la puesta a punto del auto<\/strong> antes de volver al circuito el s\u00e1bado.<\/p>\n<\/div>\n<div class=\"sc-c0843421-0 iNysjD image-embed\" id=\"element-body-9\"><img alt=\"Paul Aaron manejar\u00e1 el Alpine #10.\" loading=\"lazy\" width=\"720\" height=\"100\" decoding=\"async\" data-nimg=\"1\" src=\"http:\/\/cordobadirecto.com\/wp-content\/uploads\/2026\/09\/atento-colapinto-alpine-y-el-cambio-de-pilotos-que-informo-para-el-gp-de-monza-1.jpg\"><span class=\"epigraphe\">Paul Aaron manejar\u00e1 el Alpine #10.<\/span><\/div>\n<div id=\"element-body-10\" class=\"sc-df222161-0 hNvwjb\" readability=\"35\">\n<p>\u201cSer\u00e1 un <strong>fin de semana intenso<\/strong> para m\u00ed. Estar\u00e9 <strong>en el simulador en Enstone<\/strong> el viernes por la noche para <strong>ayudar al equipo a afinar la configuraci\u00f3n<\/strong> antes de volver a la pista el s\u00e1bado\u201d, explic\u00f3.<\/p>\n<\/div>\n<div id=\"element-body-11\" class=\"sc-df222161-0 hNvwjb\" readability=\"35\">\n<p>As\u00ed, <strong>Gasly volver\u00e1 a manejar desde la FP2<\/strong>, mientras que <strong>Colapinto tendr\u00e1 su Alpine disponible durante toda la actividad restante<\/strong>.<\/p>\n<\/div>\n<div id=\"element-body-12\" class=\"sc-df222161-0 hNvwjb\" readability=\"37\">\n<p>Para el argentino ser\u00e1 un fin de semana especial: <strong>por primera vez tendr\u00e1 directamente a su disposici\u00f3n el mismo paquete aerodin\u00e1mico<\/strong> que <strong>permiti\u00f3 a Gasly volver a meterse en la pelea por los puntos<\/strong> en Zandvoort. <strong>Alpine espera que ese paso adelante se pueda repetir en Monza<\/strong> y, esta vez, <strong>con sus dos autos peleando por entrar en el top 10<\/strong>.<\/p>\n<\/div>\n<p><h2>D\u00edas y horarios del GP de Monza<\/h2>\n<\/p>\n<div id=\"element-body-14\" class=\"sc-df222161-0 hNvwjb\" readability=\"38\">\n<p>El GP de Italia se disputar\u00e1 del 4 al 6 de septiembre y tendr\u00e1 el formato tradicional de F1, sin carrera Sprint. La actividad comenzar\u00e1 con las dos pr\u00e1cticas del viernes, continuar\u00e1 el s\u00e1bado con el tercer entrenamiento y la clasificaci\u00f3n, y finalizar\u00e1 el domingo con la carrera principal. <strong>Toda la acci\u00f3n se podr\u00e1 ver en vivo a trav\u00e9s de Disney+ Premium y Fox Sports<\/strong>.<\/p>\n<\/div>\n<p><h3>Viernes 4 de septiembre<\/h3>\n<\/p>\n<div id=\"element-body-16\" class=\"sc-df222161-0 hNvwjb\">\n<ul>\n<li>Pr\u00e1ctica libre 1: 7.30<\/li>\n<li>Pr\u00e1ctica libre 2: 11<\/li>\n<\/ul>\n<\/div>\n<p><h3>S\u00e1bado 5 de septiembre<\/h3>\n<\/p>\n<div id=\"element-body-18\" class=\"sc-df222161-0 hNvwjb\">\n<ul>\n<li>Pr\u00e1ctica libre 3: 7.30<\/li>\n<li>Clasificaci\u00f3n: 11<\/li>\n<\/ul>\n<\/div>\n<p><h3>Domingo 6 de septiembre<\/h3>\n<\/p>\n<div id=\"element-body-20\" class=\"sc-df222161-0 hNvwjb\">\n<ul>\n<li>Carrera: 10<\/li>\n<\/ul>\n<\/div>\n<div id=\"element-body-21\" class=\"sc-a7166897-0 eTTZWU\" readability=\"31.5\">\n<section readability=\"3\"><picture><img alt=\"C\u00f3mo ser\u00e1n las mejoras del Alpine de Colapinto en este GP de Monza para ir por los puntos\" loading=\"lazy\" width=\"290\" height=\"290\" decoding=\"async\" data-nimg=\"1\" src=\"http:\/\/cordobadirecto.com\/wp-content\/uploads\/2026\/09\/atento-colapinto-alpine-y-el-cambio-de-pilotos-que-informo-para-el-gp-de-monza-2.jpg\"><\/picture>\n<p><span>Mir\u00e1 tambi\u00e9n<\/span><\/p>\n<hr>\n<h3>C\u00f3mo ser\u00e1n las mejoras del Alpine de Colapinto en este GP de Monza para ir por los puntos<\/h3>\n<\/p>\n<\/section>\n<\/div>\n<div id=\"element-body-22\" class=\"sc-a7166897-0 eTTZWU\" readability=\"31.5\">\n<section readability=\"3\"><picture><img alt=\"El presidente de la FIA aviv\u00f3 la ilusi\u00f3n por la vuelta de la F\u00f3rmula 1: &quot;Argentina lo merece y lo sabemos&quot;\" loading=\"lazy\" width=\"290\" height=\"290\" decoding=\"async\" data-nimg=\"1\" src=\"http:\/\/cordobadirecto.com\/wp-content\/uploads\/2026\/09\/atento-colapinto-alpine-y-el-cambio-de-pilotos-que-informo-para-el-gp-de-monza-3.jpg\"><\/picture>\n<p><span>Mir\u00e1 tambi\u00e9n<\/span><\/p>\n<hr>\n<h3>El presidente de la FIA aviv\u00f3 la ilusi\u00f3n por la vuelta de la F\u00f3rmula 1: &#8220;Argentina lo merece y lo sabemos&#8221;<\/h3>\n<\/p>\n<\/section>\n<\/div>\n<div id=\"element-body-23\" class=\"sc-a7166897-0 eTTZWU\" readability=\"31\">\n<section readability=\"2\"><picture><img alt=\"Se termin\u00f3 la espera: vuelve el automovilismo nacional a Balcarce\" loading=\"lazy\" width=\"290\" height=\"290\" decoding=\"async\" data-nimg=\"1\" src=\"http:\/\/cordobadirecto.com\/wp-content\/uploads\/2026\/09\/atento-colapinto-alpine-y-el-cambio-de-pilotos-que-informo-para-el-gp-de-monza-4.jpg\"><\/picture>\n<p><span>Mir\u00e1 tambi\u00e9n<\/span><\/p>\n<hr>\n<h3>Se termin\u00f3 la espera: vuelve el automovilismo nacional a Balcarce<\/h3>\n<\/p>\n<\/section>\n<\/div>\n","protected":false},"excerpt":{"rendered":"<p>Alpine tendr\u00e1 una cara diferente en su auto durante el arranque del Gran Premio de Italia. Pierre Gasly no saldr\u00e1 a pista en la FP1 de Monza: su A526 ser\u00e1 conducido por Paul Aron, el piloto reserva de la escuder\u00eda, como parte del programa de la F\u00f3rmula 1 para darle experiencia a los j\u00f3venes. No [&hellip;]<\/p>\n","protected":false},"author":1,"featured_media":206420,"comment_status":"closed","ping_status":"closed","sticky":false,"template":"","format":"standard","meta":[],"categories":[21],"tags":[],"_links":{"self":[{"href":"http:\/\/cordobadirecto.com\/index.php\/wp-json\/wp\/v2\/posts\/206419"}],"collection":[{"href":"http:\/\/cordobadirecto.com\/index.php\/wp-json\/wp\/v2\/posts"}],"about":[{"href":"http:\/\/cordobadirecto.com\/index.php\/wp-json\/wp\/v2\/types\/post"}],"author":[{"embeddable":true,"href":"http:\/\/cordobadirecto.com\/index.php\/wp-json\/wp\/v2\/users\/1"}],"replies":[{"embeddable":true,"href":"http:\/\/cordobadirecto.com\/index.php\/wp-json\/wp\/v2\/comments?post=206419"}],"version-history":[{"count":0,"href":"http:\/\/cordobadirecto.com\/index.php\/wp-json\/wp\/v2\/posts\/206419\/revisions"}],"wp:featuredmedia":[{"embeddable":true,"href":"http:\/\/cordobadirecto.com\/index.php\/wp-json\/wp\/v2\/media\/206420"}],"wp:attachment":[{"href":"http:\/\/cordobadirecto.com\/index.php\/wp-json\/wp\/v2\/media?parent=206419"}],"wp:term":[{"taxonomy":"category","embeddable":true,"href":"http:\/\/cordobadirecto.com\/index.php\/wp-json\/wp\/v2\/categories?post=206419"},{"taxonomy":"post_tag","embeddable":true,"href":"http:\/\/cordobadirecto.com\/index.php\/wp-json\/wp\/v2\/tags?post=206419"}],"curies":[{"name":"wp","href":"https:\/\/api.w.org\/{rel}","templated":true}]}}