{"id":206421,"date":"2026-09-02T19:02:54","date_gmt":"2026-09-02T19:02:54","guid":{"rendered":"https:\/\/www.ole.com.ar\/futbol-ascenso\/nicolasreniero-ferro-primeranacional-sanlorenzo-racing-europa-juanmanuelsara-ascenso_0_bGJ0ZC1xXD.html"},"modified":"2026-09-02T19:02:54","modified_gmt":"2026-09-02T19:02:54","slug":"de-europa-al-ascenso-el-delantero-de-renombre-que-refuerza-a-ferro","status":"publish","type":"post","link":"http:\/\/cordobadirecto.com\/index.php\/2026\/09\/02\/de-europa-al-ascenso-el-delantero-de-renombre-que-refuerza-a-ferro\/","title":{"rendered":"De Europa al Ascenso: el delantero de renombre que refuerza a Ferro"},"content":{"rendered":"<div id=\"element-body-0\" class=\"sc-df222161-0 hNvwjb\" readability=\"38.653024911032\">\n<p><strong>&#8220;Vamos a volver&#8221;<\/strong>, es el hit que baja desde las tribunas Verdolagas despu\u00e9s de los partidos. Una costumbre que se adopt\u00f3 desde que el equipo se destap\u00f3 y volvi\u00f3 a encender la ilusi\u00f3n en Caballito. <strong><a href=\"https:\/\/www.ole.com.ar\/tema\/ferro.html\" title=\"Ferro\" alt=\"Ferro\" class=\"slug\">Ferro<\/a> nunca hab\u00eda estado tan cerca del ascenso<\/strong> como en esta Primera Nacional. <strong>La brecha entre Oeste y Mor\u00f3n, que lleg\u00f3 a ser de siete puntos, se acort\u00f3 a cuatro.<\/strong> Y para no peligrar esa tan esperada vuelta a Primera, <strong>el conjunto de Juan Manuel Sara incorpor\u00f3 a un delantero con chapa: Nicol\u00e1s Reniero.<\/strong> El cupo se abri\u00f3 por la ida de Gabriel Ayala a Qatar.<\/p>\n<\/div>\n<div class=\"sc-c0843421-0 iNysjD image-embed\" id=\"element-body-1\"><img alt=\"Reniero en la Academia, uno de sus tantos clubes.\" loading=\"lazy\" width=\"720\" height=\"100\" decoding=\"async\" data-nimg=\"1\" src=\"http:\/\/cordobadirecto.com\/wp-content\/uploads\/2026\/09\/de-europa-al-ascenso-el-delantero-de-renombre-que-refuerza-a-ferro.jpg\"><span class=\"epigraphe\">Reniero en la Academia, uno de sus tantos clubes.<\/span><\/div>\n<div id=\"element-body-2\" class=\"sc-df222161-0 hNvwjb\" readability=\"40\">\n<p>La dupla de ataque sale de memoria ya. <strong>Manolo Dening y Lautaro Parisi<\/strong> son dos inamovibles en el equipo. Pero claro, con <strong>la inminente partida de Mateo Benegas<\/strong>, cedido, al f\u00fatbol \u00e1rabe, ese hueco en el banco quedar\u00e1 vacante. Pero <strong>la llegada del Pr\u00edncipe<\/strong> no solo funcionar\u00eda como un parche, sino que significar\u00eda <strong>subir un escal\u00f3n en cuanto a la jerarqu\u00eda<\/strong> teniendo en cuenta que el nueve tiene <strong>experiencia en la m\u00e1xima categor\u00eda del f\u00fatbol argentino y en Europa<\/strong>.<\/p>\n<\/div>\n<p><h2>Una salida ca\u00f3tica<\/h2>\n<\/p>\n<div id=\"element-body-4\" class=\"sc-df222161-0 hNvwjb\" readability=\"40\">\n<p>El delantero de 31 a\u00f1os llega con un presente turbulento. <strong>Su \u00faltimo paso antes de regresar a la Argentina fue por Lugo, de la tercera divisi\u00f3n de Espa\u00f1a.<\/strong> Tras 45 presentaciones, en las que aport\u00f3 11 goles y cuatro asistencias, <strong>el nueve ten\u00eda el deseo de regresar al pa\u00eds y se plant\u00f3.<\/strong> Seg\u00fan el club, <strong>el jugador decidi\u00f3 no viajar a Salamanca para disputar una fecha del torneo &#8220;de manera unilateral&#8221;<\/strong> por lo que <strong>su contrato fue rescindido &#8220;con car\u00e1cter inmediato&#8221;<\/strong>. As\u00ed las cosas, el punta se mudar\u00e1 del norte espa\u00f1ol a Caballito.<\/p>\n<\/div>\n<div class=\"sc-c0843421-0 iNysjD image-embed\" id=\"element-body-5\"><img alt=\"Nicol\u00e1s Reniero en el Lugo.\" loading=\"lazy\" width=\"720\" height=\"100\" decoding=\"async\" data-nimg=\"1\" src=\"http:\/\/cordobadirecto.com\/wp-content\/uploads\/2026\/09\/de-europa-al-ascenso-el-delantero-de-renombre-que-refuerza-a-ferro-1.jpg\"><span class=\"epigraphe\">Nicol\u00e1s Reniero en el Lugo.<\/span><\/div>\n<p><h2>Una carrera de \u00e9lite<\/h2>\n<\/p>\n<div id=\"element-body-7\" class=\"sc-df222161-0 hNvwjb\" readability=\"34.828850855746\">\n<p><strong>Reniero surgi\u00f3 de <a href=\"https:\/\/www.ole.com.ar\/tema\/san-lorenzo.html\" title=\"San Lorenzo\" alt=\"San Lorenzo\" class=\"slug\">San Lorenzo<\/a><\/strong>. Sin minutos ni lugar en el Cicl\u00f3n, el nueve <strong>fue a probar suerte al <a href=\"https:\/\/www.ole.com.ar\/tema\/ascenso.html\" title=\"Ascenso\" alt=\"Ascenso\" class=\"slug\">Ascenso<\/a><\/strong>. Y vaya si fue una <strong>decisi\u00f3n acertada<\/strong>. Jug\u00f3 39 encuentros en el Tricolor y grit\u00f3 15 goles. Eso le vali\u00f3 la <strong>reconsideraci\u00f3n de Diego Aguirre<\/strong> y la <strong>estad\u00eda hasta 2020 en el Cuervo<\/strong>. 71 matchs y 12 goles all\u00ed. En la temporada prepandemia <strong>peg\u00f3 el salto a otro grande: <a href=\"https:\/\/www.ole.com.ar\/tema\/racing.html\" title=\"Racing\" alt=\"Racing\" class=\"slug\">Racing<\/a><\/strong>, y se mantuvo hasta 2023.<\/p>\n<\/div>\n<div id=\"element-body-8\" class=\"sc-df222161-0 hNvwjb\" readability=\"34.757575757576\">\n<p>Luego <strong>emigr\u00f3 a <a href=\"https:\/\/www.ole.com.ar\/tema\/argentinos-juniors.html\" title=\"Argentinos Juniors\" alt=\"Argentinos Juniors\" class=\"slug\">Argentinos Juniors<\/a><\/strong> y, antes de desembarcar en Espa\u00f1a, tuvo un ef\u00edmero ciclo por Tigre. Con experiencia en Sudamericana y Libertadores, el Pr\u00edncipe buscar\u00e1 aportar su granito de arena para <strong>quedar en los libros de historia de Ferro<\/strong> como uno de los h\u00e9roes de la vuelta a Primera.<\/p>\n<\/div>\n<div id=\"element-body-9\" class=\"sc-a7166897-0 eTTZWU\" readability=\"31\">\n<section readability=\"2\"><picture><img alt=\"Gimnasia de Jujuy dej\u00f3 escapar la punta: Agropecuario rescat\u00f3 un empate ag\u00f3nico\" loading=\"lazy\" width=\"290\" height=\"290\" decoding=\"async\" data-nimg=\"1\" src=\"http:\/\/cordobadirecto.com\/wp-content\/uploads\/2026\/09\/de-europa-al-ascenso-el-delantero-de-renombre-que-refuerza-a-ferro-2.jpg\"><\/picture>\n<p><span>Mir\u00e1 tambi\u00e9n<\/span><\/p>\n<hr>\n<h3>Gimnasia de Jujuy dej\u00f3 escapar la punta: Agropecuario rescat\u00f3 un empate ag\u00f3nico<\/h3>\n<\/p>\n<\/section>\n<\/div>\n<div id=\"element-body-10\" class=\"sc-a7166897-0 eTTZWU\" readability=\"32\">\n<section readability=\"4\"><picture><img alt=\"Los Andes fue superior, perdi\u00f3 chances clar\u00edsimas y no pudo pasar del cero frente a Acassuso\" loading=\"lazy\" width=\"290\" height=\"290\" decoding=\"async\" data-nimg=\"1\" src=\"http:\/\/cordobadirecto.com\/wp-content\/uploads\/2026\/09\/de-europa-al-ascenso-el-delantero-de-renombre-que-refuerza-a-ferro-3.jpg\"><\/picture>\n<p><span>Mir\u00e1 tambi\u00e9n<\/span><\/p>\n<hr>\n<h3>Los Andes fue superior, perdi\u00f3 chances clar\u00edsimas y no pudo pasar del cero frente a Acassuso<\/h3>\n<\/p>\n<\/section>\n<\/div>\n<div id=\"element-body-11\" class=\"sc-a7166897-0 eTTZWU\" readability=\"31.5\">\n<section readability=\"3\"><picture><img alt=\"Comunicaciones venci\u00f3 a Merlo y se afianza en el Reducido: el Cartero sue\u00f1a con el ascenso\" loading=\"lazy\" width=\"290\" height=\"290\" decoding=\"async\" data-nimg=\"1\" src=\"http:\/\/cordobadirecto.com\/wp-content\/uploads\/2026\/09\/de-europa-al-ascenso-el-delantero-de-renombre-que-refuerza-a-ferro-4.jpg\"><\/picture>\n<p><span>Mir\u00e1 tambi\u00e9n<\/span><\/p>\n<hr>\n<h3>Comunicaciones venci\u00f3 a Merlo y se afianza en el Reducido: el Cartero sue\u00f1a con el ascenso<\/h3>\n<\/p>\n<\/section>\n<\/div>\n","protected":false},"excerpt":{"rendered":"<p>&#8220;Vamos a volver&#8221;, es el hit que baja desde las tribunas Verdolagas despu\u00e9s de los partidos. Una costumbre que se adopt\u00f3 desde que el equipo se destap\u00f3 y volvi\u00f3 a encender la ilusi\u00f3n en Caballito. Ferro nunca hab\u00eda estado tan cerca del ascenso como en esta Primera Nacional. La brecha entre Oeste y Mor\u00f3n, que [&hellip;]<\/p>\n","protected":false},"author":1,"featured_media":206422,"comment_status":"closed","ping_status":"closed","sticky":false,"template":"","format":"standard","meta":[],"categories":[21],"tags":[],"_links":{"self":[{"href":"http:\/\/cordobadirecto.com\/index.php\/wp-json\/wp\/v2\/posts\/206421"}],"collection":[{"href":"http:\/\/cordobadirecto.com\/index.php\/wp-json\/wp\/v2\/posts"}],"about":[{"href":"http:\/\/cordobadirecto.com\/index.php\/wp-json\/wp\/v2\/types\/post"}],"author":[{"embeddable":true,"href":"http:\/\/cordobadirecto.com\/index.php\/wp-json\/wp\/v2\/users\/1"}],"replies":[{"embeddable":true,"href":"http:\/\/cordobadirecto.com\/index.php\/wp-json\/wp\/v2\/comments?post=206421"}],"version-history":[{"count":0,"href":"http:\/\/cordobadirecto.com\/index.php\/wp-json\/wp\/v2\/posts\/206421\/revisions"}],"wp:featuredmedia":[{"embeddable":true,"href":"http:\/\/cordobadirecto.com\/index.php\/wp-json\/wp\/v2\/media\/206422"}],"wp:attachment":[{"href":"http:\/\/cordobadirecto.com\/index.php\/wp-json\/wp\/v2\/media?parent=206421"}],"wp:term":[{"taxonomy":"category","embeddable":true,"href":"http:\/\/cordobadirecto.com\/index.php\/wp-json\/wp\/v2\/categories?post=206421"},{"taxonomy":"post_tag","embeddable":true,"href":"http:\/\/cordobadirecto.com\/index.php\/wp-json\/wp\/v2\/tags?post=206421"}],"curies":[{"name":"wp","href":"https:\/\/api.w.org\/{rel}","templated":true}]}}