{"id":206423,"date":"2026-09-02T17:11:41","date_gmt":"2026-09-02T17:11:41","guid":{"rendered":"https:\/\/www.redeszone.net\/noticias\/power\/error-evitar-cometer-subida-repentina-temperatura\/"},"modified":"2026-09-02T17:11:41","modified_gmt":"2026-09-02T17:11:41","slug":"el-error-que-no-debes-cometer-con-la-repentina-subida-de-temperaturas-de-esta-semana-o-gastaras-mucha-luz","status":"publish","type":"post","link":"http:\/\/cordobadirecto.com\/index.php\/2026\/09\/02\/el-error-que-no-debes-cometer-con-la-repentina-subida-de-temperaturas-de-esta-semana-o-gastaras-mucha-luz\/","title":{"rendered":"El error que no debes cometer con la repentina subida de temperaturas de esta semana o gastar\u00e1s mucha luz"},"content":{"rendered":"<div><img src=\"http:\/\/cordobadirecto.com\/wp-content\/uploads\/2026\/09\/el-error-que-no-debes-cometer-con-la-repentina-subida-de-temperaturas-de-esta-semana-o-gastaras-mucha-luz.jpg\" class=\"ff-og-image-inserted\"><\/div>\n<div data-v-ade4ee39 readability=\"41\">\n<p>Gran parte de Espa\u00f1a ha vivido d\u00edas de temperaturas suaves para la \u00e9poca del a\u00f1o en la que estamos, con temperaturas m\u00e1ximas que incluso no han pasado de los 30 grados en zonas en las que, de normal, se acerca a los 40. Sin embargo, todo va a cambiar en cuesti\u00f3n de horas. Entre el jueves y el viernes van a subir considerablemente las temperaturas en buena parte del pa\u00eds, con m\u00e1ximas de incluso 43 grados en algunas zonas de Extremadura y Andaluc\u00eda. Es importante que no cometas errores, ya que eso puede dar lugar a un consumo excesivo.<\/p>\n<\/div>\n<div data-v-ade4ee39 readability=\"58.889430477168\"><span data-v-ade4ee39 readability=\"21\"><\/p>\n<h2>Ventilar cuando no toca, el gran error<\/h2>\n<p>El error principal es <strong>ventilar la casa cuando no toca<\/strong>. Lo normal es que tu vivienda est\u00e9 ahora a una temperatura agradable, despu\u00e9s de varios d\u00edas con m\u00ednimas bajas para la \u00e9poca y sin que las m\u00e1ximas suban en exceso. Si has ventilado la casa por la ma\u00f1ana temprano, esto habr\u00e1 sido de gran ayuda.<\/p>\n<p>Ahora, la cosa cambia con esta <strong>subida repentina de las temperaturas<\/strong>. Durante el d\u00eda, tener las ventanas abiertas puede suponer que se caliente la casa r\u00e1pidamente, por lo que vas a tener que utilizar m\u00e1s el aire acondicionado, ya sea durante m\u00e1s tiempo o a mayor potencia.<\/p>\n<p>Incluso por las ma\u00f1anas, cuando hasta ahora has podido ventilar la casa a temperaturas por debajo de los 20 grados, podr\u00eda no bajar de los 25 en muchos puntos. Esto har\u00e1 que no refresque tanto el ambiente o que incluso pueda aumentar la temperatura.<\/p>\n<p><\/span><span data-v-ade4ee39 readability=\"17.354838709677\"><\/p>\n<p>Por tanto, debes ventilar la casa en el momento adecuado, en los momentos del d\u00eda en los que la temperatura es m\u00e1s baja. Evita hacerlo en las horas centrales, cuando d\u00e9 la luz solar directa a tu ventana o incluso por la noche si la temperatura es muy elevada. Revisa bien la temperatura interior y exterior, algo que te ayudar\u00e1 a gestionar la ventilaci\u00f3n lo mejor posible.<\/p>\n<p>Puedes ver el mensaje de la <strong>AEMET<\/strong> en su cuenta oficial de X (AEMET_Esp) sobre la subida de la temperatura:<\/p>\n<blockquote class=\"gaz-tweet\" onclick=\"window.open('https:\/\/x.com\/AEMET_Esp\/status\/2093807188837904854', '_blank').focus()\">\n<div class=\"gaz-tweet__card\" readability=\"6.5\">\n<div class=\"gaz-tweet__body\" readability=\"37\">\n<div class=\"gaz-tweet__text\" readability=\"38\"> \ud83c\udf21\ufe0f Tras unos d\u00edas frescos para la \u00e9poca en muchas zonas de Espa\u00f1a, septiembre llega con calor de pleno verano.<\/p>\n<p>\u27a1\ufe0f Las masas de aire sobre nuestro entorno podr\u00e1n alcanzar temperaturas m\u00e1s de 10 \u00b0C superiores a lo normal, especialmente a partir de mediados de la pr\u00f3xima semana. https:\/\/t.co\/zeUn9mDirZ <\/p>\n<\/div>\n<p> 29 de agosto, 2026 \u2022 23:05 <\/p>\n<\/div><\/div>\n<\/blockquote>\n<h2>Controla la temperatura<\/h2>\n<p>M\u00e1s all\u00e1 de elegir el <a href=\"https:\/\/www.redeszone.net\/noticias\/power\/mejor-momento-ventilar-casa-verano\/\">momento en el que debes ventilar la casa<\/a>, es fundamental que <strong>controles la temperatura<\/strong>. No pongas el aire acondicionado a una temperatura demasiado baja, simplemente por este aumento de la temperatura durante estos pr\u00f3ximos d\u00edas.<\/p>\n<p><\/span><span data-v-ade4ee39 readability=\"20\"><\/p>\n<p>Lo ideal es que mantengas el aire acondicionado a unos <strong>24 o 25 grados<\/strong>. Por la noche, incluso puedes subirlo a 26. No necesitas tenerlo a 20 grados, ya que incluso podr\u00eda suponer un problema para tu salud, adem\u00e1s de que va a consumir bastante m\u00e1s electricidad.<\/p>\n<p>Estos d\u00edas no solo debes controlar la temperatura de dentro, sino observar la de fuera para encontrar el momento exacto en el que debes ventilar la casa y que no haya un intercambio de aire caliente de fuera. Cuanto menos trabaje el compresor del aire acondicionado, menor ser\u00e1 el consumo el\u00e9ctrico y menos tendr\u00e1s que pagar en la factura a final de mes.<\/p>\n<p>En definitiva, no cometas estos d\u00edas el error de ventilar la casa cuando no toca. Algo tan simple como eso, podr\u00eda dar lugar a que consumas bastante m\u00e1s electricidad al usar el aire acondicionado para refrescar la estancia.<\/p>\n<section class=\"post-faq\" data-mrf-recirculation=\"article-faq-module\" readability=\"34\">\n<h2 class=\"post-faq__title\"> Preguntas frecuentes sobre la subida de temperaturas y el ahorro energ\u00e9tico <\/h2>\n<details class=\"post-faq__item\" readability=\"30\">\n<summary class=\"post-faq__question\"> <span class=\"post-faq__question-text\">\u00bfCu\u00e1l es el principal error que se debe evitar esta semana con la subida de temperaturas?<\/span> <\/summary>\n<p> El error principal es ventilar la casa cuando no toca. Hacerlo en el momento equivocado provoca que la vivienda se caliente r\u00e1pidamente y que despu\u00e9s haya que usar m\u00e1s el aire acondicionado, ya sea durante m\u00e1s tiempo o a mayor potencia. <\/p>\n<\/details>\n<details class=\"post-faq__item\" readability=\"31\">\n<summary class=\"post-faq__question\"> <span class=\"post-faq__question-text\">\u00bfCu\u00e1ndo es mejor evitar ventilar la casa durante estos d\u00edas de calor?<\/span> <\/summary>\n<p> Hay que evitar ventilar en las horas centrales del d\u00eda, cuando la luz solar da directamente a la ventana, e incluso por la noche si la temperatura sigue siendo muy elevada. Lo recomendable es aprovechar los momentos en los que la temperatura exterior es m\u00e1s baja. <\/p>\n<\/details>\n<details class=\"post-faq__item\" readability=\"32\">\n<summary class=\"post-faq__question\"> <span class=\"post-faq__question-text\">\u00bfA qu\u00e9 temperatura conviene poner el aire acondicionado estos d\u00edas?<\/span> <\/summary>\n<p> Lo ideal es mantener el aire acondicionado entre 24 y 25 grados, subi\u00e9ndolo incluso a 26 por la noche. No es necesario bajarlo a 20 grados, ya que adem\u00e1s de suponer un consumo el\u00e9ctrico mucho mayor, puede ser perjudicial para la salud. <\/p>\n<\/details>\n<\/section>\n<p> <\/span><!----><!----><\/div>\n","protected":false},"excerpt":{"rendered":"<p>Gran parte de Espa\u00f1a ha vivido d\u00edas de temperaturas suaves para la \u00e9poca del a\u00f1o en la que estamos, con temperaturas m\u00e1ximas que incluso no han pasado de los 30 grados en zonas en las que, de normal, se acerca a los 40. Sin embargo, todo va a cambiar en cuesti\u00f3n de horas. Entre el [&hellip;]<\/p>\n","protected":false},"author":1,"featured_media":206424,"comment_status":"closed","ping_status":"closed","sticky":false,"template":"","format":"standard","meta":[],"categories":[42],"tags":[],"_links":{"self":[{"href":"http:\/\/cordobadirecto.com\/index.php\/wp-json\/wp\/v2\/posts\/206423"}],"collection":[{"href":"http:\/\/cordobadirecto.com\/index.php\/wp-json\/wp\/v2\/posts"}],"about":[{"href":"http:\/\/cordobadirecto.com\/index.php\/wp-json\/wp\/v2\/types\/post"}],"author":[{"embeddable":true,"href":"http:\/\/cordobadirecto.com\/index.php\/wp-json\/wp\/v2\/users\/1"}],"replies":[{"embeddable":true,"href":"http:\/\/cordobadirecto.com\/index.php\/wp-json\/wp\/v2\/comments?post=206423"}],"version-history":[{"count":0,"href":"http:\/\/cordobadirecto.com\/index.php\/wp-json\/wp\/v2\/posts\/206423\/revisions"}],"wp:featuredmedia":[{"embeddable":true,"href":"http:\/\/cordobadirecto.com\/index.php\/wp-json\/wp\/v2\/media\/206424"}],"wp:attachment":[{"href":"http:\/\/cordobadirecto.com\/index.php\/wp-json\/wp\/v2\/media?parent=206423"}],"wp:term":[{"taxonomy":"category","embeddable":true,"href":"http:\/\/cordobadirecto.com\/index.php\/wp-json\/wp\/v2\/categories?post=206423"},{"taxonomy":"post_tag","embeddable":true,"href":"http:\/\/cordobadirecto.com\/index.php\/wp-json\/wp\/v2\/tags?post=206423"}],"curies":[{"name":"wp","href":"https:\/\/api.w.org\/{rel}","templated":true}]}}