{"id":206425,"date":"2026-09-02T23:21:21","date_gmt":"2026-09-02T23:21:21","guid":{"rendered":"http:\/\/cordobadirecto.com\/index.php\/2026\/09\/02\/que-se-sabe-del-asesinato-del-musico-de-camilo-septimo-su-pareja-embarazada-y-su-hija-de-3-anos-que-conmociona-a-mexico\/"},"modified":"2026-09-02T23:21:21","modified_gmt":"2026-09-02T23:21:21","slug":"que-se-sabe-del-asesinato-del-musico-de-camilo-septimo-su-pareja-embarazada-y-su-hija-de-3-anos-que-conmociona-a-mexico","status":"publish","type":"post","link":"http:\/\/cordobadirecto.com\/index.php\/2026\/09\/02\/que-se-sabe-del-asesinato-del-musico-de-camilo-septimo-su-pareja-embarazada-y-su-hija-de-3-anos-que-conmociona-a-mexico\/","title":{"rendered":"Qu\u00e9 se sabe del asesinato del m\u00fasico de Camilo S\u00e9ptimo, su pareja embarazada y su hija de 3 a\u00f1os que conmociona a M\u00e9xico"},"content":{"rendered":"<div>Las autoridades de M\u00e9xico informaron de la detenci\u00f3n de dos sospechosos por su presunta participaci\u00f3n en el m\u00faltiple homicidio.<\/div>\n","protected":false},"excerpt":{"rendered":"<p>Las autoridades de M\u00e9xico informaron de la detenci\u00f3n de dos sospechosos por su presunta participaci\u00f3n en el m\u00faltiple homicidio.<\/p>\n","protected":false},"author":1,"featured_media":0,"comment_status":"closed","ping_status":"closed","sticky":false,"template":"","format":"standard","meta":[],"categories":[24],"tags":[],"_links":{"self":[{"href":"http:\/\/cordobadirecto.com\/index.php\/wp-json\/wp\/v2\/posts\/206425"}],"collection":[{"href":"http:\/\/cordobadirecto.com\/index.php\/wp-json\/wp\/v2\/posts"}],"about":[{"href":"http:\/\/cordobadirecto.com\/index.php\/wp-json\/wp\/v2\/types\/post"}],"author":[{"embeddable":true,"href":"http:\/\/cordobadirecto.com\/index.php\/wp-json\/wp\/v2\/users\/1"}],"replies":[{"embeddable":true,"href":"http:\/\/cordobadirecto.com\/index.php\/wp-json\/wp\/v2\/comments?post=206425"}],"version-history":[{"count":0,"href":"http:\/\/cordobadirecto.com\/index.php\/wp-json\/wp\/v2\/posts\/206425\/revisions"}],"wp:attachment":[{"href":"http:\/\/cordobadirecto.com\/index.php\/wp-json\/wp\/v2\/media?parent=206425"}],"wp:term":[{"taxonomy":"category","embeddable":true,"href":"http:\/\/cordobadirecto.com\/index.php\/wp-json\/wp\/v2\/categories?post=206425"},{"taxonomy":"post_tag","embeddable":true,"href":"http:\/\/cordobadirecto.com\/index.php\/wp-json\/wp\/v2\/tags?post=206425"}],"curies":[{"name":"wp","href":"https:\/\/api.w.org\/{rel}","templated":true}]}}