{"id":206429,"date":"2026-09-02T12:58:26","date_gmt":"2026-09-02T12:58:26","guid":{"rendered":"http:\/\/cordobadirecto.com\/index.php\/2026\/09\/02\/sin-luz-sin-agua-sin-transporte-la-frustracion-que-siento-con-mi-vida-en-la-cuba-de-los-apagones\/"},"modified":"2026-09-02T12:58:26","modified_gmt":"2026-09-02T12:58:26","slug":"sin-luz-sin-agua-sin-transporte-la-frustracion-que-siento-con-mi-vida-en-la-cuba-de-los-apagones","status":"publish","type":"post","link":"http:\/\/cordobadirecto.com\/index.php\/2026\/09\/02\/sin-luz-sin-agua-sin-transporte-la-frustracion-que-siento-con-mi-vida-en-la-cuba-de-los-apagones\/","title":{"rendered":"Sin luz, sin agua, sin transporte: la frustraci\u00f3n que siento con mi vida en la Cuba de los apagones"},"content":{"rendered":"<div>BBC News Mundo convers\u00f3 durante una semana con un joven historiador del arte en La Habana para entender las m\u00faltiples maneras como la crisis ha reconfigurado su vida.<\/div>\n","protected":false},"excerpt":{"rendered":"<p>BBC News Mundo convers\u00f3 durante una semana con un joven historiador del arte en La Habana para entender las m\u00faltiples maneras como la crisis ha reconfigurado su vida.<\/p>\n","protected":false},"author":1,"featured_media":0,"comment_status":"closed","ping_status":"closed","sticky":false,"template":"","format":"standard","meta":[],"categories":[24],"tags":[],"_links":{"self":[{"href":"http:\/\/cordobadirecto.com\/index.php\/wp-json\/wp\/v2\/posts\/206429"}],"collection":[{"href":"http:\/\/cordobadirecto.com\/index.php\/wp-json\/wp\/v2\/posts"}],"about":[{"href":"http:\/\/cordobadirecto.com\/index.php\/wp-json\/wp\/v2\/types\/post"}],"author":[{"embeddable":true,"href":"http:\/\/cordobadirecto.com\/index.php\/wp-json\/wp\/v2\/users\/1"}],"replies":[{"embeddable":true,"href":"http:\/\/cordobadirecto.com\/index.php\/wp-json\/wp\/v2\/comments?post=206429"}],"version-history":[{"count":0,"href":"http:\/\/cordobadirecto.com\/index.php\/wp-json\/wp\/v2\/posts\/206429\/revisions"}],"wp:attachment":[{"href":"http:\/\/cordobadirecto.com\/index.php\/wp-json\/wp\/v2\/media?parent=206429"}],"wp:term":[{"taxonomy":"category","embeddable":true,"href":"http:\/\/cordobadirecto.com\/index.php\/wp-json\/wp\/v2\/categories?post=206429"},{"taxonomy":"post_tag","embeddable":true,"href":"http:\/\/cordobadirecto.com\/index.php\/wp-json\/wp\/v2\/tags?post=206429"}],"curies":[{"name":"wp","href":"https:\/\/api.w.org\/{rel}","templated":true}]}}