{"id":206432,"date":"2026-09-03T00:00:16","date_gmt":"2026-09-03T00:00:16","guid":{"rendered":"http:\/\/cordobadirecto.com\/index.php\/2026\/09\/03\/la-autocritica-del-presidente-de-patronato-la-responsabilidad-por-este-momento-es-absolutamente-mia\/"},"modified":"2026-09-03T00:00:16","modified_gmt":"2026-09-03T00:00:16","slug":"la-autocritica-del-presidente-de-patronato-la-responsabilidad-por-este-momento-es-absolutamente-mia","status":"publish","type":"post","link":"http:\/\/cordobadirecto.com\/index.php\/2026\/09\/03\/la-autocritica-del-presidente-de-patronato-la-responsabilidad-por-este-momento-es-absolutamente-mia\/","title":{"rendered":"La autocr\u00edtica del presidente de Patronato: &#8220;La responsabilidad por este momento es absolutamente m\u00eda&#8221;"},"content":{"rendered":"<div>\n<p>A tres a\u00f1os de haberse alzado con la gloria en la Copa Argentina, el Patr\u00f3n enfrenta un delicado momento deportivo e institucional que podr\u00eda acrecentarse con un descenso.<\/p>\n<\/div>\n","protected":false},"excerpt":{"rendered":"<p>A tres a\u00f1os de haberse alzado con la gloria en la Copa Argentina, el Patr\u00f3n enfrenta un delicado momento deportivo e institucional que podr\u00eda acrecentarse con un descenso.<\/p>\n","protected":false},"author":1,"featured_media":0,"comment_status":"closed","ping_status":"closed","sticky":false,"template":"","format":"standard","meta":[],"categories":[21],"tags":[],"_links":{"self":[{"href":"http:\/\/cordobadirecto.com\/index.php\/wp-json\/wp\/v2\/posts\/206432"}],"collection":[{"href":"http:\/\/cordobadirecto.com\/index.php\/wp-json\/wp\/v2\/posts"}],"about":[{"href":"http:\/\/cordobadirecto.com\/index.php\/wp-json\/wp\/v2\/types\/post"}],"author":[{"embeddable":true,"href":"http:\/\/cordobadirecto.com\/index.php\/wp-json\/wp\/v2\/users\/1"}],"replies":[{"embeddable":true,"href":"http:\/\/cordobadirecto.com\/index.php\/wp-json\/wp\/v2\/comments?post=206432"}],"version-history":[{"count":0,"href":"http:\/\/cordobadirecto.com\/index.php\/wp-json\/wp\/v2\/posts\/206432\/revisions"}],"wp:attachment":[{"href":"http:\/\/cordobadirecto.com\/index.php\/wp-json\/wp\/v2\/media?parent=206432"}],"wp:term":[{"taxonomy":"category","embeddable":true,"href":"http:\/\/cordobadirecto.com\/index.php\/wp-json\/wp\/v2\/categories?post=206432"},{"taxonomy":"post_tag","embeddable":true,"href":"http:\/\/cordobadirecto.com\/index.php\/wp-json\/wp\/v2\/tags?post=206432"}],"curies":[{"name":"wp","href":"https:\/\/api.w.org\/{rel}","templated":true}]}}