{"id":206437,"date":"2026-09-02T15:19:36","date_gmt":"2026-09-02T15:19:36","guid":{"rendered":"https:\/\/cordoba.gob.ar\/?p=93812"},"modified":"2026-09-02T15:19:36","modified_gmt":"2026-09-02T15:19:36","slug":"comienza-el-16-mercado-de-fotografia-en-cordoba","status":"publish","type":"post","link":"http:\/\/cordobadirecto.com\/index.php\/2026\/09\/02\/comienza-el-16-mercado-de-fotografia-en-cordoba\/","title":{"rendered":"Comienza el 16\u00b0 Mercado de Fotograf\u00eda en C\u00f3rdoba"},"content":{"rendered":"<div><img src=\"http:\/\/cordobadirecto.com\/wp-content\/uploads\/2026\/09\/comienza-el-16-mercado-de-fotografia-en-cordoba.jpg\" class=\"ff-og-image-inserted\"><\/div>\n<ul>\n<li><strong>Del 2 al 5 de septiembre, C\u00f3rdoba ser\u00e1 sede de una nueva edici\u00f3n del Mercado de Fotograf\u00eda, con muestras, talleres, charlas, presentaciones y una feria de obras fotogr\u00e1ficas. El Centro Cultural Espa\u00f1a C\u00f3rdoba ser\u00e1 una de sus sedes, con talleres y una jornada especial de feria este s\u00e1bado, de 16:00 a 21:00.<\/strong><\/li>\n<\/ul>\n<hr>\n<p>La Secretar\u00eda de Fortalecimiento Vecinal, Cultura y Deportes de la Municipalidad de C\u00f3rdoba invita a participar de la 16\u00b0 edici\u00f3n del Mercado de Fotograf\u00eda, que comienza este mi\u00e9rcoles 2 y se extender\u00e1 hasta el s\u00e1bado 5 de septiembre, con propuestas de formaci\u00f3n, exhibici\u00f3n, intercambio y venta de obra fotogr\u00e1fica.<\/p>\n<p>El festival tendr\u00e1 su apertura este mi\u00e9rcoles a las 18:00, con la inauguraci\u00f3n de una muestra fotogr\u00e1fica y la apertura oficial del Mercado, en la Fotogaler\u00eda de La Metro (Independencia 155). Durante la jornada tambi\u00e9n se realizar\u00e1, de 13:00 a 16:00, un taller de Fotograf\u00eda Minutera a cargo de Silvana S\u00e1nchez.<\/p>\n<p>La programaci\u00f3n continuar\u00e1 el jueves y viernes con distintos espacios de formaci\u00f3n. En el Centro Cultural Espa\u00f1a C\u00f3rdoba (Entre R\u00edos 40) se realizar\u00e1n el jueves el taller de Transferencia Fotogr\u00e1fica, a cargo de Javier Bellomo Coria, y una Revisi\u00f3n de Portafolios Fotogr\u00e1ficos con Manuel Pascual, Gabriel Orge y Gretel Mart\u00ednez. El viernes habr\u00e1 un taller virtual con Anank\u00e9 Asseff y, en La Metro, el taller El Fotolibro de Principio a Fin, dictado por Rita Barrios. Las actividades de formaci\u00f3n son con inscripci\u00f3n previa a trav\u00e9s de los formularios disponibles en el <a href=\"https:\/\/linktr.ee\/mercadodefotografia\">siguiente enlace.<\/a><\/p>\n<p><strong>Una feria para encontrarse con la fotograf\u00eda<\/strong><\/p>\n<p>El cierre del Mercado ser\u00e1 este s\u00e1bado 5 de septiembre, de 16:00 a 21:00, en el Centro Cultural Espa\u00f1a C\u00f3rdoba, con entrada libre y gratuita. La jornada tendr\u00e1 como eje una feria con m\u00e1s de 30 expositores, donde se podr\u00e1n conocer y adquirir obras fotogr\u00e1ficas de artistas de C\u00f3rdoba y otras regiones.<\/p>\n<p>Adem\u00e1s, se proyectar\u00e1 la 3\u00b0 Muestra Internacional de Videoarte y habr\u00e1 presentaciones y charlas. A las 18:00 se presentar\u00e1 el libro Cosas de Maril\u00fa, de Florencia Lo Re, con la participaci\u00f3n de Demian Orosz y Mariana Salcedo. Tambi\u00e9n se realizar\u00e1 la presentaci\u00f3n del fotopoemario Im\u00e1genes y textos para mirar con lupa, con lecturas de Marina Villarruel y Juli Santana, y se presentar\u00e1n las IV Jornadas Fotograf\u00eda en Mutaci\u00f3n 2026, de la Licenciatura en Fotograf\u00eda de la Universidad Provincial de C\u00f3rdoba.<\/p>\n<p>Con 16 ediciones, el Mercado de Fotograf\u00eda se consolid\u00f3 como un espacio de encuentro para artistas, estudiantes, profesionales, aficionados y p\u00fablico general. Desde 2018, reuni\u00f3 a m\u00e1s de 15.000 visitantes, m\u00e1s de 650 fot\u00f3grafos y fot\u00f3grafas expositoras y alrededor de 3.000 obras vendidas, adem\u00e1s de impulsar muestras, talleres y espacios de intercambio vinculados a la producci\u00f3n fotogr\u00e1fica.<\/p>\n","protected":false},"excerpt":{"rendered":"<p>Del 2 al 5 de septiembre, C\u00f3rdoba ser\u00e1 sede de una nueva edici\u00f3n del Mercado de Fotograf\u00eda, con muestras, talleres, charlas, presentaciones y una feria de obras fotogr\u00e1ficas. El Centro Cultural Espa\u00f1a C\u00f3rdoba ser\u00e1 una de sus sedes, con talleres y una jornada especial de feria este s\u00e1bado, de 16:00 a 21:00. La Secretar\u00eda de [&hellip;]<\/p>\n","protected":false},"author":1,"featured_media":206438,"comment_status":"closed","ping_status":"closed","sticky":false,"template":"","format":"standard","meta":[],"categories":[44],"tags":[],"_links":{"self":[{"href":"http:\/\/cordobadirecto.com\/index.php\/wp-json\/wp\/v2\/posts\/206437"}],"collection":[{"href":"http:\/\/cordobadirecto.com\/index.php\/wp-json\/wp\/v2\/posts"}],"about":[{"href":"http:\/\/cordobadirecto.com\/index.php\/wp-json\/wp\/v2\/types\/post"}],"author":[{"embeddable":true,"href":"http:\/\/cordobadirecto.com\/index.php\/wp-json\/wp\/v2\/users\/1"}],"replies":[{"embeddable":true,"href":"http:\/\/cordobadirecto.com\/index.php\/wp-json\/wp\/v2\/comments?post=206437"}],"version-history":[{"count":0,"href":"http:\/\/cordobadirecto.com\/index.php\/wp-json\/wp\/v2\/posts\/206437\/revisions"}],"wp:featuredmedia":[{"embeddable":true,"href":"http:\/\/cordobadirecto.com\/index.php\/wp-json\/wp\/v2\/media\/206438"}],"wp:attachment":[{"href":"http:\/\/cordobadirecto.com\/index.php\/wp-json\/wp\/v2\/media?parent=206437"}],"wp:term":[{"taxonomy":"category","embeddable":true,"href":"http:\/\/cordobadirecto.com\/index.php\/wp-json\/wp\/v2\/categories?post=206437"},{"taxonomy":"post_tag","embeddable":true,"href":"http:\/\/cordobadirecto.com\/index.php\/wp-json\/wp\/v2\/tags?post=206437"}],"curies":[{"name":"wp","href":"https:\/\/api.w.org\/{rel}","templated":true}]}}