{"id":206489,"date":"2026-09-03T17:35:35","date_gmt":"2026-09-03T17:35:35","guid":{"rendered":"https:\/\/www.ole.com.ar\/autos\/heat-hazard-protocolo-activo-fia-calor-gp-monza_0_zxLVdw9xiO.html"},"modified":"2026-09-03T17:35:35","modified_gmt":"2026-09-03T17:35:35","slug":"que-es-el-heat-hazard-el-protocolo-que-activo-la-fia-por-el-calor-antes-del-gp-de-monza","status":"publish","type":"post","link":"http:\/\/cordobadirecto.com\/index.php\/2026\/09\/03\/que-es-el-heat-hazard-el-protocolo-que-activo-la-fia-por-el-calor-antes-del-gp-de-monza\/","title":{"rendered":"Qu\u00e9 es el Heat Hazard, el protocolo que activ\u00f3 la FIA por el calor antes del GP de Monza"},"content":{"rendered":"<div id=\"element-body-0\" class=\"sc-df222161-0 hNvwjb\" readability=\"36.509803921569\">\n<p>Antes de que comience la acci\u00f3n para <a href=\"https:\/\/www.ole.com.ar\/tema\/franco-colapinto.html\" title=\"Franco Colapinto\" alt=\"Franco Colapinto\" class=\"slug\">Franco Colapinto<\/a> en el Gran Premio de Monza el fin de semana, <strong>la FIA (Federaci\u00f3n Internacional del Autom\u00f3vil) comunic\u00f3 este jueves que se activ\u00f3 el Heat Hazard, un protocolo de seguridad<\/strong> para que los pilotos puedan <strong>contrarrestar las altas temperaturas que se pronostican para los d\u00edas de competencia<\/strong> (podr\u00edan superar hasta los 35 grados). Pero, \u00bfde qu\u00e9 se trata?<\/p>\n<\/div>\n<div id=\"element-body-1\" class=\"sc-df222161-0 hNvwjb\" readability=\"37\">\n<p>Luego de las altas temperaturas que atravesaron los pilotos en el Gran Premio de Qatar 2023, <strong>la FIA inici\u00f3 un proceso de trabajo para hallar c\u00f3mo responder ante ese tipo de problemas en el futuro<\/strong>. Y <strong>desde la temporada 2025 comenz\u00f3 a aplicarse el Heat Hazard<\/strong>, que significa &#8221; <strong>riesgo por calor<\/strong>&#8221; y que se aplica cuando <strong>se pronostican temperaturas de 31 grados o superiores<\/strong> en alg\u00fan momento durante una Sprint o la carrera principal.<\/p>\n<\/div>\n<div id=\"element-body-2\" class=\"sc-df222161-0 hNvwjb\" readability=\"41\">\n<p>Cuando la FIA lo pone en marcha, cada uno de los equipos debe instalar un <strong>Driver Cooling System (sistema de refrigeraci\u00f3n para el piloto)<\/strong>, que ayudar\u00e1 a contrarrestar esas fuertes temperaturas, que para los pilotos, dentro del cockpit (cabina), entre el casco y el traje ign\u00edfugo, <strong>pueden superar hasta los 50 grados<\/strong>.<\/p>\n<\/div>\n<div id=\"element-body-3\" class=\"sc-df222161-0 hNvwjb\" readability=\"36\">\n<p>\u00bfC\u00f3mo funciona ese <strong>Driver Cooling System<\/strong>? El sistema incorpora varios componentes, entre ellos una bomba, tuber\u00edas y un dep\u00f3sito t\u00e9rmico. Y el <strong>fluido fr\u00edo generado por el sistema<\/strong> se distribuye a los pilotos a trav\u00e9s de un chaleco ign\u00edfugo especial que cuenta con varios tubos.<\/p>\n<\/div>\n<div id=\"element-body-4\" class=\"sc-df222161-0 hNvwjb\" readability=\"36\">\n<p>Todos los componentes principales del sistema deben estar instalados en los autos <strong>cuando el Heat Hazard es declarado<\/strong>, por lo que <strong>el peso m\u00ednimo del auto sube 5 kg<\/strong>, aunque actualmente <strong>los pilotos pueden elegir si usan o no el chaleco<\/strong>.<\/p>\n<\/div>\n<div class=\"sc-c0843421-0 iNysjD image-embed\" id=\"element-body-5\"><img alt=\"Ejemplo de un chaleco refrigerante para cuando se activa el Heat Hazard.\" loading=\"lazy\" width=\"720\" height=\"100\" decoding=\"async\" data-nimg=\"1\" src=\"http:\/\/cordobadirecto.com\/wp-content\/uploads\/2026\/09\/que-es-el-heat-hazard-el-protocolo-que-activo-la-fia-por-el-calor-antes-del-gp-de-monza.jpg\"><span class=\"epigraphe\">Ejemplo de un chaleco refrigerante para cuando se activa el Heat Hazard.<\/span><\/div>\n<div id=\"element-body-6\" class=\"sc-df222161-0 hNvwjb\" readability=\"41\">\n<p>&#8221; <strong>Cualquier piloto puede optar por no usar ning\u00fan elemento de equipo personal que forme parte del Sistema de Refrigeraci\u00f3n del Piloto<\/strong>&#8220;, se\u00f1ala el Art\u00edculo B1.5.10 del reglamento deportivo. De todos modos, <strong>si el piloto decidiera no utilizar el chaleco, el resto de los componentes del Driver Cooling System debe permanencer instalado en el auto<\/strong>, y para compensar la diferencia de peso que ganan aquellos que no est\u00e1n utilizando el chaleco, <strong>se les instalan &#8220;0,5kg de lastre en la cabina&#8221; para que todos est\u00e9n en condiciones iguales<\/strong>: los que llevan puesto el chaleco y los que no.<\/p>\n<\/div>\n<div id=\"element-body-7\" class=\"sc-df222161-0 hNvwjb\" readability=\"36\">\n<p>\u00bfPor qu\u00e9 es <strong>decisi\u00f3n de los conductores utilizar el chaleco o no<\/strong>? Porque <strong>los tubos que lleva el mismo estorban<\/strong> en un asiento de por s\u00ed apretado. Y a eso hay que sumarle que <strong>el efecto no siempre dura toda la carrera<\/strong>: cuando se termina el fluido fr\u00edo, el l\u00edquido se calienta y puede ser peor. Por eso <strong>se sigue trabajando en el perfeccionamiento del dise\u00f1o de este Driver Cooling System<\/strong>.<\/p>\n<\/div>\n<div id=\"element-body-8\" class=\"sc-df222161-0 hNvwjb\" readability=\"48\">\n<p>Cuando se declar\u00f3 el Heat Hazard en el Gran Premio de Austria, <strong>el piloto de McLaren, Oscar Piastri, confirm\u00f3 su intenci\u00f3n de usar el chaleco<\/strong>. <strong>&#8220;Lo us\u00e9 un par de veces el a\u00f1o pasado.<\/strong> Obviamente, existe el riesgo de que algo salga mal, y si falla, entonces es peor que no usarlo. Creo que <strong>si el sistema funciona bien, puede ser de alguna ayuda.<\/strong> <strong>No es una revoluci\u00f3n total, pero cuando lo us\u00e9 el a\u00f1o pasado, estaba bien.<\/strong> Sin duda, <strong>tiene algunos fallos, pero al final, es cuesti\u00f3n de gustos&#8221;<\/strong>, explic\u00f3 en aquella oportunidad.<\/p>\n<\/div>\n<div id=\"element-body-9\" class=\"sc-df222161-0 hNvwjb\" readability=\"36\">\n<p>\u201cDe todas formas tenemos que a\u00f1adir peso al coche, as\u00ed que si consigues que funcione y te refresca un poco, entonces claro que s\u00ed&#8221;, complet\u00f3.<\/p>\n<\/div>\n<p><h2><strong>Las temperaturas previstas para el GP de Monza<\/strong><\/h2>\n<\/p>\n<div id=\"element-body-11\" class=\"sc-df222161-0 hNvwjb\" readability=\"35\">\n<p><strong>El calor acompa\u00f1ar\u00e1 pr\u00e1cticamente todo el fin de semana en Monza<\/strong>. Seg\u00fan el servicio meteorol\u00f3gico utilizado por la FIA, <strong>las temperaturas estar\u00e1n por encima de los 30 \u00b0C<\/strong> durante las tres jornadas.<\/p>\n<\/div>\n<div id=\"element-body-12\" class=\"sc-df222161-0 hNvwjb\" readability=\"39\">\n<p>El momento m\u00e1s caluroso del viernes llegar\u00eda durante la segunda pr\u00e1ctica libre, cuando se esperan aproximadamente <strong>36\u00b0C de temperatura ambiente<\/strong>. Para el s\u00e1bado, durante la clasificaci\u00f3n, el pron\u00f3stico indica alrededor de <strong>35 \u00b0C, por lo que pilotos y equipos volver\u00e1n a afrontar condiciones exigentes<\/strong>.<\/p>\n<\/div>\n<div id=\"element-body-13\" class=\"sc-df222161-0 hNvwjb\" readability=\"37\">\n<p><strong>La carrera se disputar\u00e1 el domingo desde las 10 (hora argentina)<\/strong> y <strong>se espera una temperatura ambiente cercana a los 33 \u00b0C<\/strong> en el momento de la largada. Adem\u00e1s del calor ambiental, las altas temperaturas tambi\u00e9n tendr\u00e1n impacto sobre la pista. <strong>El asfalto podr\u00eda acercarse a los 60 \u00b0C<\/strong> durante algunos momentos del fin de semana, especialmente en las jornadas de mayor exposici\u00f3n al sol.<\/p>\n<\/div>\n<div class=\"sc-c0843421-0 iNysjD image-embed\" id=\"element-body-14\"><img alt=\"Colapinto en su llegada al paddock en Monza. (Foto: AP)\" loading=\"lazy\" width=\"720\" height=\"100\" decoding=\"async\" data-nimg=\"1\" src=\"http:\/\/cordobadirecto.com\/wp-content\/uploads\/2026\/09\/que-es-el-heat-hazard-el-protocolo-que-activo-la-fia-por-el-calor-antes-del-gp-de-monza-1.jpg\"><span class=\"epigraphe\">Colapinto en su llegada al paddock en Monza. (Foto: AP)<\/span><\/div>\n<p><h2><strong>D\u00edas, horarios y d\u00f3nde ver por TV<\/strong><\/h2>\n<\/p>\n<div id=\"element-body-16\" class=\"sc-df222161-0 hNvwjb\" readability=\"38\">\n<p>El GP de Italia se disputar\u00e1 del <strong>4 al 6 de septiembre<\/strong> y tendr\u00e1 el <strong>formato tradicional de F1, sin carrera Sprint<\/strong>. La actividad comenzar\u00e1 con las dos pr\u00e1cticas del viernes, continuar\u00e1 el s\u00e1bado con el tercer entrenamiento y la clasificaci\u00f3n, y finalizar\u00e1 el domingo con la carrera principal. Toda la acci\u00f3n se podr\u00e1 ver en vivo a trav\u00e9s de <strong>Disney+ Premium y Fox Sports<\/strong>.<\/p>\n<\/div>\n<p><h3><strong>Viernes 4 de septiembre<\/strong><\/h3>\n<\/p>\n<div id=\"element-body-18\" class=\"sc-df222161-0 hNvwjb\">\n<p>Pr\u00e1ctica Libre 1: 7.30<\/p>\n<\/div>\n<div id=\"element-body-19\" class=\"sc-df222161-0 hNvwjb\">\n<p>Pr\u00e1ctica Libre 2: 11<\/p>\n<\/div>\n<p><h3><strong>S\u00e1bado 5 de septiembre<\/strong><\/h3>\n<\/p>\n<div id=\"element-body-21\" class=\"sc-df222161-0 hNvwjb\">\n<p>Pr\u00e1ctica Libre 3: 7.30<\/p>\n<\/div>\n<div id=\"element-body-22\" class=\"sc-df222161-0 hNvwjb\">\n<p>Clasificaci\u00f3n: 11<\/p>\n<\/div>\n<p><h3><strong>Domingo 6 de septiembre<\/strong><\/h3>\n<\/p>\n<div id=\"element-body-24\" class=\"sc-df222161-0 hNvwjb\">\n<p>Carrera: 10<\/p>\n<\/div>\n<div id=\"element-body-25\" class=\"sc-a7166897-0 eTTZWU\" readability=\"31\">\n<section readability=\"2\"><picture><img alt=\"Qu\u00e9 dijo Gasly sobre la renovaci\u00f3n de Colapinto en Alpine y su futuro juntos\" loading=\"lazy\" width=\"290\" height=\"290\" decoding=\"async\" data-nimg=\"1\" src=\"http:\/\/cordobadirecto.com\/wp-content\/uploads\/2026\/09\/que-es-el-heat-hazard-el-protocolo-que-activo-la-fia-por-el-calor-antes-del-gp-de-monza-2.jpg\"><\/picture>\n<p><span>Mir\u00e1 tambi\u00e9n<\/span><\/p>\n<hr>\n<h3>Qu\u00e9 dijo Gasly sobre la renovaci\u00f3n de Colapinto en Alpine y su futuro juntos<\/h3>\n<\/p>\n<\/section>\n<\/div>\n<div id=\"element-body-26\" class=\"sc-a7166897-0 eTTZWU\" readability=\"32\">\n<section readability=\"4\"><picture><img alt=\"Fernando Alonso, entre la cr\u00edtica a la competencia y su futuro: &quot;Esta no es la F\u00f3rmula 1 que queremos&quot;\" loading=\"lazy\" width=\"290\" height=\"290\" decoding=\"async\" data-nimg=\"1\" src=\"http:\/\/cordobadirecto.com\/wp-content\/uploads\/2026\/09\/que-es-el-heat-hazard-el-protocolo-que-activo-la-fia-por-el-calor-antes-del-gp-de-monza-3.jpg\"><\/picture>\n<p><span>Mir\u00e1 tambi\u00e9n<\/span><\/p>\n<hr>\n<h3>Fernando Alonso, entre la cr\u00edtica a la competencia y su futuro: &#8220;Esta no es la F\u00f3rmula 1 que queremos&#8221;<\/h3>\n<\/p>\n<\/section>\n<\/div>\n<div id=\"element-body-27\" class=\"sc-a7166897-0 eTTZWU\" readability=\"31.5\">\n<section readability=\"3\"><picture><img alt=\"La charla de Franco Colapinto con el presidente de la FIA durante su visita a Buenos Aires\" loading=\"lazy\" width=\"290\" height=\"290\" decoding=\"async\" data-nimg=\"1\" src=\"http:\/\/cordobadirecto.com\/wp-content\/uploads\/2026\/09\/que-es-el-heat-hazard-el-protocolo-que-activo-la-fia-por-el-calor-antes-del-gp-de-monza-4.jpg\"><\/picture>\n<p><span>Mir\u00e1 tambi\u00e9n<\/span><\/p>\n<hr>\n<h3>La charla de Franco Colapinto con el presidente de la FIA durante su visita a Buenos Aires<\/h3>\n<\/p>\n<\/section>\n<\/div>\n","protected":false},"excerpt":{"rendered":"<p>Antes de que comience la acci\u00f3n para Franco Colapinto en el Gran Premio de Monza el fin de semana, la FIA (Federaci\u00f3n Internacional del Autom\u00f3vil) comunic\u00f3 este jueves que se activ\u00f3 el Heat Hazard, un protocolo de seguridad para que los pilotos puedan contrarrestar las altas temperaturas que se pronostican para los d\u00edas de competencia [&hellip;]<\/p>\n","protected":false},"author":1,"featured_media":206490,"comment_status":"closed","ping_status":"closed","sticky":false,"template":"","format":"standard","meta":[],"categories":[21],"tags":[],"_links":{"self":[{"href":"http:\/\/cordobadirecto.com\/index.php\/wp-json\/wp\/v2\/posts\/206489"}],"collection":[{"href":"http:\/\/cordobadirecto.com\/index.php\/wp-json\/wp\/v2\/posts"}],"about":[{"href":"http:\/\/cordobadirecto.com\/index.php\/wp-json\/wp\/v2\/types\/post"}],"author":[{"embeddable":true,"href":"http:\/\/cordobadirecto.com\/index.php\/wp-json\/wp\/v2\/users\/1"}],"replies":[{"embeddable":true,"href":"http:\/\/cordobadirecto.com\/index.php\/wp-json\/wp\/v2\/comments?post=206489"}],"version-history":[{"count":0,"href":"http:\/\/cordobadirecto.com\/index.php\/wp-json\/wp\/v2\/posts\/206489\/revisions"}],"wp:featuredmedia":[{"embeddable":true,"href":"http:\/\/cordobadirecto.com\/index.php\/wp-json\/wp\/v2\/media\/206490"}],"wp:attachment":[{"href":"http:\/\/cordobadirecto.com\/index.php\/wp-json\/wp\/v2\/media?parent=206489"}],"wp:term":[{"taxonomy":"category","embeddable":true,"href":"http:\/\/cordobadirecto.com\/index.php\/wp-json\/wp\/v2\/categories?post=206489"},{"taxonomy":"post_tag","embeddable":true,"href":"http:\/\/cordobadirecto.com\/index.php\/wp-json\/wp\/v2\/tags?post=206489"}],"curies":[{"name":"wp","href":"https:\/\/api.w.org\/{rel}","templated":true}]}}