{"id":206491,"date":"2026-09-03T15:13:39","date_gmt":"2026-09-03T15:13:39","guid":{"rendered":"https:\/\/www.ole.com.ar\/autos\/pierre-gasly-hablo-franco-colapinto-renovacion-companero-alpine-formula1_0_UXMykEfUH1.html"},"modified":"2026-09-03T15:13:39","modified_gmt":"2026-09-03T15:13:39","slug":"que-dijo-gasly-sobre-la-renovacion-de-colapinto-en-alpine-y-su-futuro-juntos","status":"publish","type":"post","link":"http:\/\/cordobadirecto.com\/index.php\/2026\/09\/03\/que-dijo-gasly-sobre-la-renovacion-de-colapinto-en-alpine-y-su-futuro-juntos\/","title":{"rendered":"Qu\u00e9 dijo Gasly sobre la renovaci\u00f3n de Colapinto en Alpine y su futuro juntos"},"content":{"rendered":"<div id=\"element-body-0\" class=\"sc-df222161-0 hNvwjb\" readability=\"33.538784067086\">\n<p><strong><a href=\"https:\/\/www.ole.com.ar\/tema\/pierre-gasly.html\" title=\"Pierre Gasly\" alt=\"Pierre Gasly\" class=\"slug\">Pierre Gasly<\/a><\/strong> recibi\u00f3 con satisfacci\u00f3n <strong><a href=\"https:\/\/www.ole.com.ar\/autos\/oficial-franco-colapinto-continuara-alpine-2027_0_W1xvcfKzRR.html\" target=\"_self\" title=\" la continuidad de Franco Colapinto en Alpine\" alt=\" la continuidad de Franco Colapinto en Alpine\" rel=\"noopener\"> la continuidad de Franco Colapinto en Alpine<\/a><\/strong>. El piloto franc\u00e9s habl\u00f3 en la previa del Gran Premio de Italia y valor\u00f3 especialmente el v\u00ednculo que construyeron dentro del equipo, adem\u00e1s del crecimiento que tuvo el argentino desde su llegada a la escuder\u00eda. <strong>&#8220;Me alegro por Franco. Creo que estamos trabajando bien juntos con el equipo<\/strong>, en la manera en que estamos haciendo avanzar al equipo y en la din\u00e1mica que tenemos&#8221;, expres\u00f3.<\/p>\n<\/div>\n<div id=\"element-body-1\" class=\"sc-df222161-0 hNvwjb\" readability=\"36\">\n<p>Gasly tambi\u00e9n destac\u00f3 la evoluci\u00f3n de su compa\u00f1ero desde su llegada a Alpine. &#8221; <strong>Creo que \u00e9l ha aprendido mucho durante estos \u00faltimos dos a\u00f1os en la F\u00f3rmula 1 y s\u00ed, me alegro por \u00e9l. Espero que podamos seguir aportando puntos al equipo y ofreciendo el mejor rendimiento<\/strong>&#8220;, agreg\u00f3.<\/p>\n<\/div>\n<div class=\"sc-c0843421-0 iNysjD image-embed\" id=\"element-body-2\"><img alt=\"Gasly y Colapinto. (foto: Reuter) \" loading=\"lazy\" width=\"720\" height=\"100\" decoding=\"async\" data-nimg=\"1\" src=\"http:\/\/cordobadirecto.com\/wp-content\/uploads\/2026\/09\/que-dijo-gasly-sobre-la-renovacion-de-colapinto-en-alpine-y-su-futuro-juntos.jpg\"><span class=\"epigraphe\">Gasly y Colapinto. (foto: Reuter) <\/span><\/div>\n<div id=\"element-body-3\" class=\"sc-df222161-0 hNvwjb\" readability=\"34\">\n<p>La confirmaci\u00f3n de la continuidad de Franco llega en un momento en el que Alpine busca volver a posicionarse como el quinto mejor equipo de la F\u00f3rmula 1. El franc\u00e9s consider\u00f3 que la escuder\u00eda dio un paso adelante en las \u00faltimas carreras y se mostr\u00f3 optimista de cara a lo que viene.<\/p>\n<\/div>\n<p><h2><strong>Gasly, conforme con las mejoras de Alpine<\/strong><\/h2>\n<\/p>\n<div id=\"element-body-5\" class=\"sc-df222161-0 hNvwjb\" readability=\"37\">\n<p>El piloto franc\u00e9s tambi\u00e9n se refiri\u00f3 al rendimiento que mostr\u00f3 el A526 en Zandvoort, donde Alpine logr\u00f3 sumar puntos con sus dos autos. Gasly termin\u00f3 octavo en la carrera Sprint y d\u00e9cimo en el Gran Premio de Pa\u00edses Bajos, resultados que le permitieron sacar conclusiones positivas sobre las \u00faltimas modificaciones incorporadas al monoplaza.<\/p>\n<\/div>\n<div id=\"element-body-6\" class=\"sc-df222161-0 hNvwjb\" readability=\"38\">\n<p><strong>&#8220;Fue un buen paso adelante en Zandvoort. Terminamos octavos en la Sprint y d\u00e9cimos el domingo<\/strong>. Creo que fue complicado realmente sacarles el m\u00e1ximo provecho, al ser un fin de semana con formato Sprint. Pero creo que aprendimos mucho y me siento m\u00e1s c\u00f3modo en el coche, con m\u00e1s potencial&#8221;, explic\u00f3.<\/p>\n<\/div>\n<div id=\"element-body-7\" class=\"sc-df222161-0 hNvwjb\" readability=\"36\">\n<p>Adem\u00e1s, Gasly se\u00f1al\u00f3 que Alpine hab\u00eda quedado relegado fuera de la lucha por los puntos antes del receso de mitad de temporada, pero que el panorama comenz\u00f3 a cambiar despu\u00e9s de las \u00faltimas actualizaciones.<\/p>\n<\/div>\n<div id=\"element-body-8\" class=\"sc-df222161-0 hNvwjb\" readability=\"36\">\n<p><strong>&#8220;Siento que antes del verano hab\u00edamos quedado por detr\u00e1s del top 10 y no ten\u00edamos todo el potencial para luchar por los puntos. Y ahora estamos nuevamente ah\u00ed arriba<\/strong>. As\u00ed que s\u00ed, estoy entusiasmado y con ganas de que llegue este fin de semana&#8221;, afirm\u00f3.<\/p>\n<\/div>\n<div class=\"sc-c0843421-0 iNysjD image-embed\" id=\"element-body-9\"><img alt=\"Pierre Gasly, Franco Colapinto y Flavio Briatore.\" loading=\"lazy\" width=\"720\" height=\"100\" decoding=\"async\" data-nimg=\"1\" src=\"http:\/\/cordobadirecto.com\/wp-content\/uploads\/2026\/09\/que-dijo-gasly-sobre-la-renovacion-de-colapinto-en-alpine-y-su-futuro-juntos-1.jpg\"><span class=\"epigraphe\">Pierre Gasly, Franco Colapinto y Flavio Briatore.<\/span><\/div>\n<div id=\"element-body-10\" class=\"sc-df222161-0 hNvwjb\" readability=\"36\">\n<p>En Monza, adem\u00e1s, las mejoras que el equipo estren\u00f3 en Pa\u00edses Bajos estar\u00e1n tambi\u00e9n disponibles para Colapinto. Ser\u00e1 una nueva oportunidad para que el argentino pueda continuar con su adaptaci\u00f3n al auto y aprovechar los avances que Alpine consigui\u00f3 durante las \u00faltimas fechas.<\/p>\n<\/div>\n<p><h2><strong>Colapinto seguir\u00e1 en Alpine en 2027<\/strong><\/h2>\n<\/p>\n<div id=\"element-body-12\" class=\"sc-df222161-0 hNvwjb\" readability=\"27.131782945736\">\n<p>Las palabras de Gasly llegaron d\u00edas despu\u00e9s de que <strong><a href=\"https:\/\/www.ole.com.ar\/autos\/video-alegria-franco-colapinto-confirmacion-ppiloto-titular-alpine-2027-formula-1-apoyo-argentinso-darles-merecen_0_4nXgWjoo2Q.html\" target=\"_self\" title=\"Alpine confirmara oficialmente la continuidad de Colapinto\" alt=\"Alpine confirmara oficialmente la continuidad de Colapinto\" rel=\"noopener\">Alpine confirmara oficialmente la continuidad de Colapinto<\/a><\/strong> como piloto titular para la temporada 2027. De esta manera, el argentino seguir\u00e1 compartiendo equipo con el franc\u00e9s por tercer a\u00f1o consecutivo.<\/p>\n<\/div>\n<div id=\"element-body-13\" class=\"sc-df222161-0 hNvwjb\" readability=\"37.410326086957\">\n<p><strong>La escuder\u00eda hizo oficial la noticia con un video protagonizado por <a href=\"https:\/\/www.ole.com.ar\/tema\/flavio-briatore.html\" title=\"Flavio Briatore\" alt=\"Flavio Briatore\" class=\"slug\">Flavio Briatore<\/a>, Gasly, Colapinto y Steve Nielsen. <\/strong> En la escena, los cuatro aparecen reunidos alrededor de un cuadro que representa la alineaci\u00f3n de Alpine. Cuando Briatore comienza a hablar sobre la formaci\u00f3n de 2027, Colapinto interrumpe para preguntar si \u00e9l tambi\u00e9n formar\u00e1 parte del equipo.<\/p>\n<\/div>\n<div id=\"element-body-14\" class=\"sc-df222161-0 hNvwjb\" readability=\"36\">\n<p>&#8220;\u00bfQuer\u00e9s estar en 2027?&#8221;, le responde Briatore. &#8220;\u00a1S\u00ed! Por favor&#8221; contesta el argentino. Entonces, el asesor ejecutivo de Alpine confirma la decisi\u00f3n y agrega: &#8220;Nos quedamos con estos mismos para 2026 y 2027&#8221;.<\/p>\n<\/div>\n<div id=\"element-body-15\" class=\"sc-df222161-0 hNvwjb\" readability=\"36\">\n<p>La continuidad del pilarense supone el cierre de una etapa de incertidumbre sobre su futuro. Alpine destac\u00f3 oficialmente su crecimiento durante la temporada y remarc\u00f3 que ya sum\u00f3 19 puntos en 2026, adem\u00e1s de conseguir sus mejores resultados en la categor\u00eda con un s\u00e9ptimo puesto en Miami y un sexto lugar en Canad\u00e1. <\/p>\n<\/div>\n<div id=\"element-body-16\" class=\"sc-8712cf2e-1 brsVwg\"><figcaption class=\"JWvideoNota_title\">\n<p>Video: Alpine.<\/p>\n<\/figcaption><\/div>\n<div id=\"element-body-17\" class=\"sc-a7166897-0 eTTZWU\" readability=\"31.5\">\n<section readability=\"3\"><picture><img alt=\"La charla de Franco Colapinto con el presidente de la FIA durante su visita a Buenos Aires\" loading=\"lazy\" width=\"290\" height=\"290\" decoding=\"async\" data-nimg=\"1\" src=\"http:\/\/cordobadirecto.com\/wp-content\/uploads\/2026\/09\/que-dijo-gasly-sobre-la-renovacion-de-colapinto-en-alpine-y-su-futuro-juntos-2.jpg\"><\/picture>\n<p><span>Mir\u00e1 tambi\u00e9n<\/span><\/p>\n<hr>\n<h3>La charla de Franco Colapinto con el presidente de la FIA durante su visita a Buenos Aires<\/h3>\n<\/p>\n<\/section>\n<\/div>\n<div id=\"element-body-18\" class=\"sc-a7166897-0 eTTZWU\" readability=\"31.5\">\n<section readability=\"3\"><picture><img alt=\"Atenci\u00f3n Colapinto: la FIA declar\u00f3 riesgo por calor para el Gran Premio de Italia en Monza\" loading=\"lazy\" width=\"290\" height=\"290\" decoding=\"async\" data-nimg=\"1\" src=\"http:\/\/cordobadirecto.com\/wp-content\/uploads\/2026\/09\/que-dijo-gasly-sobre-la-renovacion-de-colapinto-en-alpine-y-su-futuro-juntos-3.jpg\"><\/picture>\n<p><span>Mir\u00e1 tambi\u00e9n<\/span><\/p>\n<hr>\n<h3>Atenci\u00f3n Colapinto: la FIA declar\u00f3 riesgo por calor para el Gran Premio de Italia en Monza<\/h3>\n<\/p>\n<\/section>\n<\/div>\n<div id=\"element-body-19\" class=\"sc-a7166897-0 eTTZWU\" readability=\"31\">\n<section readability=\"2\"><picture><img alt=\"El divertido blooper de Franco Colapinto con el Rayo McQueen en su llegada a Monza\" loading=\"lazy\" width=\"290\" height=\"290\" decoding=\"async\" data-nimg=\"1\" src=\"http:\/\/cordobadirecto.com\/wp-content\/uploads\/2026\/09\/que-dijo-gasly-sobre-la-renovacion-de-colapinto-en-alpine-y-su-futuro-juntos-4.jpg\"><\/picture>\n<p><span>Mir\u00e1 tambi\u00e9n<\/span><\/p>\n<hr>\n<h3>El divertido blooper de Franco Colapinto con el Rayo McQueen en su llegada a Monza<\/h3>\n<\/p>\n<\/section>\n<\/div>\n","protected":false},"excerpt":{"rendered":"<p>Pierre Gasly recibi\u00f3 con satisfacci\u00f3n la continuidad de Franco Colapinto en Alpine. El piloto franc\u00e9s habl\u00f3 en la previa del Gran Premio de Italia y valor\u00f3 especialmente el v\u00ednculo que construyeron dentro del equipo, adem\u00e1s del crecimiento que tuvo el argentino desde su llegada a la escuder\u00eda. &#8220;Me alegro por Franco. Creo que estamos trabajando [&hellip;]<\/p>\n","protected":false},"author":1,"featured_media":206492,"comment_status":"closed","ping_status":"closed","sticky":false,"template":"","format":"standard","meta":[],"categories":[21],"tags":[],"_links":{"self":[{"href":"http:\/\/cordobadirecto.com\/index.php\/wp-json\/wp\/v2\/posts\/206491"}],"collection":[{"href":"http:\/\/cordobadirecto.com\/index.php\/wp-json\/wp\/v2\/posts"}],"about":[{"href":"http:\/\/cordobadirecto.com\/index.php\/wp-json\/wp\/v2\/types\/post"}],"author":[{"embeddable":true,"href":"http:\/\/cordobadirecto.com\/index.php\/wp-json\/wp\/v2\/users\/1"}],"replies":[{"embeddable":true,"href":"http:\/\/cordobadirecto.com\/index.php\/wp-json\/wp\/v2\/comments?post=206491"}],"version-history":[{"count":0,"href":"http:\/\/cordobadirecto.com\/index.php\/wp-json\/wp\/v2\/posts\/206491\/revisions"}],"wp:featuredmedia":[{"embeddable":true,"href":"http:\/\/cordobadirecto.com\/index.php\/wp-json\/wp\/v2\/media\/206492"}],"wp:attachment":[{"href":"http:\/\/cordobadirecto.com\/index.php\/wp-json\/wp\/v2\/media?parent=206491"}],"wp:term":[{"taxonomy":"category","embeddable":true,"href":"http:\/\/cordobadirecto.com\/index.php\/wp-json\/wp\/v2\/categories?post=206491"},{"taxonomy":"post_tag","embeddable":true,"href":"http:\/\/cordobadirecto.com\/index.php\/wp-json\/wp\/v2\/tags?post=206491"}],"curies":[{"name":"wp","href":"https:\/\/api.w.org\/{rel}","templated":true}]}}