{"id":206493,"date":"2026-09-03T19:03:32","date_gmt":"2026-09-03T19:03:32","guid":{"rendered":"https:\/\/www.ole.com.ar\/futbol-ascenso\/laferrere-cesarmonasterio-losandes-primeranacional-primerab-ascenso_0_21INE1omHM.html"},"modified":"2026-09-03T19:03:32","modified_gmt":"2026-09-03T19:03:32","slug":"el-duro-comunicado-de-laferrere-tras-la-salida-de-su-entrenador-a-los-andes","status":"publish","type":"post","link":"http:\/\/cordobadirecto.com\/index.php\/2026\/09\/03\/el-duro-comunicado-de-laferrere-tras-la-salida-de-su-entrenador-a-los-andes\/","title":{"rendered":"El duro comunicado de Laferrere tras la salida de su entrenador a Los Andes"},"content":{"rendered":"<div id=\"element-body-0\" class=\"sc-df222161-0 hNvwjb\" readability=\"34.409190371991\">\n<p>Ya nada sorprende en la materia &#8221; <strong>entrenadores de la <a href=\"https:\/\/www.ole.com.ar\/tema\/primera-nacional.html\" title=\"Primera Nacional\" alt=\"Primera Nacional\" class=\"slug\">Primera Nacional<\/a><\/strong>&#8220;. Los equipos coleccionan ciclos mes a mes y los t\u00e9cnicos se traspasan de club como si de jugadores se tratara. Sobrados son los casos donde un det\u00e9 es despedido y, semanas m\u00e1s tarde, es anunciado en otro cuadro de la misma categor\u00eda. Pero <strong><a href=\"https:\/\/www.ole.com.ar\/tema\/los-andes.html\" title=\"Los Andes\" alt=\"Los Andes\" class=\"slug\">Los Andes<\/a> profundiz\u00f3 y contrat\u00f3 a uno con contrato vigente<\/strong> en un club de la Primera B y desat\u00f3 la pol\u00e9mica en el <a href=\"https:\/\/www.ole.com.ar\/tema\/ascenso.html\" title=\"Ascenso\" alt=\"Ascenso\" class=\"slug\">Ascenso<\/a>: <strong>C\u00e9sar Monasterio<\/strong><\/p>\n<\/div>\n<div id=\"element-body-1\" class=\"sc-df222161-0 hNvwjb\" readability=\"39.392917369309\">\n<p>El ex Mor\u00f3n hab\u00eda <strong> llegado a <a href=\"https:\/\/www.ole.com.ar\/tema\/laferrerre.html\" title=\"Laferrerre\" alt=\"Laferrerre\" class=\"slug\">Laferrere<\/a> en abril de este mismo a\u00f1o<\/strong> en reemplazo de Mat\u00edas De Cicco, quien, por cierto, asumi\u00f3 en Ituzaing\u00f3 tras su salida del Villero. Su campa\u00f1a no hab\u00eda sido para nada negativa. De hecho, todo lo contrario. El director t\u00e9cnico hab\u00eda hilado algunos partidos sin perder y ya llevaba <strong>26 encuentros al mando del equipo<\/strong>, algo que para los tiempos que corren resulta una epopeya. Pero el club del Oeste se desayun\u00f3 una noticia dur\u00edsima: <strong>Monasterio renunciaba a su cargo<\/strong> para mudarse a Lomas de Zamora. Y <strong>la r\u00e9plica de la instituci\u00f3n no tard\u00f3 en llegar<\/strong>.<\/p>\n<\/div>\n<div class=\"sc-c0843421-0 iNysjD image-embed\" id=\"element-body-2\"><img alt=\"El det\u00e9 se fue tras cinco meses en la instituci\u00f3n.\" loading=\"lazy\" width=\"720\" height=\"100\" decoding=\"async\" data-nimg=\"1\" src=\"http:\/\/cordobadirecto.com\/wp-content\/uploads\/2026\/09\/el-duro-comunicado-de-laferrere-tras-la-salida-de-su-entrenador-a-los-andes.jpg\"><span class=\"epigraphe\">El det\u00e9 se fue tras cinco meses en la instituci\u00f3n.<\/span><\/div>\n<p><h2>El duro comunicado de Lafe<\/h2>\n<\/p>\n<div id=\"element-body-4\" class=\"sc-df222161-0 hNvwjb\" readability=\"39\">\n<p>Sin pelos en la lengua, el Verde mostr\u00f3 su disconformidad mediante un comunicado en el que remarcaban el &#8221; <strong>enorme esfuerzo econ\u00f3mico para la contrataci\u00f3n de C\u00e9sar Monasterio y su cuerpo t\u00e9cnico<\/strong>&#8221; y, a su vez, &#8221; <strong>la incorporaci\u00f3n de los refuerzos de medio t\u00e9rmino solicitados por \u00e9l<\/strong>&#8220;. Adem\u00e1s, tambi\u00e9n comunicaron que &#8221; <strong>no compartimos en absoluto la decisi\u00f3n adoptada<\/strong>&#8220;.<\/p>\n<\/div>\n<div id=\"element-body-5\" class=\"sc-df222161-0 hNvwjb\" readability=\"32\">\n<p>COMUNICADO OFICIAL &#8211; F\u00daTBOL PROFESIONAL<\/p>\n<\/div>\n<div id=\"element-body-6\" class=\"sc-df222161-0 hNvwjb\" readability=\"38\">\n<p>La Comisi\u00f3n Directiva del Club Social y Cultural Deportivo Laferrere informa a sus socios e hinchas que, luego de haber realizado un <strong>enorme esfuerzo econ\u00f3mico para la contrataci\u00f3n de C\u00e9sar Monasterio<\/strong> <strong>y su cuerpo t\u00e9cnico, as\u00ed como para la incorporaci\u00f3n de los refuerzos de medio t\u00e9rmino solicitados por \u00e9l<\/strong>, hemos sido notificados de su <strong>renuncia unilateral<\/strong> con el objetivo de incorporarse a un club de la Primera Nacional.<\/p>\n<\/div>\n<div id=\"element-body-7\" class=\"sc-df222161-0 hNvwjb\" readability=\"35\">\n<p>Desde esta instituci\u00f3n <strong>no compartimos en absoluto<\/strong> <strong>la decisi\u00f3n adoptada<\/strong>, m\u00e1s a\u00fan en instancias finales del campeonato, <strong>con la clasificaci\u00f3n al Torneo Reducido en juego<\/strong>.<\/p>\n<\/div>\n<div id=\"element-body-8\" class=\"sc-df222161-0 hNvwjb\" readability=\"34\">\n<p>Lamentamos profundamente <strong>la actitud asumida<\/strong>, que <strong>atenta contra el proyecto deportivo<\/strong> y <strong>el compromiso asumido<\/strong> con nuestros colores.<\/p>\n<\/div>\n<div id=\"element-body-9\" class=\"sc-df222161-0 hNvwjb\" readability=\"33\">\n<p>En las pr\u00f3ximas horas estaremos <strong>informando los pasos a seguir<\/strong> respecto a la <strong>conducci\u00f3n t\u00e9cnica del plantel profesional<\/strong>.<\/p>\n<\/div>\n<p><h2>Una contrataci\u00f3n urgente<\/h2>\n<\/p>\n<div id=\"element-body-12\" class=\"sc-df222161-0 hNvwjb\" readability=\"37\">\n<p><strong>La salida de Leo Lemos del Milrayitas dej\u00f3 un hueco dif\u00edcil de suplir<\/strong>. Su partida no solo signific\u00f3 una serie de malos resultados, sino que se trat\u00f3 del final de uno de los ciclos m\u00e1s exitosos en la era moderna de Los Andes. Pero <strong>fuera del Reducido<\/strong> y con una urgente necesidad de volver a sumar de a tres para pelear el ascenso, en Lomas no quisieron perder m\u00e1s tiempo y <strong>convencieron a Monasterio de subir un escal\u00f3n y mudarse a la Zona Sur del Conurbano<\/strong>.<\/p>\n<\/div>\n<div class=\"sc-c0843421-0 iNysjD image-embed\" id=\"element-body-13\"><img alt=\"Los Andes vive un mal presente.\" loading=\"lazy\" width=\"720\" height=\"100\" decoding=\"async\" data-nimg=\"1\" src=\"http:\/\/cordobadirecto.com\/wp-content\/uploads\/2026\/09\/el-duro-comunicado-de-laferrere-tras-la-salida-de-su-entrenador-a-los-andes-1.jpg\"><span class=\"epigraphe\">Los Andes vive un mal presente.<\/span><\/div>\n<div id=\"element-body-14\" class=\"sc-a7166897-0 eTTZWU\" readability=\"31\">\n<section readability=\"2\"><picture><img alt=\"\u00bfQui\u00e9n es la joya del Ascenso que compra Racing?\" loading=\"lazy\" width=\"290\" height=\"290\" decoding=\"async\" data-nimg=\"1\" src=\"http:\/\/cordobadirecto.com\/wp-content\/uploads\/2026\/09\/el-duro-comunicado-de-laferrere-tras-la-salida-de-su-entrenador-a-los-andes-2.jpg\"><\/picture>\n<p><span>Mir\u00e1 tambi\u00e9n<\/span><\/p>\n<hr>\n<h3>\u00bfQui\u00e9n es la joya del Ascenso que compra Racing?<\/h3>\n<\/p>\n<\/section>\n<\/div>\n<div id=\"element-body-15\" class=\"sc-a7166897-0 eTTZWU\" readability=\"31.5\">\n<section readability=\"3\"><picture><img alt=\"El impacto econ\u00f3mico de Joaqu\u00edn Freitas: \u00bfcu\u00e1nto recibe Acassuso por el pase del delantero a Flamengo?\" loading=\"lazy\" width=\"290\" height=\"290\" decoding=\"async\" data-nimg=\"1\" src=\"http:\/\/cordobadirecto.com\/wp-content\/uploads\/2026\/09\/el-duro-comunicado-de-laferrere-tras-la-salida-de-su-entrenador-a-los-andes-3.jpg\"><\/picture>\n<p><span>Mir\u00e1 tambi\u00e9n<\/span><\/p>\n<hr>\n<h3>El impacto econ\u00f3mico de Joaqu\u00edn Freitas: \u00bfcu\u00e1nto recibe Acassuso por el pase del delantero a Flamengo?<\/h3>\n<\/p>\n<\/section>\n<\/div>\n<div id=\"element-body-16\" class=\"sc-a7166897-0 eTTZWU\" readability=\"31\">\n<section readability=\"2\"><picture><img alt=\"San Miguel anunci\u00f3 la salida de su t\u00e9cnico y ya tiene al sucesor\" loading=\"lazy\" width=\"290\" height=\"290\" decoding=\"async\" data-nimg=\"1\" src=\"http:\/\/cordobadirecto.com\/wp-content\/uploads\/2026\/09\/el-duro-comunicado-de-laferrere-tras-la-salida-de-su-entrenador-a-los-andes-4.jpg\"><\/picture>\n<p><span>Mir\u00e1 tambi\u00e9n<\/span><\/p>\n<hr>\n<h3>San Miguel anunci\u00f3 la salida de su t\u00e9cnico y ya tiene al sucesor<\/h3>\n<\/p>\n<\/section>\n<\/div>\n<div id=\"element-body-17\" class=\"sc-a7166897-0 eTTZWU\" readability=\"31\">\n<section readability=\"2\"><picture><img alt=\"De Europa al Ascenso: el delantero de renombre que refuerza a Ferro\" loading=\"lazy\" width=\"290\" height=\"290\" decoding=\"async\" data-nimg=\"1\" src=\"http:\/\/cordobadirecto.com\/wp-content\/uploads\/2026\/09\/el-duro-comunicado-de-laferrere-tras-la-salida-de-su-entrenador-a-los-andes-5.jpg\"><\/picture>\n<p><span>Mir\u00e1 tambi\u00e9n<\/span><\/p>\n<hr>\n<h3>De Europa al Ascenso: el delantero de renombre que refuerza a Ferro<\/h3>\n<\/p>\n<\/section>\n<\/div>\n","protected":false},"excerpt":{"rendered":"<p>Ya nada sorprende en la materia &#8221; entrenadores de la Primera Nacional&#8220;. Los equipos coleccionan ciclos mes a mes y los t\u00e9cnicos se traspasan de club como si de jugadores se tratara. Sobrados son los casos donde un det\u00e9 es despedido y, semanas m\u00e1s tarde, es anunciado en otro cuadro de la misma categor\u00eda. Pero [&hellip;]<\/p>\n","protected":false},"author":1,"featured_media":206494,"comment_status":"closed","ping_status":"closed","sticky":false,"template":"","format":"standard","meta":[],"categories":[21],"tags":[],"_links":{"self":[{"href":"http:\/\/cordobadirecto.com\/index.php\/wp-json\/wp\/v2\/posts\/206493"}],"collection":[{"href":"http:\/\/cordobadirecto.com\/index.php\/wp-json\/wp\/v2\/posts"}],"about":[{"href":"http:\/\/cordobadirecto.com\/index.php\/wp-json\/wp\/v2\/types\/post"}],"author":[{"embeddable":true,"href":"http:\/\/cordobadirecto.com\/index.php\/wp-json\/wp\/v2\/users\/1"}],"replies":[{"embeddable":true,"href":"http:\/\/cordobadirecto.com\/index.php\/wp-json\/wp\/v2\/comments?post=206493"}],"version-history":[{"count":0,"href":"http:\/\/cordobadirecto.com\/index.php\/wp-json\/wp\/v2\/posts\/206493\/revisions"}],"wp:featuredmedia":[{"embeddable":true,"href":"http:\/\/cordobadirecto.com\/index.php\/wp-json\/wp\/v2\/media\/206494"}],"wp:attachment":[{"href":"http:\/\/cordobadirecto.com\/index.php\/wp-json\/wp\/v2\/media?parent=206493"}],"wp:term":[{"taxonomy":"category","embeddable":true,"href":"http:\/\/cordobadirecto.com\/index.php\/wp-json\/wp\/v2\/categories?post=206493"},{"taxonomy":"post_tag","embeddable":true,"href":"http:\/\/cordobadirecto.com\/index.php\/wp-json\/wp\/v2\/tags?post=206493"}],"curies":[{"name":"wp","href":"https:\/\/api.w.org\/{rel}","templated":true}]}}