{"id":206499,"date":"2026-09-03T19:57:21","date_gmt":"2026-09-03T19:57:21","guid":{"rendered":"https:\/\/cordoba.gob.ar\/?p=93898"},"modified":"2026-09-03T19:57:21","modified_gmt":"2026-09-03T19:57:21","slug":"senderismo-entre-aves-y-mariposas-en-la-reserva-natural-san-martin","status":"publish","type":"post","link":"http:\/\/cordobadirecto.com\/index.php\/2026\/09\/03\/senderismo-entre-aves-y-mariposas-en-la-reserva-natural-san-martin\/","title":{"rendered":"Senderismo entre aves y mariposas en la Reserva Natural San Mart\u00edn"},"content":{"rendered":"<div><img src=\"http:\/\/cordobadirecto.com\/wp-content\/uploads\/2026\/09\/senderismo-entre-aves-y-mariposas-en-la-reserva-natural-san-martin.jpg\" class=\"ff-og-image-inserted\"><\/div>\n<p data-prosemirror-content-type=\"node\" data-prosemirror-node-name=\"paragraph\" data-prosemirror-node-block=\"true\" data-pm-slice=\"1 1 []\">La Municipalidad de C\u00f3rdoba a trav\u00e9s la Subsecretar\u00eda de Turismo y el Ente BioC\u00f3rdoba, concretar\u00e1n en la Reserva Natural San Mart\u00edn una experiencia de senderismo cuya tem\u00e1tica ser\u00e1 \u201dAves y Mariposas\u201d.<\/p>\n<p data-prosemirror-content-type=\"node\" data-prosemirror-node-name=\"paragraph\" data-prosemirror-node-block=\"true\">Ser\u00e1 el s\u00e1bado 5 de septiembre, a las 10:00 horas, con entrada libre y gratuita. El recorrido iniciar\u00e1 a partir del port\u00f3n de Ingreso de la mencionada Reserva, detr\u00e1s del Complejo Feriar.<\/p>\n<p data-prosemirror-content-type=\"node\" data-prosemirror-node-name=\"paragraph\" data-prosemirror-node-block=\"true\">En el mes del Senderismo, la Municipalidad de C\u00f3rdoba realiza esta actividad impregnada de matices primaverales, a trav\u00e9s de la experiencia del bi\u00f3logo Walter Cejas, quien compartir\u00e1 sus conocimientos sobre las aves y las mariposas, invit\u00e1ndonos a observar la riqueza natural que ofrece este pulm\u00f3n verde a todos los que la visitan.<\/p>\n<p data-prosemirror-content-type=\"node\" data-prosemirror-node-name=\"paragraph\" data-prosemirror-node-block=\"true\">El profesional Cejas ejerce la docencia en distintas \u00e1reas de la Universidad Nacional C\u00f2rdoba y se desempe\u00f1a como investigador especializado en la conservaci\u00f3n de aves silvestres y la fotograf\u00eda de naturaleza.<\/p>\n<p data-prosemirror-content-type=\"node\" data-prosemirror-node-name=\"paragraph\" data-prosemirror-node-block=\"true\">\u201d<em data-prosemirror-content-type=\"mark\" data-prosemirror-mark-name=\"em\">En esta oportunidad se hace la inauguraci\u00f3n de la temporada de observaci\u00f3n de aves y mariposas, porque en este mes est\u00e1n llegando varias especies migratorias desde norte y sudam\u00e9rica as\u00ed que es una excelente ocasi\u00f3n para conocerlas, con el instrumental correspondiente para poder observar las aves m\u00e1s alejadas\u201d, expres\u00f3 Cejas.<\/em><\/p>\n<p data-prosemirror-content-type=\"node\" data-prosemirror-node-name=\"paragraph\" data-prosemirror-node-block=\"true\">\u201c<em data-prosemirror-content-type=\"mark\" data-prosemirror-mark-name=\"em\">C\u00f3rdoba integra la red de BIODIVER CIUDADES, esta red hermana distintas ciudades de Latinoam\u00e9rica y el Caribe para cuidar los ambientes urbanos, incluyendo las pol\u00edticas adecuadas para que esas ciudades sean cada vez m\u00e1s verdes. Esto atrae m\u00e1s seres vivos y por lo tanto hay una mayor diversidad \u201d<\/em><\/p>\n<p data-prosemirror-content-type=\"node\" data-prosemirror-node-name=\"paragraph\" data-prosemirror-node-block=\"true\">\u201c<em data-prosemirror-content-type=\"mark\" data-prosemirror-mark-name=\"em\">Lo que hacemos es senderismo de interpretaci\u00f3n natural, conversamos sobre el patrimonio natural fundamentalmente. No se trata de un trekking acelerado, es un senderismo con interpretaci\u00f3n ambiental\u201d, a\u00f1adi\u00f3 Cejas.<\/em><\/p>\n<p data-prosemirror-content-type=\"node\" data-prosemirror-node-name=\"paragraph\" data-prosemirror-node-block=\"true\">La Reserva Natural Urbana San Mart\u00edn abarca una superficie de 114 hect\u00e1reas y se encuentra enmarcada por el r\u00edo Suqu\u00eda y el Canal Maestro Sur. Su extensi\u00f3n permite recorrer distintos circuitos y senderos, entre ellos el Sendero Geol\u00f3gico, Bosque Nativo, Cha\u00f1ar Abuelo y Molino Hormaeche.<\/p>\n<p data-prosemirror-content-type=\"node\" data-prosemirror-node-name=\"paragraph\" data-prosemirror-node-block=\"true\">La actividad propone una oportunidad para conocer y valorar la biodiversidad de uno de los principales espacios naturales de la ciudad de C\u00f3rdoba.<\/p>\n","protected":false},"excerpt":{"rendered":"<p>La Municipalidad de C\u00f3rdoba a trav\u00e9s la Subsecretar\u00eda de Turismo y el Ente BioC\u00f3rdoba, concretar\u00e1n en la Reserva Natural San Mart\u00edn una experiencia de senderismo cuya tem\u00e1tica ser\u00e1 \u201dAves y Mariposas\u201d. Ser\u00e1 el s\u00e1bado 5 de septiembre, a las 10:00 horas, con entrada libre y gratuita. El recorrido iniciar\u00e1 a partir del port\u00f3n de Ingreso [&hellip;]<\/p>\n","protected":false},"author":1,"featured_media":206500,"comment_status":"closed","ping_status":"closed","sticky":false,"template":"","format":"standard","meta":[],"categories":[44],"tags":[],"_links":{"self":[{"href":"http:\/\/cordobadirecto.com\/index.php\/wp-json\/wp\/v2\/posts\/206499"}],"collection":[{"href":"http:\/\/cordobadirecto.com\/index.php\/wp-json\/wp\/v2\/posts"}],"about":[{"href":"http:\/\/cordobadirecto.com\/index.php\/wp-json\/wp\/v2\/types\/post"}],"author":[{"embeddable":true,"href":"http:\/\/cordobadirecto.com\/index.php\/wp-json\/wp\/v2\/users\/1"}],"replies":[{"embeddable":true,"href":"http:\/\/cordobadirecto.com\/index.php\/wp-json\/wp\/v2\/comments?post=206499"}],"version-history":[{"count":0,"href":"http:\/\/cordobadirecto.com\/index.php\/wp-json\/wp\/v2\/posts\/206499\/revisions"}],"wp:featuredmedia":[{"embeddable":true,"href":"http:\/\/cordobadirecto.com\/index.php\/wp-json\/wp\/v2\/media\/206500"}],"wp:attachment":[{"href":"http:\/\/cordobadirecto.com\/index.php\/wp-json\/wp\/v2\/media?parent=206499"}],"wp:term":[{"taxonomy":"category","embeddable":true,"href":"http:\/\/cordobadirecto.com\/index.php\/wp-json\/wp\/v2\/categories?post=206499"},{"taxonomy":"post_tag","embeddable":true,"href":"http:\/\/cordobadirecto.com\/index.php\/wp-json\/wp\/v2\/tags?post=206499"}],"curies":[{"name":"wp","href":"https:\/\/api.w.org\/{rel}","templated":true}]}}