{"id":206504,"date":"2026-09-03T15:14:50","date_gmt":"2026-09-03T15:14:50","guid":{"rendered":"http:\/\/cordobadirecto.com\/index.php\/2026\/09\/03\/quien-era-jonathan-honas-melendez-el-integrante-de-la-banda-mexicana-camilo-septimo-que-fue-asesinado-junto-a-su-pareja-e-hija-de-3-anos\/"},"modified":"2026-09-03T15:14:50","modified_gmt":"2026-09-03T15:14:50","slug":"quien-era-jonathan-honas-melendez-el-integrante-de-la-banda-mexicana-camilo-septimo-que-fue-asesinado-junto-a-su-pareja-e-hija-de-3-anos","status":"publish","type":"post","link":"http:\/\/cordobadirecto.com\/index.php\/2026\/09\/03\/quien-era-jonathan-honas-melendez-el-integrante-de-la-banda-mexicana-camilo-septimo-que-fue-asesinado-junto-a-su-pareja-e-hija-de-3-anos\/","title":{"rendered":"Qui\u00e9n era Jonathan &#8220;Honas&#8221; Mel\u00e9ndez, el integrante de la banda mexicana Camilo S\u00e9ptimo que fue asesinado junto a su pareja e hija de 3 a\u00f1os"},"content":{"rendered":"<div>El m\u00fasico, de 38 a\u00f1os, aseguraba que buscaba plasmar una energ\u00eda positiva y sanadora en sus composiciones para brindar consuelo a sus seguidores.<\/div>\n","protected":false},"excerpt":{"rendered":"<p>El m\u00fasico, de 38 a\u00f1os, aseguraba que buscaba plasmar una energ\u00eda positiva y sanadora en sus composiciones para brindar consuelo a sus seguidores.<\/p>\n","protected":false},"author":1,"featured_media":0,"comment_status":"closed","ping_status":"closed","sticky":false,"template":"","format":"standard","meta":[],"categories":[24],"tags":[],"_links":{"self":[{"href":"http:\/\/cordobadirecto.com\/index.php\/wp-json\/wp\/v2\/posts\/206504"}],"collection":[{"href":"http:\/\/cordobadirecto.com\/index.php\/wp-json\/wp\/v2\/posts"}],"about":[{"href":"http:\/\/cordobadirecto.com\/index.php\/wp-json\/wp\/v2\/types\/post"}],"author":[{"embeddable":true,"href":"http:\/\/cordobadirecto.com\/index.php\/wp-json\/wp\/v2\/users\/1"}],"replies":[{"embeddable":true,"href":"http:\/\/cordobadirecto.com\/index.php\/wp-json\/wp\/v2\/comments?post=206504"}],"version-history":[{"count":0,"href":"http:\/\/cordobadirecto.com\/index.php\/wp-json\/wp\/v2\/posts\/206504\/revisions"}],"wp:attachment":[{"href":"http:\/\/cordobadirecto.com\/index.php\/wp-json\/wp\/v2\/media?parent=206504"}],"wp:term":[{"taxonomy":"category","embeddable":true,"href":"http:\/\/cordobadirecto.com\/index.php\/wp-json\/wp\/v2\/categories?post=206504"},{"taxonomy":"post_tag","embeddable":true,"href":"http:\/\/cordobadirecto.com\/index.php\/wp-json\/wp\/v2\/tags?post=206504"}],"curies":[{"name":"wp","href":"https:\/\/api.w.org\/{rel}","templated":true}]}}